{"id":351216,"date":"2025-04-01T00:00:21","date_gmt":"2025-04-01T03:00:21","guid":{"rendered":"https:\/\/www.notibras.com\/site\/?p=351216"},"modified":"2025-04-01T07:23:50","modified_gmt":"2025-04-01T10:23:50","slug":"distribuidora-de-bebidas-fecha-mais-cedo-para-reduzir-criminalidade","status":"publish","type":"post","link":"https:\/\/www.notibras.com\/site\/distribuidora-de-bebidas-fecha-mais-cedo-para-reduzir-criminalidade\/","title":{"rendered":"Distribuidora de bebidas fecha mais cedo para reduzir criminalidade"},"content":{"rendered":"<p>Como estrat\u00e9gia para reduzir os \u00edndices criminais, minimizar desordens f\u00edsicas e sociais e garantir maior sensa\u00e7\u00e3o de seguran\u00e7a \u00e0 popula\u00e7\u00e3o, o Governo do Distrito Federal (GDF), por meio da Secretaria de Seguran\u00e7a P\u00fablica (SSP-DF) e da Secretaria de Governo (Segov), publicou no Di\u00e1rio Oficial do Distrito Federal (DODF) desta segunda-feira (31) um novo hor\u00e1rio de funcionamento para distribuidoras de bebidas.<\/p>\n<p>A portaria conjunta restringe o hor\u00e1rio de funcionamento desses estabelecimentos em todo o Distrito Federal. O documento estabelece que, a partir da publica\u00e7\u00e3o, esses locais poder\u00e3o operar apenas entre 6h e 0h, em todas as regi\u00f5es administrativas, independentemente de estarem situados em \u00e1reas comerciais, mistas ou residenciais.<\/p>\n<p>A iniciativa, de car\u00e1ter preventivo, tem como objetivo reduzir conflitos interpessoais e pr\u00e1ticas criminosas. \u201c\u00c9 uma a\u00e7\u00e3o que dialoga diretamente com as demandas da popula\u00e7\u00e3o e com as din\u00e2micas que mapeamos em nossos estudos. A restri\u00e7\u00e3o \u00e9 estrat\u00e9gica e necess\u00e1ria para conter o crescimento de crimes associados a esses espa\u00e7os\u201d, explica o secret\u00e1rio de Seguran\u00e7a P\u00fablica Sandro Avelar.<\/p>\n<p>Segundo Avelar, regulamentar o hor\u00e1rio em todo o DF evita a migra\u00e7\u00e3o dos crimes e das desordens: \u201cN\u00e3o adiantaria limitar o hor\u00e1rio apenas em algumas regi\u00f5es, mesmo naquelas em que n\u00e3o temos um crescimento t\u00e3o vertiginoso. Mas isso evita que haja deslocamento dos crimes de uma regi\u00e3o para outra\u201d, ressalta.<\/p>\n<p>\u201cA conviv\u00eancia urbana \u00e9 fundamental e a ordem p\u00fablica tamb\u00e9m. Por isto adotamos essa medida, ajudando a preservar vidas e sem impedir o direito do cidad\u00e3o de se abastecer na hora que ele necessita. \u00c9 preciso ter limites, isso \u00e9 uma tend\u00eancia mundial, que a gente estabele\u00e7a padr\u00f5es de funcionamento e hor\u00e1rio para que algumas atividades sejam exercidas nas cidades. Ent\u00e3o, \u00e9 uma parceria entre a Secretaria de Governo e a Secretaria de Seguran\u00e7a P\u00fablica com o objetivo de ajudar na redu\u00e7\u00e3o da criminalidade e manter a ordem p\u00fablica em pleno funcionamento, preservando o direito do cidad\u00e3o\u201d, afirma o secret\u00e1rio de Governo, Jos\u00e9 Humberto Pires de Ara\u00fajo.<\/p>\n<p><strong>Casos de homic\u00eddios<\/strong><br \/>\nDe acordo com levantamento da SSP-DF \u2013 feito pela Subsecretaria de Gest\u00e3o da Informa\u00e7\u00e3o (SGI), que monitora e qualifica os casos de homic\u00eddio no DF \u2013, os \u00edndices de viol\u00eancia relacionados a bares e distribuidoras t\u00eam crescido. O estudo aponta que, em 2024, cerca de 20% dos homic\u00eddios tentados ou consumados ocorreram dentro ou nas imedia\u00e7\u00f5es desses estabelecimentos, sendo grande parte deles motivada por conflitos interpessoais, como brigas e desentendimentos iniciados nesses ambientes.<\/p>\n<p>Nos primeiros dois meses de 2025, o percentual de homic\u00eddios tentados e consumados em bares e distribuidoras j\u00e1 chega a 24%. Al\u00e9m disso, estudos em andamento indicam que esses locais tamb\u00e9m s\u00e3o pontos frequentes de outras modalidades criminais, como vias de fato, les\u00f5es corporais, viol\u00eancia contra a mulher e tr\u00e1fico de drogas.<\/p>\n<p><strong>Desordens<\/strong><br \/>\nO estudo da SSP-DF tamb\u00e9m revela que bares e distribuidoras se tornaram focos de desordens f\u00edsicas e sociais, impactando negativamente a qualidade de vida da popula\u00e7\u00e3o. Som alto durante a madrugada, estacionamento irregular que gera congestionamentos e sujeira nas imedia\u00e7\u00f5es est\u00e3o entre os problemas mais relatados pelos moradores. Al\u00e9m disso, a aglomera\u00e7\u00e3o de pessoas, muitas vezes sob efeito de \u00e1lcool, aumenta o risco de viol\u00eancia e crimes na regi\u00e3o.<\/p>\n<p>A portaria reflete a necessidade e a oportunidade de regulamenta\u00e7\u00e3o, alinhando-se \u00e0s constantes demandas das comunidades. As desordens e delitos ocorridos nesses locais s\u00e3o temas recorrentes nas reuni\u00f5es dos Conselhos de Seguran\u00e7a Comunit\u00e1ria (Consegs), que ocorrem mensalmente nas regi\u00f5es administrativas.<\/p>\n<p><strong>Fiscaliza\u00e7\u00e3o<\/strong><br \/>\nDe forma preventiva, a portaria conjunta visa reduzir a criminalidade nesses locais e proporcionar mais seguran\u00e7a para a popula\u00e7\u00e3o, comerciantes e frequentadores. A fiscaliza\u00e7\u00e3o ser\u00e1 refor\u00e7ada pelas administra\u00e7\u00f5es regionais e pelos \u00f3rg\u00e3os de seguran\u00e7a p\u00fablica, que atuar\u00e3o de maneira integrada para assegurar o cumprimento da medida.<\/p>\n<p>A medida se apoia na Pol\u00edtica Distrital de Seguran\u00e7a P\u00fablica, por meio do programa Seguran\u00e7a Integral, que tem entre seus objetivos o fortalecimento das a\u00e7\u00f5es preventivas e a redu\u00e7\u00e3o da criminalidade. Com uma abordagem estrat\u00e9gica e integrada, o GDF busca criar um ambiente urbano mais seguro e ordenado, alinhando fiscaliza\u00e7\u00e3o e preven\u00e7\u00e3o para melhorar a qualidade de vida da popula\u00e7\u00e3o.<\/p>\n","protected":false},"excerpt":{"rendered":"<p>Como estrat\u00e9gia para reduzir os \u00edndices criminais, minimizar desordens f\u00edsicas e sociais e garantir maior sensa\u00e7\u00e3o de seguran\u00e7a \u00e0 popula\u00e7\u00e3o, o Governo do Distrito Federal (GDF), por meio da Secretaria de Seguran\u00e7a P\u00fablica (SSP-DF) e da Secretaria de Governo (Segov), publicou no Di\u00e1rio Oficial do Distrito Federal (DODF) desta segunda-feira (31) um novo hor\u00e1rio de [&hellip;]<\/p>\n","protected":false},"author":2,"featured_media":351217,"comment_status":"closed","ping_status":"closed","sticky":false,"template":"","format":"standard","meta":{"_acf_changed":false,"footnotes":""},"categories":[161],"tags":[],"class_list":["post-351216","post","type-post","status-publish","format-standard","has-post-thumbnail","hentry","category-quadradinho-em-foco"],"acf":[],"_links":{"self":[{"href":"https:\/\/www.notibras.com\/site\/wp-json\/wp\/v2\/posts\/351216","targetHints":{"allow":["GET"]}}],"collection":[{"href":"https:\/\/www.notibras.com\/site\/wp-json\/wp\/v2\/posts"}],"about":[{"href":"https:\/\/www.notibras.com\/site\/wp-json\/wp\/v2\/types\/post"}],"author":[{"embeddable":true,"href":"https:\/\/www.notibras.com\/site\/wp-json\/wp\/v2\/users\/2"}],"replies":[{"embeddable":true,"href":"https:\/\/www.notibras.com\/site\/wp-json\/wp\/v2\/comments?post=351216"}],"version-history":[{"count":1,"href":"https:\/\/www.notibras.com\/site\/wp-json\/wp\/v2\/posts\/351216\/revisions"}],"predecessor-version":[{"id":351218,"href":"https:\/\/www.notibras.com\/site\/wp-json\/wp\/v2\/posts\/351216\/revisions\/351218"}],"wp:featuredmedia":[{"embeddable":true,"href":"https:\/\/www.notibras.com\/site\/wp-json\/wp\/v2\/media\/351217"}],"wp:attachment":[{"href":"https:\/\/www.notibras.com\/site\/wp-json\/wp\/v2\/media?parent=351216"}],"wp:term":[{"taxonomy":"category","embeddable":true,"href":"https:\/\/www.notibras.com\/site\/wp-json\/wp\/v2\/categories?post=351216"},{"taxonomy":"post_tag","embeddable":true,"href":"https:\/\/www.notibras.com\/site\/wp-json\/wp\/v2\/tags?post=351216"}],"curies":[{"name":"wp","href":"https:\/\/api.w.org\/{rel}","templated":true}]}}