{"id":351219,"date":"2025-04-01T00:31:35","date_gmt":"2025-04-01T03:31:35","guid":{"rendered":"https:\/\/www.notibras.com\/site\/?p=351219"},"modified":"2025-04-01T07:35:08","modified_gmt":"2025-04-01T10:35:08","slug":"trofeu-reconhece-importancia-do-trabalho-de-artesaos","status":"publish","type":"post","link":"https:\/\/www.notibras.com\/site\/trofeu-reconhece-importancia-do-trabalho-de-artesaos\/","title":{"rendered":"Trof\u00e9u reconhece import\u00e2ncia do trabalho de artes\u00e3os"},"content":{"rendered":"<p>Para valorizar o trabalho das artes\u00e3s e artes\u00e3os da cidade, o Governo do Distrito Federal (GDF), por meio da Vice-Governadoria, promoveu a primeira edi\u00e7\u00e3o do Trof\u00e9u M\u00e9rito Artes\u00e3s e Artes\u00e3os do DF. Foram 462 profissionais que tiveram seus trabalhos reconhecidos pela import\u00e2ncia que t\u00eam para a cultura, a tradi\u00e7\u00e3o e a gera\u00e7\u00e3o de renda no DF. A solenidade de premia\u00e7\u00e3o foi realizada no audit\u00f3rio do Museu da Rep\u00fablica, nesta segunda-feira (31). O pr\u00eamio, que conta com apoio das secretarias de Cultura e Economia Criativa (Secec-DF), de Turismo (Setur-DF) e de Atendimento \u00e0 Comunidade (Seac), d\u00e1 in\u00edcio \u00e0s celebra\u00e7\u00f5es do anivers\u00e1rio de 65 anos de Bras\u00edlia. A capital federal tem cerca de 15 mil artes\u00e3os cadastrados.<\/p>\n<p>O artesanato entrou na vida de Ant\u00f4nia Lopes de Oliveira, de 91 anos, moradora do Gama, quando ela ainda era crian\u00e7a, com apenas quatro anos. Uma das grandes homenageadas desta edi\u00e7\u00e3o, ela conta que aos 12 anos, com a perda da m\u00e3e, passou a criar os 13 irm\u00e3os mais novos \u2013 o que foi poss\u00edvel fazer tran\u00e7ando palha e a transformando em diversos objetos que garantiu o sustento da fam\u00edlia, assim como foi com os filhos dela. Com todas as dificuldades que teve que enfrentar, Ant\u00f4nia encontra motivos para sorrir e continuar a produzir flores e objetos que cria com palha de canela-de-ema e capim.<\/p>\n<p>\u201cRecebo esse pr\u00eamio com muito amor. Chegar aqui n\u00e3o foi f\u00e1cil e constru\u00ed tudo com amor, porque s\u00f3 amor constr\u00f3i\u201d, conta a mestra, que, ao passar o conhecimento, sempre ensina seus aprendizes a cuidar e respeitar a natureza.<\/p>\n<p>\u201cA hist\u00f3ria do artesanato se mistura \u00e0 hist\u00f3ria da cidade\u201d, afirma a vice-governadora Celina Le\u00e3o. \u201cAquilo que voc\u00eas criam faz parte da hist\u00f3ria do DF e o pr\u00eamio \u00e9 uma homenagem aos talentos da nossa cidade que se destacam pela criatividade e dedica\u00e7\u00e3o. Esses profissionais ajudam a construir e a preservar a identidade da nossa cidade, al\u00e9m de movimentarem a economia local, fortalecendo as comunidades onde vivem por meio da gera\u00e7\u00e3o de emprego e renda\u201d, afirma Celina, ao ressaltar a import\u00e2ncia do of\u00edcio para \u201cmilhares de m\u00e3es que sustentam filhos gra\u00e7as ao artesanato.\u201d<\/p>\n<p>O artes\u00e3o Ant\u00f4nio Randall, de 66 anos, conta que \u00e9 um pioneiro no artesanato do DF. Morador de Vicente Pires e com ateli\u00ea em Samambaia, ele faz trabalhos com madeira \u2013 faz quest\u00e3o de frisar que tudo \u00e9 feito sem derrubar uma \u00e1rvore sequer, com foco em lumin\u00e1rias e abajures. \u201cTrabalho de modo sustent\u00e1vel e tenho muitos adeptos no DF. Comecei aos 18 anos quando vi uma aroeira queimando em um inc\u00eandio\u201d, conta. Sobre o pr\u00eamio, ele ficou muito satisfeito com a homenagem, pois \u201cprecisava desse reconhecimento\u201d dentro do DF.<\/p>\n<p><strong>De Bras\u00edlia para o mundo<\/strong><br \/>\nIdalete Silva, a Dad\u00e1, come\u00e7ou a trabalhar com a lend\u00e1ria artes\u00e3 Maria do Barro ainda na d\u00e9cada de 1990. Desde 2006, desenvolve trabalhos com argila que v\u00e3o para todo o pa\u00eds. As pe\u00e7as, conta, j\u00e1 foram adquiridas por famosos, como a cantora Anitta, e contam com renomados profissionais para a produ\u00e7\u00e3o, como o design do arquiteto Gabriel Fernandes, baseado em S\u00e3o Paulo. O Instituto Maria do Barro tamb\u00e9m d\u00e1 aulas gratuitas para a comunidade, na sede em Planaltina.<\/p>\n<p>\u201cEsse pr\u00eamio \u00e9 uma conquista das mulheres que acreditaram que um dia a gente poderia chegar ao patamar a que chegamos. Agradecemos ao GDF, ao governador Ibaneis e \u00e0 vice-governadora Celina Le\u00e3o por reconhecerem o trabalho que n\u00f3s fazemos aqui. Isso nos ajuda a fortalecer mais ainda o nosso trabalho\u201d, afirma.<\/p>\n<p>O secret\u00e1rio de Cultura e Economia Criativa, Claudio Abrantes, destaca o cuidado deste GDF com a tradi\u00e7\u00e3o, a transmiss\u00e3o de conhecimento e a transforma\u00e7\u00e3o que promove na vida das pessoas: \u201cAl\u00e9m de gerar emprego e renda, o trabalho dessas pessoas coloca Bras\u00edlia como a capital da cultura e do turismo, setores que promovem uma grande cadeia produtiva\u201d.<\/p>\n<p>O secret\u00e1rio de Turismo, Cristiano Ara\u00fajo, completa que a premia\u00e7\u00e3o \u201c\u00e9 uma das iniciativas deste GDF para promover o turismo e a cultura no DF\u201d. Como exemplo do trabalho realizado para elevar o artesanato da cidade, ele cita a \u201cparticipa\u00e7\u00e3o em feiras em cidades como Recife e Fortaleza para que esses profissionais possam mostrar o trabalho deles\u201d.<\/p>\n<p><strong>Reforma<\/strong><br \/>\nDesde dezembro, o GDF atua na elabora\u00e7\u00e3o do projeto de reforma da Feira de Artesanato da Torre de TV, por meio de um grupo de trabalho composto por representantes das secretarias de Governo (Segov-DF) e de Desenvolvimento Urbano e Habita\u00e7\u00e3o (Seduh-DF) e da Administra\u00e7\u00e3o Regional do Plano Piloto.<\/p>\n<p>A modelagem para a reforma vai considerar aspectos estruturais, est\u00e9ticos e funcionais para garantir que a feira continue a ser um espa\u00e7o de comercializa\u00e7\u00e3o de artesanato e cultura, al\u00e9m de um ponto de encontro acolhedor e atraente para os frequentadores.<\/p>\n","protected":false},"excerpt":{"rendered":"<p>Para valorizar o trabalho das artes\u00e3s e artes\u00e3os da cidade, o Governo do Distrito Federal (GDF), por meio da Vice-Governadoria, promoveu a primeira edi\u00e7\u00e3o do Trof\u00e9u M\u00e9rito Artes\u00e3s e Artes\u00e3os do DF. Foram 462 profissionais que tiveram seus trabalhos reconhecidos pela import\u00e2ncia que t\u00eam para a cultura, a tradi\u00e7\u00e3o e a gera\u00e7\u00e3o de renda no [&hellip;]<\/p>\n","protected":false},"author":2,"featured_media":351220,"comment_status":"closed","ping_status":"closed","sticky":false,"template":"","format":"standard","meta":{"_acf_changed":false,"footnotes":""},"categories":[161],"tags":[],"class_list":["post-351219","post","type-post","status-publish","format-standard","has-post-thumbnail","hentry","category-quadradinho-em-foco"],"acf":[],"_links":{"self":[{"href":"https:\/\/www.notibras.com\/site\/wp-json\/wp\/v2\/posts\/351219","targetHints":{"allow":["GET"]}}],"collection":[{"href":"https:\/\/www.notibras.com\/site\/wp-json\/wp\/v2\/posts"}],"about":[{"href":"https:\/\/www.notibras.com\/site\/wp-json\/wp\/v2\/types\/post"}],"author":[{"embeddable":true,"href":"https:\/\/www.notibras.com\/site\/wp-json\/wp\/v2\/users\/2"}],"replies":[{"embeddable":true,"href":"https:\/\/www.notibras.com\/site\/wp-json\/wp\/v2\/comments?post=351219"}],"version-history":[{"count":1,"href":"https:\/\/www.notibras.com\/site\/wp-json\/wp\/v2\/posts\/351219\/revisions"}],"predecessor-version":[{"id":351221,"href":"https:\/\/www.notibras.com\/site\/wp-json\/wp\/v2\/posts\/351219\/revisions\/351221"}],"wp:featuredmedia":[{"embeddable":true,"href":"https:\/\/www.notibras.com\/site\/wp-json\/wp\/v2\/media\/351220"}],"wp:attachment":[{"href":"https:\/\/www.notibras.com\/site\/wp-json\/wp\/v2\/media?parent=351219"}],"wp:term":[{"taxonomy":"category","embeddable":true,"href":"https:\/\/www.notibras.com\/site\/wp-json\/wp\/v2\/categories?post=351219"},{"taxonomy":"post_tag","embeddable":true,"href":"https:\/\/www.notibras.com\/site\/wp-json\/wp\/v2\/tags?post=351219"}],"curies":[{"name":"wp","href":"https:\/\/api.w.org\/{rel}","templated":true}]}}