{"id":351222,"date":"2025-04-01T00:05:32","date_gmt":"2025-04-01T03:05:32","guid":{"rendered":"https:\/\/www.notibras.com\/site\/?p=351222"},"modified":"2025-04-01T07:42:01","modified_gmt":"2025-04-01T10:42:01","slug":"festa-da-goiaba-comeca-na-sexta-feira-em-brazlandia","status":"publish","type":"post","link":"https:\/\/www.notibras.com\/site\/festa-da-goiaba-comeca-na-sexta-feira-em-brazlandia\/","title":{"rendered":"Festa da Goiaba come\u00e7a na sexta-feira em Brazl\u00e2ndia"},"content":{"rendered":"<p>A capital federal se prepara para receber a 10\u00aa edi\u00e7\u00e3o da Feira da Goiaba, um dos eventos mais aguardados do calend\u00e1rio local, que promove cultura, gastronomia e fortalecimento da agricultura familiar. O evento, que ocorre entre os dias 4 e 13 de abril, oferece ao p\u00fablico uma experi\u00eancia completa, com 36 estandes no Emp\u00f3rio da Goiaba, onde \u00e9 poss\u00edvel adquirir a fruta in natura e seus derivados, como doces, sucos, cremes e geleias. Al\u00e9m disso, o espa\u00e7o conta com o galp\u00e3o do artesanato e a Florabraz, que re\u00fane 30 estandes dedicados \u00e0 venda de flores, plantas ornamentais e servi\u00e7os de paisagismo.<\/p>\n<p>A Empresa de Assist\u00eancia T\u00e9cnica e Extens\u00e3o Rural do Distrito Federal (Emater-DF) estar\u00e1 presente apoiando os produtores participantes e tamb\u00e9m o p\u00fablico geral, com um estande institucional localizado dentro do Emp\u00f3rio da Goiaba. No local, produtores e visitantes poder\u00e3o tirar d\u00favidas sobre o cultivo e a produ\u00e7\u00e3o da fruta, contando com um plant\u00e3o t\u00e9cnico especializado. No s\u00e1bado (5), das 10h \u00e0s 12h, ter\u00e1 a 5\u00aa edi\u00e7\u00e3o do Concurso de Receitas com Goiaba, com preparos que posteriormente ser\u00e3o comercializados nos estandes dos produtores participantes da feira. Os pratos ser\u00e3o avaliados por estudantes e profissionais de gastronomia, e os tr\u00eas primeiros colocados receber\u00e3o premia\u00e7\u00f5es.<\/p>\n<p>Em 2024, a produ\u00e7\u00e3o de goiaba no DF alcan\u00e7ou 7.060 toneladas, em uma \u00e1rea de 434 hectares, dos quais 35 est\u00e3o em forma\u00e7\u00e3o. Brazl\u00e2ndia e Alexandre de Gusm\u00e3o concentram mais de 90% do cultivo. Atualmente, 176 produtores cadastrados na Emater-DF cultivam a fruta, que \u00e9 uma das mais produzidas na capital.<\/p>\n<p>Segundo o gerente da Emater-DF em Brazl\u00e2ndia, Claudinei Machado, al\u00e9m de celebrar a safra da fruta, o evento contribui para o aumento da renda dos produtores, impulsionando o consumo de goiaba e seus derivados: \u201cPara os consumidores, a feira \u00e9 uma oportunidade de adquirir produtos frescos diretamente dos produtores e conhecer as variedades da fruta, como Pedro Sato, Suprema, Cortibel, Paluma e Sassaoka\u201d.<\/p>\n<p>Para a administradora regional de Brazl\u00e2ndia, Luciana Lima, o evento tem grande import\u00e2ncia econ\u00f4mica para a cidade: \u201c\u00c9 uma atividade que ajuda n\u00e3o somente a divulgar e escoar a produ\u00e7\u00e3o local, como tamb\u00e9m gera uma movimenta\u00e7\u00e3o financeira, aproxima produtores e consumidores, mostrando as riquezas de Brazl\u00e2ndia\u201d.<\/p>\n<p>A Feira da Goiaba n\u00e3o \u00e9 apenas um espa\u00e7o para compras, mas tamb\u00e9m um palco de cultura e entretenimento. Durante todos os dias do evento, o p\u00fablico poder\u00e1 desfrutar de uma programa\u00e7\u00e3o cultural diversificada, com shows art\u00edsticos regionais e nacionais. Al\u00e9m do Emp\u00f3rio da Goiaba, a feira conta com fazendinha e parque de divers\u00f5es para as fam\u00edlias, Sal\u00e3o do Artesanato e o sal\u00e3o de flores Florabraz.<\/p>\n<p><strong>Encontro t\u00e9cnico para produtores rurais<\/strong><br \/>\nAntes mesmo da abertura oficial da feira, a Emater-DF promoveu um encontro t\u00e9cnico voltado para produtores rurais, no dia 21 de mar\u00e7o. O evento, realizado em uma propriedade rural assistida pela empresa, abordou temas como o uso de caldas alternativas no controle de pragas e a import\u00e2ncia da tecnologia de aplica\u00e7\u00e3o com pulverizadores adaptados.<\/p>\n<p>A cerim\u00f4nia de abertura oficial da Feira da Goiaba ser\u00e1 no dia 4 de abril, a partir das 19 horas. O Emp\u00f3rio da Goiaba e a Florabraz funcionar\u00e3o das 18h \u00e0s 22h nos dias 4 e 11 de abril (sextas-feiras), e das 10h \u00e0s 22h nos dias 5, 6, 12 e 13 de abril (s\u00e1bados e domingos).<\/p>\n<p>Na feira, os visitantes poder\u00e3o encontrar a fruta in natura e seus derivados, como doces, sucos, cremes e geleias<\/p>\n<p>O evento \u00e9 realizado pela Associa\u00e7\u00e3o Rural e Cultural Alexandre Gusm\u00e3o e pelo Instituto Alvorada, com apoio da Emater-DF, Pol\u00edcia Militar do Distrito Federal, Administra\u00e7\u00e3o Regional de Brazl\u00e2ndia e All Rede Telecom, al\u00e9m do fomento da Secretaria de Turismo.<\/p>\n","protected":false},"excerpt":{"rendered":"<p>A capital federal se prepara para receber a 10\u00aa edi\u00e7\u00e3o da Feira da Goiaba, um dos eventos mais aguardados do calend\u00e1rio local, que promove cultura, gastronomia e fortalecimento da agricultura familiar. O evento, que ocorre entre os dias 4 e 13 de abril, oferece ao p\u00fablico uma experi\u00eancia completa, com 36 estandes no Emp\u00f3rio da [&hellip;]<\/p>\n","protected":false},"author":2,"featured_media":351223,"comment_status":"closed","ping_status":"closed","sticky":false,"template":"","format":"standard","meta":{"_acf_changed":false,"footnotes":""},"categories":[161],"tags":[],"class_list":["post-351222","post","type-post","status-publish","format-standard","has-post-thumbnail","hentry","category-quadradinho-em-foco"],"acf":[],"_links":{"self":[{"href":"https:\/\/www.notibras.com\/site\/wp-json\/wp\/v2\/posts\/351222","targetHints":{"allow":["GET"]}}],"collection":[{"href":"https:\/\/www.notibras.com\/site\/wp-json\/wp\/v2\/posts"}],"about":[{"href":"https:\/\/www.notibras.com\/site\/wp-json\/wp\/v2\/types\/post"}],"author":[{"embeddable":true,"href":"https:\/\/www.notibras.com\/site\/wp-json\/wp\/v2\/users\/2"}],"replies":[{"embeddable":true,"href":"https:\/\/www.notibras.com\/site\/wp-json\/wp\/v2\/comments?post=351222"}],"version-history":[{"count":1,"href":"https:\/\/www.notibras.com\/site\/wp-json\/wp\/v2\/posts\/351222\/revisions"}],"predecessor-version":[{"id":351224,"href":"https:\/\/www.notibras.com\/site\/wp-json\/wp\/v2\/posts\/351222\/revisions\/351224"}],"wp:featuredmedia":[{"embeddable":true,"href":"https:\/\/www.notibras.com\/site\/wp-json\/wp\/v2\/media\/351223"}],"wp:attachment":[{"href":"https:\/\/www.notibras.com\/site\/wp-json\/wp\/v2\/media?parent=351222"}],"wp:term":[{"taxonomy":"category","embeddable":true,"href":"https:\/\/www.notibras.com\/site\/wp-json\/wp\/v2\/categories?post=351222"},{"taxonomy":"post_tag","embeddable":true,"href":"https:\/\/www.notibras.com\/site\/wp-json\/wp\/v2\/tags?post=351222"}],"curies":[{"name":"wp","href":"https:\/\/api.w.org\/{rel}","templated":true}]}}