{"id":351245,"date":"2025-04-01T08:36:13","date_gmt":"2025-04-01T11:36:13","guid":{"rendered":"https:\/\/www.notibras.com\/site\/?p=351245"},"modified":"2025-04-01T08:36:13","modified_gmt":"2025-04-01T11:36:13","slug":"povo-religioso-por-natureza-nordestino-prepara-festa-para-a-semana-santa","status":"publish","type":"post","link":"https:\/\/www.notibras.com\/site\/povo-religioso-por-natureza-nordestino-prepara-festa-para-a-semana-santa\/","title":{"rendered":"Povo religioso por natureza, nordestino prepara festa para a Semana Santa"},"content":{"rendered":"<p>No Nordeste brasileiro, a f\u00e9 n\u00e3o \u00e9 apenas uma express\u00e3o religiosa; \u00e9 uma heran\u00e7a cultural que molda o cotidiano e as tradi\u00e7\u00f5es do povo. E quando se aproxima a Semana Santa, esse sentimento se fortalece ainda mais. As cidades se transformam em palcos de devo\u00e7\u00e3o, onde a religiosidade popular se mistura com a arte, a gastronomia e a mem\u00f3ria afetiva das fam\u00edlias.<\/p>\n<p>As ruas ganham cores e s\u00edmbolos sagrados, encena\u00e7\u00f5es da Paix\u00e3o de Cristo s\u00e3o organizadas com dedica\u00e7\u00e3o e os moradores se re\u00fanem para relembrar os \u00faltimos dias de Jesus. O espet\u00e1culo de Nova Jerusal\u00e9m, em Pernambuco, atrai multid\u00f5es, mas em cada canto do Nordeste h\u00e1 uma vers\u00e3o pr\u00f3pria dessa representa\u00e7\u00e3o, feita com emo\u00e7\u00e3o genu\u00edna por atores locais, muitos deles motivados por promessas ou gratid\u00e3o.<\/p>\n<p>Na cozinha, o card\u00e1pio muda. A carne vermelha d\u00e1 lugar ao peixe, ao feij\u00e3o de coco e ao arroz de leite. As mesas se enchem de pratos t\u00edpicos como a pa\u00e7oca de pil\u00e3o e a peixada, enquanto as av\u00f3s ensinam aos mais jovens os segredos das receitas que atravessam gera\u00e7\u00f5es. Na sexta-feira da Paix\u00e3o, o sil\u00eancio e a reflex\u00e3o dominam os lares, preparando o esp\u00edrito para a alegria da P\u00e1scoa.<\/p>\n<p>Entre missas, prociss\u00f5es e momentos de ora\u00e7\u00e3o, a Semana Santa no Nordeste \u00e9 um reflexo da identidade de um povo que, mesmo diante das adversidades, encontra for\u00e7a na f\u00e9 e na tradi\u00e7\u00e3o. Cada gesto, cada ritual, \u00e9 uma demonstra\u00e7\u00e3o de um amor que se renova a cada ano, mantendo viva uma cultura que transcende o tempo.<\/p>\n","protected":false},"excerpt":{"rendered":"<p>No Nordeste brasileiro, a f\u00e9 n\u00e3o \u00e9 apenas uma express\u00e3o religiosa; \u00e9 uma heran\u00e7a cultural que molda o cotidiano e as tradi\u00e7\u00f5es do povo. E quando se aproxima a Semana Santa, esse sentimento se fortalece ainda mais. As cidades se transformam em palcos de devo\u00e7\u00e3o, onde a religiosidade popular se mistura com a arte, a [&hellip;]<\/p>\n","protected":false},"author":2,"featured_media":351246,"comment_status":"closed","ping_status":"closed","sticky":false,"template":"","format":"standard","meta":{"_acf_changed":false,"footnotes":""},"categories":[165],"tags":[],"class_list":["post-351245","post","type-post","status-publish","format-standard","has-post-thumbnail","hentry","category-nordeste"],"acf":[],"_links":{"self":[{"href":"https:\/\/www.notibras.com\/site\/wp-json\/wp\/v2\/posts\/351245","targetHints":{"allow":["GET"]}}],"collection":[{"href":"https:\/\/www.notibras.com\/site\/wp-json\/wp\/v2\/posts"}],"about":[{"href":"https:\/\/www.notibras.com\/site\/wp-json\/wp\/v2\/types\/post"}],"author":[{"embeddable":true,"href":"https:\/\/www.notibras.com\/site\/wp-json\/wp\/v2\/users\/2"}],"replies":[{"embeddable":true,"href":"https:\/\/www.notibras.com\/site\/wp-json\/wp\/v2\/comments?post=351245"}],"version-history":[{"count":1,"href":"https:\/\/www.notibras.com\/site\/wp-json\/wp\/v2\/posts\/351245\/revisions"}],"predecessor-version":[{"id":351247,"href":"https:\/\/www.notibras.com\/site\/wp-json\/wp\/v2\/posts\/351245\/revisions\/351247"}],"wp:featuredmedia":[{"embeddable":true,"href":"https:\/\/www.notibras.com\/site\/wp-json\/wp\/v2\/media\/351246"}],"wp:attachment":[{"href":"https:\/\/www.notibras.com\/site\/wp-json\/wp\/v2\/media?parent=351245"}],"wp:term":[{"taxonomy":"category","embeddable":true,"href":"https:\/\/www.notibras.com\/site\/wp-json\/wp\/v2\/categories?post=351245"},{"taxonomy":"post_tag","embeddable":true,"href":"https:\/\/www.notibras.com\/site\/wp-json\/wp\/v2\/tags?post=351245"}],"curies":[{"name":"wp","href":"https:\/\/api.w.org\/{rel}","templated":true}]}}