{"id":351251,"date":"2025-04-01T06:46:10","date_gmt":"2025-04-01T09:46:10","guid":{"rendered":"https:\/\/www.notibras.com\/site\/?p=351251"},"modified":"2025-04-01T08:50:41","modified_gmt":"2025-04-01T11:50:41","slug":"novos-voos-da-america-do-norte-e-europa-incrementam-turismo","status":"publish","type":"post","link":"https:\/\/www.notibras.com\/site\/novos-voos-da-america-do-norte-e-europa-incrementam-turismo\/","title":{"rendered":"Novos voos da Am\u00e9rica do Norte e Europa incrementam turismo"},"content":{"rendered":"<p>O turismo no Nordeste brasileiro receber\u00e1 um impulso significativo com a inaugura\u00e7\u00e3o de novos voos diretos vindos da Am\u00e9rica do Norte e Europa. As novas rotas, anunciadas por companhias a\u00e9reas nacionais e internacionais, facilitar\u00e3o a chegada de turistas estrangeiros mas tamb\u00e9m ampliar\u00e3o as op\u00e7\u00f5es para os brasileiros que desejam viajar ao exterior.<\/p>\n<p>Os estados de Pernambuco, Cear\u00e1 e Bahia ser\u00e3o os principais beneficiados com a expans\u00e3o da malha a\u00e9rea. Aeroportos de cidades como Recife, Fortaleza e Salvador contar\u00e3o com conex\u00f5es diretas para metr\u00f3poles como Nova York, Miami, Lisboa e Madrid. Al\u00e9m de fomentar o turismo, essas novas opera\u00e7\u00f5es prometem impulsionar a economia local, gerando empregos e incentivando o setor de servi\u00e7os.<\/p>\n<p>Segundo especialistas do setor, a oferta de mais voos diretos deve resultar no aumento do fluxo de visitantes, especialmente durante a alta temporada. Com mais op\u00e7\u00f5es de voos, a expectativa \u00e9 de que o Nordeste brasileiro se consolide ainda mais como um dos principais destinos tur\u00edsticos do pa\u00eds.<\/p>\n<p>Autoridades estaduais e municipais est\u00e3o otimistas com o impacto positivo da amplia\u00e7\u00e3o da conectividade a\u00e9rea. Al\u00e9m do aumento no n\u00famero de turistas, espera-se tamb\u00e9m maior movimenta\u00e7\u00e3o no com\u00e9rcio, na rede hoteleira e no setor gastron\u00f4mico.<\/p>\n<p>As novas rotas come\u00e7ar\u00e3o a operar nos pr\u00f3ximos meses, e as vendas de passagens j\u00e1 est\u00e3o dispon\u00edveis. Companhias a\u00e9reas e ag\u00eancias de turismo apostam em pacotes promocionais para atrair ainda mais passageiros, refor\u00e7ando o potencial de crescimento do turismo na regi\u00e3o.<\/p>\n","protected":false},"excerpt":{"rendered":"<p>O turismo no Nordeste brasileiro receber\u00e1 um impulso significativo com a inaugura\u00e7\u00e3o de novos voos diretos vindos da Am\u00e9rica do Norte e Europa. As novas rotas, anunciadas por companhias a\u00e9reas nacionais e internacionais, facilitar\u00e3o a chegada de turistas estrangeiros mas tamb\u00e9m ampliar\u00e3o as op\u00e7\u00f5es para os brasileiros que desejam viajar ao exterior. Os estados de [&hellip;]<\/p>\n","protected":false},"author":2,"featured_media":288507,"comment_status":"closed","ping_status":"closed","sticky":false,"template":"","format":"standard","meta":{"_acf_changed":false,"footnotes":""},"categories":[165],"tags":[],"class_list":["post-351251","post","type-post","status-publish","format-standard","has-post-thumbnail","hentry","category-nordeste"],"acf":[],"_links":{"self":[{"href":"https:\/\/www.notibras.com\/site\/wp-json\/wp\/v2\/posts\/351251","targetHints":{"allow":["GET"]}}],"collection":[{"href":"https:\/\/www.notibras.com\/site\/wp-json\/wp\/v2\/posts"}],"about":[{"href":"https:\/\/www.notibras.com\/site\/wp-json\/wp\/v2\/types\/post"}],"author":[{"embeddable":true,"href":"https:\/\/www.notibras.com\/site\/wp-json\/wp\/v2\/users\/2"}],"replies":[{"embeddable":true,"href":"https:\/\/www.notibras.com\/site\/wp-json\/wp\/v2\/comments?post=351251"}],"version-history":[{"count":1,"href":"https:\/\/www.notibras.com\/site\/wp-json\/wp\/v2\/posts\/351251\/revisions"}],"predecessor-version":[{"id":351252,"href":"https:\/\/www.notibras.com\/site\/wp-json\/wp\/v2\/posts\/351251\/revisions\/351252"}],"wp:featuredmedia":[{"embeddable":true,"href":"https:\/\/www.notibras.com\/site\/wp-json\/wp\/v2\/media\/288507"}],"wp:attachment":[{"href":"https:\/\/www.notibras.com\/site\/wp-json\/wp\/v2\/media?parent=351251"}],"wp:term":[{"taxonomy":"category","embeddable":true,"href":"https:\/\/www.notibras.com\/site\/wp-json\/wp\/v2\/categories?post=351251"},{"taxonomy":"post_tag","embeddable":true,"href":"https:\/\/www.notibras.com\/site\/wp-json\/wp\/v2\/tags?post=351251"}],"curies":[{"name":"wp","href":"https:\/\/api.w.org\/{rel}","templated":true}]}}