{"id":351283,"date":"2025-04-02T09:00:14","date_gmt":"2025-04-02T12:00:14","guid":{"rendered":"https:\/\/www.notibras.com\/site\/?p=351283"},"modified":"2025-04-02T09:00:14","modified_gmt":"2025-04-02T12:00:14","slug":"fe-sem-fronteiras-une-nordestino-em-jesus-cristo","status":"publish","type":"post","link":"https:\/\/www.notibras.com\/site\/fe-sem-fronteiras-une-nordestino-em-jesus-cristo\/","title":{"rendered":"F\u00e9 sem fronteiras une nordestino em Jesus Cristo"},"content":{"rendered":"<p>No sert\u00e3o do Nordeste, a f\u00e9 tem muitas cores, sons e sabores. Durante a Semana Santa, o sagrado e o profano se entrela\u00e7am como num cordel bem rimado, contando a hist\u00f3ria de um povo que fez do sincretismo religioso uma forma de resist\u00eancia e identidade. A mistura de cren\u00e7as n\u00e3o \u00e9 motivo de conflito, mas sim de enriquecimento, criando uma espiritualidade vibrante que se manifesta nos rituais, nas can\u00e7\u00f5es e nas celebra\u00e7\u00f5es.<\/p>\n<p>Na quinta-feira, os fi\u00e9is cat\u00f3licos encenam a Paix\u00e3o de Cristo nas pra\u00e7as, enquanto as m\u00e3es de santo preparam suas oferendas nos terreiros. No mesmo bairro, h\u00e1 quem reze o ter\u00e7o e quem toque atabaques para chamar os orix\u00e1s.<\/p>\n<p>No sil\u00eancio respeitoso das igrejas, o cheiro da cera queima como incenso, e nos terreiros, as velas acesas iluminam os pedidos de b\u00ean\u00e7\u00e3o e prote\u00e7\u00e3o. Alguns devotos percorrem longas dist\u00e2ncias em romarias, carregando cruzes e promessas, enquanto outros dan\u00e7am sob o toque dos tambores, saudando for\u00e7as ancestrais que tamb\u00e9m protegem e guiam.<\/p>\n<p>Na sexta-feira da Paix\u00e3o, o jejum \u00e9 sagrado para muitos, mas tamb\u00e9m \u00e9 dia de preparar o peixe na panela de barro, servido com pir\u00e3o e devo\u00e7\u00e3o. A f\u00e9 est\u00e1 na reza e no prato, no ritual e na partilha. Entre prociss\u00f5es e rodas de capoeira, a Semana Santa no Nordeste \u00e9 um espet\u00e1culo de contrastes e harmonias, onde cada cren\u00e7a encontra seu espa\u00e7o sem precisar apagar a do outro.<\/p>\n<p>As ruas se enchem de dramatiza\u00e7\u00f5es e promessas pagas com p\u00e9s descal\u00e7os, ao mesmo tempo em que, nos terreiros, os tambores marcam rituais de sauda\u00e7\u00e3o aos esp\u00edritos e entidades protetoras. O divino se manifesta de muitas formas, e todas elas encontram eco no cora\u00e7\u00e3o dos fi\u00e9is.<\/p>\n<p>E no domingo de P\u00e1scoa, quando o Cristo ressuscita, h\u00e1 festa nos altares e nos terreiros, porque, no fundo, todos celebram a mesma esperan\u00e7a: a renova\u00e7\u00e3o da vida, a for\u00e7a do sagrado e a beleza de uma f\u00e9 que n\u00e3o se divide, apenas se transforma.<\/p>\n<p>Em meio \u00e0s b\u00ean\u00e7\u00e3os, h\u00e1 sorrisos e abra\u00e7os trocados, pois, seja no altar da igreja ou na roda de jongo, o que importa \u00e9 a conex\u00e3o com o divino e com a comunidade. No Nordeste, a f\u00e9 n\u00e3o tem fronteiras: ela se molda, se mistura e floresce, como um mandacaru que resiste \u00e0 seca, sempre pronto para florescer no tempo certo.<\/p>\n","protected":false},"excerpt":{"rendered":"<p>No sert\u00e3o do Nordeste, a f\u00e9 tem muitas cores, sons e sabores. Durante a Semana Santa, o sagrado e o profano se entrela\u00e7am como num cordel bem rimado, contando a hist\u00f3ria de um povo que fez do sincretismo religioso uma forma de resist\u00eancia e identidade. A mistura de cren\u00e7as n\u00e3o \u00e9 motivo de conflito, mas [&hellip;]<\/p>\n","protected":false},"author":2,"featured_media":351284,"comment_status":"closed","ping_status":"closed","sticky":false,"template":"","format":"standard","meta":{"_acf_changed":false,"footnotes":""},"categories":[165],"tags":[],"class_list":["post-351283","post","type-post","status-publish","format-standard","has-post-thumbnail","hentry","category-nordeste"],"acf":[],"_links":{"self":[{"href":"https:\/\/www.notibras.com\/site\/wp-json\/wp\/v2\/posts\/351283","targetHints":{"allow":["GET"]}}],"collection":[{"href":"https:\/\/www.notibras.com\/site\/wp-json\/wp\/v2\/posts"}],"about":[{"href":"https:\/\/www.notibras.com\/site\/wp-json\/wp\/v2\/types\/post"}],"author":[{"embeddable":true,"href":"https:\/\/www.notibras.com\/site\/wp-json\/wp\/v2\/users\/2"}],"replies":[{"embeddable":true,"href":"https:\/\/www.notibras.com\/site\/wp-json\/wp\/v2\/comments?post=351283"}],"version-history":[{"count":1,"href":"https:\/\/www.notibras.com\/site\/wp-json\/wp\/v2\/posts\/351283\/revisions"}],"predecessor-version":[{"id":351285,"href":"https:\/\/www.notibras.com\/site\/wp-json\/wp\/v2\/posts\/351283\/revisions\/351285"}],"wp:featuredmedia":[{"embeddable":true,"href":"https:\/\/www.notibras.com\/site\/wp-json\/wp\/v2\/media\/351284"}],"wp:attachment":[{"href":"https:\/\/www.notibras.com\/site\/wp-json\/wp\/v2\/media?parent=351283"}],"wp:term":[{"taxonomy":"category","embeddable":true,"href":"https:\/\/www.notibras.com\/site\/wp-json\/wp\/v2\/categories?post=351283"},{"taxonomy":"post_tag","embeddable":true,"href":"https:\/\/www.notibras.com\/site\/wp-json\/wp\/v2\/tags?post=351283"}],"curies":[{"name":"wp","href":"https:\/\/api.w.org\/{rel}","templated":true}]}}