{"id":351379,"date":"2025-04-04T00:49:50","date_gmt":"2025-04-04T03:49:50","guid":{"rendered":"https:\/\/www.notibras.com\/site\/?p=351379"},"modified":"2025-04-04T06:51:22","modified_gmt":"2025-04-04T09:51:22","slug":"maracatu-nacao-pode-se-tornar-patrimonio-cultural-da-humanidade","status":"publish","type":"post","link":"https:\/\/www.notibras.com\/site\/maracatu-nacao-pode-se-tornar-patrimonio-cultural-da-humanidade\/","title":{"rendered":"Maracatu Na\u00e7\u00e3o pode se tornar patrim\u00f4nio cultural da humanidade"},"content":{"rendered":"<p>O Maracatu Na\u00e7\u00e3o pode se tornar o oitavo bem cultural do Brasil inscrito na Lista Representativa do Patrim\u00f4nio Cultural Imaterial da Humanidade da Organiza\u00e7\u00e3o das Na\u00e7\u00f5es Unidas para a Educa\u00e7\u00e3o, a Ci\u00eancia e a Cultural (Unesco).<\/p>\n<p>Os Minist\u00e9rios da Cultura e das Rela\u00e7\u00f5es Exteriores entregaram\u00a0 o dossi\u00ea oficializando a candidatura do maracatu na\u00e7\u00e3o, tamb\u00e9m conhecido como Maracatu do Baque Virado, para a titula\u00e7\u00e3o ao Comit\u00ea Intergovernamental da Conven\u00e7\u00e3o para a Salvaguarda do Patrim\u00f4nio Cultural Imaterial da Unesco, que deve apreciar o pleito at\u00e9 o fim do pr\u00f3ximo ano.<\/p>\n<p>Pesquisadores do Instituto do Patrim\u00f4nio Hist\u00f3rico e Art\u00edstico Nacional (Iphan) e da Funda\u00e7\u00e3o do Patrim\u00f4nio Hist\u00f3rico e Art\u00edstico de Pernambuco, mestres detentores da forma de express\u00e3o cultural e outros representantes ligados \u00e0 Associa\u00e7\u00e3o dos Maracatus Na\u00e7\u00e3o de Pernambuco e \u00e0 Associa\u00e7\u00e3o dos Maracatus de Olinda trabalharam na elabora\u00e7\u00e3o do documento desde 2021.<\/p>\n<p>Entre os crit\u00e9rios para entrar na Lista Representativa do Patrim\u00f4nio Cultural Imaterial da Humanidade da Unesco, est\u00e3o os de ser um bem registrado como patrim\u00f4nio imaterial pelo Iphan, ter um plano de salvaguarda elaborado e garantir o envolvimento dos detentores do bem cultural no processo.<\/p>\n<p>Reconhecido como patrim\u00f4nio cultural do Brasil em dezembro de 2014, o Maracatu Na\u00e7\u00e3o \u00e9 uma manifesta\u00e7\u00e3o art\u00edstica da cultura popular e carnavalesca da regi\u00e3o metropolitana do Recife, em que um cortejo real desfila pelas ruas, acompanhado de um conjunto musical percussivo. Composto majoritariamente por negros, os maracatus na\u00e7\u00e3o podem ser remontados \u00e0s antigas coroa\u00e7\u00f5es de reis e rainhas do antigo Congo africano.<\/p>\n<p>Os sete bens culturais brasileiros inscritos na Lista Representativa do Patrim\u00f4nio Cultural Imaterial da Humanidade da Unesco s\u00e3o o samba de roda do Rec\u00f4ncavo Baiano; as express\u00f5es orais e gr\u00e1ficas dos Wajapis; o frevo; o C\u00edrio de Nazar\u00e9; a roda de capoeira; o Complexo Cultural do Bumba Meu Boi do Maranh\u00e3o e o modo de preparar o queijo minas artesanal.<\/p>\n","protected":false},"excerpt":{"rendered":"<p>O Maracatu Na\u00e7\u00e3o pode se tornar o oitavo bem cultural do Brasil inscrito na Lista Representativa do Patrim\u00f4nio Cultural Imaterial da Humanidade da Organiza\u00e7\u00e3o das Na\u00e7\u00f5es Unidas para a Educa\u00e7\u00e3o, a Ci\u00eancia e a Cultural (Unesco). Os Minist\u00e9rios da Cultura e das Rela\u00e7\u00f5es Exteriores entregaram\u00a0 o dossi\u00ea oficializando a candidatura do maracatu na\u00e7\u00e3o, tamb\u00e9m conhecido [&hellip;]<\/p>\n","protected":false},"author":2,"featured_media":351380,"comment_status":"closed","ping_status":"closed","sticky":false,"template":"","format":"standard","meta":{"_acf_changed":false,"footnotes":""},"categories":[165],"tags":[],"class_list":["post-351379","post","type-post","status-publish","format-standard","has-post-thumbnail","hentry","category-nordeste"],"acf":[],"_links":{"self":[{"href":"https:\/\/www.notibras.com\/site\/wp-json\/wp\/v2\/posts\/351379","targetHints":{"allow":["GET"]}}],"collection":[{"href":"https:\/\/www.notibras.com\/site\/wp-json\/wp\/v2\/posts"}],"about":[{"href":"https:\/\/www.notibras.com\/site\/wp-json\/wp\/v2\/types\/post"}],"author":[{"embeddable":true,"href":"https:\/\/www.notibras.com\/site\/wp-json\/wp\/v2\/users\/2"}],"replies":[{"embeddable":true,"href":"https:\/\/www.notibras.com\/site\/wp-json\/wp\/v2\/comments?post=351379"}],"version-history":[{"count":1,"href":"https:\/\/www.notibras.com\/site\/wp-json\/wp\/v2\/posts\/351379\/revisions"}],"predecessor-version":[{"id":351381,"href":"https:\/\/www.notibras.com\/site\/wp-json\/wp\/v2\/posts\/351379\/revisions\/351381"}],"wp:featuredmedia":[{"embeddable":true,"href":"https:\/\/www.notibras.com\/site\/wp-json\/wp\/v2\/media\/351380"}],"wp:attachment":[{"href":"https:\/\/www.notibras.com\/site\/wp-json\/wp\/v2\/media?parent=351379"}],"wp:term":[{"taxonomy":"category","embeddable":true,"href":"https:\/\/www.notibras.com\/site\/wp-json\/wp\/v2\/categories?post=351379"},{"taxonomy":"post_tag","embeddable":true,"href":"https:\/\/www.notibras.com\/site\/wp-json\/wp\/v2\/tags?post=351379"}],"curies":[{"name":"wp","href":"https:\/\/api.w.org\/{rel}","templated":true}]}}