{"id":351382,"date":"2025-04-04T06:58:36","date_gmt":"2025-04-04T09:58:36","guid":{"rendered":"https:\/\/www.notibras.com\/site\/?p=351382"},"modified":"2025-04-04T06:58:36","modified_gmt":"2025-04-04T09:58:36","slug":"como-o-turismo-se-prepara-para-a-baixa-temporada","status":"publish","type":"post","link":"https:\/\/www.notibras.com\/site\/como-o-turismo-se-prepara-para-a-baixa-temporada\/","title":{"rendered":"Como o turismo se prepara para a baixa temporada"},"content":{"rendered":"<p>Com a proximidade do per\u00edodo chuvoso no litoral nordestino, o setor tur\u00edstico se mobiliza para enfrentar a baixa temporada. Enquanto os meses de alta esta\u00e7\u00e3o, como dezembro e janeiro, garantem grande fluxo de turistas, o outono e o inverno trazem desafios para empres\u00e1rios e trabalhadores do ramo.<\/p>\n<p>Hot\u00e9is, pousadas e restaurantes j\u00e1 adotam medidas para equilibrar as finan\u00e7as durante os meses de menor movimento. Descontos em hospedagem, pacotes promocionais e eventos locais s\u00e3o algumas das estrat\u00e9gias utilizadas para atrair turistas mesmo com o clima menos favor\u00e1vel.<\/p>\n<p>A oferta de turismo gastron\u00f4mico e cultural tamb\u00e9m ganha for\u00e7a nesse per\u00edodo. \u201cMuitos turistas v\u00eam para conhecer a culin\u00e1ria t\u00edpica e a hist\u00f3ria da regi\u00e3o, independentemente do tempo. Apostamos nisso para manter nosso p\u00fablico\u201d, afirma Jo\u00e3o Silva, gerente de uma pousada em Porto de Galinhas.<\/p>\n<p><strong>Impactos no com\u00e9rcio<\/strong><br \/>\nAs chuvas reduzem o n\u00famero de banhistas nas praias, mas beneficiam setores como o de artesanato e passeios em locais fechados, como museus e igrejas hist\u00f3ricas. \u201cA gente sente uma queda nas vendas, mas ainda h\u00e1 quem compre lembran\u00e7as e produtos locais\u201d, conta Maria do Carmo, artes\u00e3 em Natal.<\/p>\n<p>Para evitar impactos dr\u00e1sticos, muitos empres\u00e1rios fazem uma reserva financeira durante os meses mais lucrativos. \u201cSabemos que o movimento cai, ent\u00e3o guardamos uma parte dos ganhos para cobrir despesas na baixa temporada\u201d, explica Pedro Almeida, dono de um restaurante em Macei\u00f3.<\/p>\n<p>Mas logo vem o segundo semestre. E tamb\u00e9m pensando nisso, o setor j\u00e1 se prepara para o retorno do turismo intenso, principalmente com feriados e festividades regionais que ajudam a impulsionar a economia.<\/p>\n<p>Apesar dos desafios impostos pelas chuvas, o turismo nordestino continua buscando solu\u00e7\u00f5es para manter sua relev\u00e2ncia e garantir a sustentabilidade econ\u00f4mica ao longo do ano.<\/p>\n","protected":false},"excerpt":{"rendered":"<p>Com a proximidade do per\u00edodo chuvoso no litoral nordestino, o setor tur\u00edstico se mobiliza para enfrentar a baixa temporada. Enquanto os meses de alta esta\u00e7\u00e3o, como dezembro e janeiro, garantem grande fluxo de turistas, o outono e o inverno trazem desafios para empres\u00e1rios e trabalhadores do ramo. Hot\u00e9is, pousadas e restaurantes j\u00e1 adotam medidas para [&hellip;]<\/p>\n","protected":false},"author":2,"featured_media":351383,"comment_status":"closed","ping_status":"closed","sticky":false,"template":"","format":"standard","meta":{"_acf_changed":false,"footnotes":""},"categories":[165],"tags":[],"class_list":["post-351382","post","type-post","status-publish","format-standard","has-post-thumbnail","hentry","category-nordeste"],"acf":[],"_links":{"self":[{"href":"https:\/\/www.notibras.com\/site\/wp-json\/wp\/v2\/posts\/351382","targetHints":{"allow":["GET"]}}],"collection":[{"href":"https:\/\/www.notibras.com\/site\/wp-json\/wp\/v2\/posts"}],"about":[{"href":"https:\/\/www.notibras.com\/site\/wp-json\/wp\/v2\/types\/post"}],"author":[{"embeddable":true,"href":"https:\/\/www.notibras.com\/site\/wp-json\/wp\/v2\/users\/2"}],"replies":[{"embeddable":true,"href":"https:\/\/www.notibras.com\/site\/wp-json\/wp\/v2\/comments?post=351382"}],"version-history":[{"count":1,"href":"https:\/\/www.notibras.com\/site\/wp-json\/wp\/v2\/posts\/351382\/revisions"}],"predecessor-version":[{"id":351384,"href":"https:\/\/www.notibras.com\/site\/wp-json\/wp\/v2\/posts\/351382\/revisions\/351384"}],"wp:featuredmedia":[{"embeddable":true,"href":"https:\/\/www.notibras.com\/site\/wp-json\/wp\/v2\/media\/351383"}],"wp:attachment":[{"href":"https:\/\/www.notibras.com\/site\/wp-json\/wp\/v2\/media?parent=351382"}],"wp:term":[{"taxonomy":"category","embeddable":true,"href":"https:\/\/www.notibras.com\/site\/wp-json\/wp\/v2\/categories?post=351382"},{"taxonomy":"post_tag","embeddable":true,"href":"https:\/\/www.notibras.com\/site\/wp-json\/wp\/v2\/tags?post=351382"}],"curies":[{"name":"wp","href":"https:\/\/api.w.org\/{rel}","templated":true}]}}