{"id":351388,"date":"2025-04-04T00:00:53","date_gmt":"2025-04-04T03:00:53","guid":{"rendered":"https:\/\/www.notibras.com\/site\/?p=351388"},"modified":"2025-04-04T07:11:25","modified_gmt":"2025-04-04T10:11:25","slug":"morre-em-salvador-wanda-chase-apos-aneurisma","status":"publish","type":"post","link":"https:\/\/www.notibras.com\/site\/morre-em-salvador-wanda-chase-apos-aneurisma\/","title":{"rendered":"Morre em Salvador Wanda Chase, ap\u00f3s aneurisma"},"content":{"rendered":"<p>A jornalista Wanda Chase, que morreu na quarta-feira,3, ao passar por uma cirurgia de aneurisma da aorta no Hospital Tereza de Lisieux, em Salvadorser\u00e1 sepultada nesta sexta, 4. Segundo a fam\u00edlia, ela anunciou que estava com problemas de sa\u00fade h\u00e1 cerca de um m\u00eas, ap\u00f3s uma virose. A jornalista foi diagnosticada com uma infec\u00e7\u00e3o urin\u00e1ria depois com uma infec\u00e7\u00e3o intestinal.<\/p>\n<p>A fam\u00edlia informou o falecimento por meio de nota e disse que a jornalista foi uma mulher pioneira e inspiradora na luta pela igualdade racial e pela representatividade na m\u00eddia.<\/p>\n<p>\u201cSua partida deixa um vazio irrepar\u00e1vel, mas seu legado de luta, perseveran\u00e7a e paix\u00e3o pela vida e pela justi\u00e7a social continuar\u00e1 a inspirar gera\u00e7\u00f5es futuras. Para n\u00f3s, seus familiares, Wanda \u00e9 refer\u00eancia de alegria, determina\u00e7\u00e3o, sensatez, honestidade e compet\u00eancia. Na vida a Wanda amou tudo que fez e nosso amor por ela \u00e9 para sempre\u201d, diz a nota.<\/p>\n<p>Nascida no Amazonas, Wanda Chase construiu sua carreira no jornalismo, passando pelo Jornal A Cr\u00edtica, Rede Manchete, TV Cabo Branco, Rede Globo Nordeste e, por \u00faltimo, a convite, por 27 anos na TV Bahia. Wanda atuou como rep\u00f3rter, editora, colunista e apresentadora, al\u00e9m de ter sido militante do movimento negro, lutando por mais visibilidade e inclus\u00e3o para as comunidades afrodescendentes.<\/p>\n<p>\u201cMesmo ap\u00f3s sua aposentadoria, Wanda continuou ativa, escrevendo sua coluna \u201cOpra\u00ed Wanda Chase\u201d no Portal IBahia e trabalhando em projetos como um podcast Bastidores com Wanda Chase e um livro sobre a ax\u00e9 music\u201d, afirma a nota de pesar.<\/p>\n<p>O vel\u00f3rio ser\u00e1 nesta sexta-feira (4) a partir das 13h no Cemit\u00e9rio do Campo Santo, sala 03 &#8211; no bairro da Federa\u00e7\u00e3o, em Salvador.<\/p>\n<p><strong>Homenagem<\/strong><br \/>\nEm nota, a Secretaria de Cultura da Bahia lamentou a morte de Wanda e disse que a jornalista teve a trajet\u00f3ria marcada pela luta em defesa da igualdade racial e da representatividade na m\u00eddia. &#8220;Sua atua\u00e7\u00e3o em importantes ve\u00edculos de comunica\u00e7\u00e3o a consolidou como uma das mais importantes jornalistas da Bahia.&#8221;<\/p>\n<p>A pasta ainda ressalta que a jornalista seria homenageada com o t\u00edtulo de Cidad\u00e3 Baiana em mar\u00e7o, mas devido \u00e0 hospitaliza\u00e7\u00e3o, n\u00e3o foi poss\u00edvel.<\/p>\n<p>A ministra da Cultura, Margareth Menezes, postou uma foto em homenagem \u00e0 jornalista. &#8220;Sua partida deixa uma lacuna no jornalismo e na luta por igualdade racial e justi\u00e7a social&#8221;, disse.<\/p>\n<p>O m\u00fasico Carlinhos Brown agradeceu Wanda pelo trabalho como comunicadora. &#8220;Seu poder de comunica\u00e7\u00e3o era t\u00e3o forte que, quando ela chegava na TV, at\u00e9 as comidas ganhavam cheiro atrav\u00e9s das telas. As roupas, a dan\u00e7a, o olhar, o canto africano. E seus resqu\u00edcios ganhavam profundidade atrav\u00e9s da sua pot\u00eancia comunicadora e da sua oralidade&#8221;.<\/p>\n<p>A cantora Daniela Mercury tamb\u00e9m fez refer\u00eancia \u00e0 jornalista nas redes sociais. &#8220;Nossa Rainha Amazonense dos blocos Afro que contribuiu tanto para o jornalismo e a cultura da Bahia, V\u00e1 em paz. V\u00e1 com todas as prote\u00e7\u00f5es e todo o ax\u00e9&#8221;.<\/p>\n","protected":false},"excerpt":{"rendered":"<p>A jornalista Wanda Chase, que morreu na quarta-feira,3, ao passar por uma cirurgia de aneurisma da aorta no Hospital Tereza de Lisieux, em Salvadorser\u00e1 sepultada nesta sexta, 4. Segundo a fam\u00edlia, ela anunciou que estava com problemas de sa\u00fade h\u00e1 cerca de um m\u00eas, ap\u00f3s uma virose. A jornalista foi diagnosticada com uma infec\u00e7\u00e3o urin\u00e1ria [&hellip;]<\/p>\n","protected":false},"author":2,"featured_media":351389,"comment_status":"closed","ping_status":"closed","sticky":false,"template":"","format":"standard","meta":{"_acf_changed":false,"footnotes":""},"categories":[165],"tags":[],"class_list":["post-351388","post","type-post","status-publish","format-standard","has-post-thumbnail","hentry","category-nordeste"],"acf":[],"_links":{"self":[{"href":"https:\/\/www.notibras.com\/site\/wp-json\/wp\/v2\/posts\/351388","targetHints":{"allow":["GET"]}}],"collection":[{"href":"https:\/\/www.notibras.com\/site\/wp-json\/wp\/v2\/posts"}],"about":[{"href":"https:\/\/www.notibras.com\/site\/wp-json\/wp\/v2\/types\/post"}],"author":[{"embeddable":true,"href":"https:\/\/www.notibras.com\/site\/wp-json\/wp\/v2\/users\/2"}],"replies":[{"embeddable":true,"href":"https:\/\/www.notibras.com\/site\/wp-json\/wp\/v2\/comments?post=351388"}],"version-history":[{"count":1,"href":"https:\/\/www.notibras.com\/site\/wp-json\/wp\/v2\/posts\/351388\/revisions"}],"predecessor-version":[{"id":351390,"href":"https:\/\/www.notibras.com\/site\/wp-json\/wp\/v2\/posts\/351388\/revisions\/351390"}],"wp:featuredmedia":[{"embeddable":true,"href":"https:\/\/www.notibras.com\/site\/wp-json\/wp\/v2\/media\/351389"}],"wp:attachment":[{"href":"https:\/\/www.notibras.com\/site\/wp-json\/wp\/v2\/media?parent=351388"}],"wp:term":[{"taxonomy":"category","embeddable":true,"href":"https:\/\/www.notibras.com\/site\/wp-json\/wp\/v2\/categories?post=351388"},{"taxonomy":"post_tag","embeddable":true,"href":"https:\/\/www.notibras.com\/site\/wp-json\/wp\/v2\/tags?post=351388"}],"curies":[{"name":"wp","href":"https:\/\/api.w.org\/{rel}","templated":true}]}}