{"id":351391,"date":"2025-04-04T00:01:20","date_gmt":"2025-04-04T03:01:20","guid":{"rendered":"https:\/\/www.notibras.com\/site\/?p=351391"},"modified":"2025-04-04T07:16:07","modified_gmt":"2025-04-04T10:16:07","slug":"mulheres-vitimas-de-violencia-terao-reconstrucao-dentaria","status":"publish","type":"post","link":"https:\/\/www.notibras.com\/site\/mulheres-vitimas-de-violencia-terao-reconstrucao-dentaria\/","title":{"rendered":"Mulheres v\u00edtimas de viol\u00eancia ter\u00e3o reconstru\u00e7\u00e3o dent\u00e1ria"},"content":{"rendered":"<p>O presidente Luiz In\u00e1cio Lula da Silva sancionou a lei que garante, no \u00e2mbito do Sistema \u00danico de Sa\u00fade (SUS), tratamento odontol\u00f3gico para reconstru\u00e7\u00e3o e repara\u00e7\u00e3o dent\u00e1ria de mulheres v\u00edtimas de agress\u00f5es que tenham causado danos \u00e0 sua sa\u00fade bucal. O texto foi publicado nesta quinta-feira (3) no Di\u00e1rio Oficial da Uni\u00e3o.<\/p>\n<p>Est\u00e3o inclu\u00eddos procedimentos de:<\/p>\n<p><strong>Reconstru\u00e7\u00e3o<\/strong><br \/>\n<strong>Pr\u00f3teses<\/strong><br \/>\n<strong>Tratamentos est\u00e9ticos e ortod\u00f4nticos, entre outros servi\u00e7os.<\/strong><\/p>\n<p>O atendimento odontol\u00f3gico previsto na Lei n\u00ba 15.116\/2025 ser\u00e1 garantido, prioritariamente, em cl\u00ednicas e hospitais p\u00fablicos ou conveniados ao SUS.<\/p>\n<p>Para acesso ao Programa de Reconstru\u00e7\u00e3o Dent\u00e1ria para Mulheres V\u00edtimas de Viol\u00eancia Dom\u00e9stica, a mulher dever\u00e1 apresentar documentos que comprovem a situa\u00e7\u00e3o de viol\u00eancia. Os crit\u00e9rios de acesso ao programa ainda ser\u00e3o definidos em regulamenta\u00e7\u00e3o pelo governo federal.<\/p>\n<p>A lei tamb\u00e9m permite parcerias com institui\u00e7\u00f5es de ensino e pesquisa, sempre que necess\u00e1rio, para aprimorar os servi\u00e7os oferecidos.<\/p>\n<p>O programa, segundo o governo, al\u00e9m de proporcionar atendimento priorit\u00e1rio e gratuito para a recupera\u00e7\u00e3o da sa\u00fade bucal, tem o objetivo de \u201cdevolver o m\u00ednimo de dignidade \u00e0s v\u00edtimas\u201d. O texto foi aprovado no in\u00edcio de mar\u00e7o pelo Congresso Nacional.<\/p>\n<p>\u201cEstudos indicam que em mais de 60% dos casos de agress\u00e3o contra a mulher no \u00e2mbito dom\u00e9stico, a face \u00e9 o principal alvo. As sequelas deixadas no rosto, e sobretudo na boca, causam impactos que ultrapassam os danos f\u00edsicos. Os efeitos dessas agress\u00f5es encontram reflexos no campo emocional da v\u00edtima, atingindo sua autoestima e minando a confian\u00e7a necess\u00e1ria para a reestrutura\u00e7\u00e3o social e profissional\u201d, explicou o governo, em comunicado.<\/p>\n","protected":false},"excerpt":{"rendered":"<p>O presidente Luiz In\u00e1cio Lula da Silva sancionou a lei que garante, no \u00e2mbito do Sistema \u00danico de Sa\u00fade (SUS), tratamento odontol\u00f3gico para reconstru\u00e7\u00e3o e repara\u00e7\u00e3o dent\u00e1ria de mulheres v\u00edtimas de agress\u00f5es que tenham causado danos \u00e0 sua sa\u00fade bucal. O texto foi publicado nesta quinta-feira (3) no Di\u00e1rio Oficial da Uni\u00e3o. Est\u00e3o inclu\u00eddos procedimentos [&hellip;]<\/p>\n","protected":false},"author":2,"featured_media":351392,"comment_status":"closed","ping_status":"closed","sticky":false,"template":"","format":"standard","meta":{"_acf_changed":false,"footnotes":""},"categories":[165],"tags":[],"class_list":["post-351391","post","type-post","status-publish","format-standard","has-post-thumbnail","hentry","category-nordeste"],"acf":[],"_links":{"self":[{"href":"https:\/\/www.notibras.com\/site\/wp-json\/wp\/v2\/posts\/351391","targetHints":{"allow":["GET"]}}],"collection":[{"href":"https:\/\/www.notibras.com\/site\/wp-json\/wp\/v2\/posts"}],"about":[{"href":"https:\/\/www.notibras.com\/site\/wp-json\/wp\/v2\/types\/post"}],"author":[{"embeddable":true,"href":"https:\/\/www.notibras.com\/site\/wp-json\/wp\/v2\/users\/2"}],"replies":[{"embeddable":true,"href":"https:\/\/www.notibras.com\/site\/wp-json\/wp\/v2\/comments?post=351391"}],"version-history":[{"count":1,"href":"https:\/\/www.notibras.com\/site\/wp-json\/wp\/v2\/posts\/351391\/revisions"}],"predecessor-version":[{"id":351393,"href":"https:\/\/www.notibras.com\/site\/wp-json\/wp\/v2\/posts\/351391\/revisions\/351393"}],"wp:featuredmedia":[{"embeddable":true,"href":"https:\/\/www.notibras.com\/site\/wp-json\/wp\/v2\/media\/351392"}],"wp:attachment":[{"href":"https:\/\/www.notibras.com\/site\/wp-json\/wp\/v2\/media?parent=351391"}],"wp:term":[{"taxonomy":"category","embeddable":true,"href":"https:\/\/www.notibras.com\/site\/wp-json\/wp\/v2\/categories?post=351391"},{"taxonomy":"post_tag","embeddable":true,"href":"https:\/\/www.notibras.com\/site\/wp-json\/wp\/v2\/tags?post=351391"}],"curies":[{"name":"wp","href":"https:\/\/api.w.org\/{rel}","templated":true}]}}