{"id":351397,"date":"2025-04-04T00:31:13","date_gmt":"2025-04-04T03:31:13","guid":{"rendered":"https:\/\/www.notibras.com\/site\/?p=351397"},"modified":"2025-04-04T07:33:59","modified_gmt":"2025-04-04T10:33:59","slug":"estresse-e-pressao-estao-deixando-pms-literalmente-doidos","status":"publish","type":"post","link":"https:\/\/www.notibras.com\/site\/estresse-e-pressao-estao-deixando-pms-literalmente-doidos\/","title":{"rendered":"Estresse e press\u00e3o est\u00e3o deixando PM&#8217;s literalmente doidos"},"content":{"rendered":"<p class=\"\" data-start=\"215\" data-end=\"487\">Entre janeiro e mar\u00e7o de 2025, a Pol\u00edcia Militar do Distrito Federal (PMDF) registrou 6.180 afastamentos de policiais por quest\u00f5es relacionadas \u00e0 sa\u00fade mental \u2014 uma m\u00e9dia de 68 atestados por dia. As informa\u00e7\u00f5es s\u00e3o do G1.<\/p>\n<p class=\"\" data-start=\"489\" data-end=\"637\">Para atender a essa demanda, o Centro de Assist\u00eancia Psicol\u00f3gica e Social da corpora\u00e7\u00e3o conta atualmente com apenas 10 profissionais especializados.<\/p>\n<p class=\"\" data-start=\"639\" data-end=\"1029\">Em nota, a PMDF informou que tem adotado diversas medidas para melhorar o atendimento psicol\u00f3gico e psiqui\u00e1trico aos policiais e seus familiares. De acordo com a corpora\u00e7\u00e3o, 8 mil novas cl\u00ednicas especializadas foram credenciadas no ano passado. Al\u00e9m disso, est\u00e1 prevista para o dia 10 de abril a formatura da mais recente turma de oficiais de sa\u00fade, com 39 novos policiais formados na \u00e1rea.<\/p>\n<p class=\"\" data-start=\"1100\" data-end=\"1421\">A psic\u00f3loga Juliana Martins, coordenadora institucional do F\u00f3rum Brasileiro de Seguran\u00e7a P\u00fablica, explica que a rotina de policiais militares envolve uma carga emocional intensa, com impactos variados entre os profissionais. Situa\u00e7\u00f5es como ansiedade, depress\u00e3o, alcoolismo e depend\u00eancia qu\u00edmica s\u00e3o comuns nesse contexto.<\/p>\n<p class=\"\" data-start=\"1423\" data-end=\"1764\">\u201cA sobrecarga de trabalho, a priva\u00e7\u00e3o de sono e o enfrentamento constante com situa\u00e7\u00f5es de vida ou morte s\u00e3o fatores que afetam profundamente a sa\u00fade mental desses profissionais\u201d, aponta Juliana. \u201cEsses quadros muitas vezes se manifestam de forma f\u00edsica, como hipertens\u00e3o ou ins\u00f4nia, antes mesmo de o policial perceber que precisa de ajuda.\u201d<\/p>\n<p class=\"\" data-start=\"1766\" data-end=\"2018\">Segundo a psic\u00f3loga, ainda h\u00e1 muito tabu em torno da sa\u00fade mental, especialmente em ambientes como o das for\u00e7as de seguran\u00e7a. \u201cA cultura da corpora\u00e7\u00e3o refor\u00e7a valores como for\u00e7a, honra e resist\u00eancia, dificultando o reconhecimento de fragilidades\u201d, diz.<\/p>\n<p class=\"\" data-start=\"2045\" data-end=\"2428\">Juliana Martins ressalta que \u00e9 essencial reconhecer o car\u00e1ter adoecedor da profiss\u00e3o e buscar formas de humaniz\u00e1-la. \u201cO policial sai de casa sem saber se vai voltar. Ele convive com a viol\u00eancia, com a morte \u2014 e, em algumas situa\u00e7\u00f5es, \u00e9 ele o agente dessa morte. Soma-se a isso a falta de tempo para o lazer, para a fam\u00edlia e para o descanso. \u00c9 preciso investir em a\u00e7\u00f5es preventivas.\u201d<\/p>\n","protected":false},"excerpt":{"rendered":"<p>Entre janeiro e mar\u00e7o de 2025, a Pol\u00edcia Militar do Distrito Federal (PMDF) registrou 6.180 afastamentos de policiais por quest\u00f5es relacionadas \u00e0 sa\u00fade mental \u2014 uma m\u00e9dia de 68 atestados por dia. As informa\u00e7\u00f5es s\u00e3o do G1. Para atender a essa demanda, o Centro de Assist\u00eancia Psicol\u00f3gica e Social da corpora\u00e7\u00e3o conta atualmente com apenas [&hellip;]<\/p>\n","protected":false},"author":2,"featured_media":351398,"comment_status":"closed","ping_status":"closed","sticky":false,"template":"","format":"standard","meta":{"_acf_changed":false,"footnotes":""},"categories":[161],"tags":[],"class_list":["post-351397","post","type-post","status-publish","format-standard","has-post-thumbnail","hentry","category-quadradinho-em-foco"],"acf":[],"_links":{"self":[{"href":"https:\/\/www.notibras.com\/site\/wp-json\/wp\/v2\/posts\/351397","targetHints":{"allow":["GET"]}}],"collection":[{"href":"https:\/\/www.notibras.com\/site\/wp-json\/wp\/v2\/posts"}],"about":[{"href":"https:\/\/www.notibras.com\/site\/wp-json\/wp\/v2\/types\/post"}],"author":[{"embeddable":true,"href":"https:\/\/www.notibras.com\/site\/wp-json\/wp\/v2\/users\/2"}],"replies":[{"embeddable":true,"href":"https:\/\/www.notibras.com\/site\/wp-json\/wp\/v2\/comments?post=351397"}],"version-history":[{"count":1,"href":"https:\/\/www.notibras.com\/site\/wp-json\/wp\/v2\/posts\/351397\/revisions"}],"predecessor-version":[{"id":351399,"href":"https:\/\/www.notibras.com\/site\/wp-json\/wp\/v2\/posts\/351397\/revisions\/351399"}],"wp:featuredmedia":[{"embeddable":true,"href":"https:\/\/www.notibras.com\/site\/wp-json\/wp\/v2\/media\/351398"}],"wp:attachment":[{"href":"https:\/\/www.notibras.com\/site\/wp-json\/wp\/v2\/media?parent=351397"}],"wp:term":[{"taxonomy":"category","embeddable":true,"href":"https:\/\/www.notibras.com\/site\/wp-json\/wp\/v2\/categories?post=351397"},{"taxonomy":"post_tag","embeddable":true,"href":"https:\/\/www.notibras.com\/site\/wp-json\/wp\/v2\/tags?post=351397"}],"curies":[{"name":"wp","href":"https:\/\/api.w.org\/{rel}","templated":true}]}}