{"id":351402,"date":"2025-04-04T00:42:00","date_gmt":"2025-04-04T03:42:00","guid":{"rendered":"https:\/\/www.notibras.com\/site\/?p=351402"},"modified":"2025-04-04T07:43:33","modified_gmt":"2025-04-04T10:43:33","slug":"vigilancia-checa-origem-e-condicoes-de-pescados-comercializados-na-capital","status":"publish","type":"post","link":"https:\/\/www.notibras.com\/site\/vigilancia-checa-origem-e-condicoes-de-pescados-comercializados-na-capital\/","title":{"rendered":"Vigil\u00e2ncia checa origem e condi\u00e7\u00f5es de pescados comercializados na capital"},"content":{"rendered":"<p>Uma opera\u00e7\u00e3o fiscalizou a qualidade dos pescados congelados comercializados em diversas regi\u00f5es administrativas do Distrito Federal nestas quarta (2) e quinta-feiras (3). A iniciativa contou com a participa\u00e7\u00e3o da Secretaria de Agricultura, Abastecimento e Desenvolvimento Rural do DF (Seagri-DF), do Instituto Nacional de Metrologia, Qualidade e Tecnologia (Inmetro), do Programa de Prote\u00e7\u00e3o e Defesa do Consumidor (Procon), da Vigil\u00e2ncia Sanit\u00e1ria do DF e da Pol\u00edcia Civil do DF (PCDF). O objetivo foi verificar a quantidade de gelo utilizada na conserva\u00e7\u00e3o dos produtos, garantindo o cumprimento dos limites estabelecidos pela legisla\u00e7\u00e3o vigente.<\/p>\n<p>Seis entrepostos de pescado foram inspecionados nas regi\u00f5es administrativas N\u00facleo Bandeirante, Arniqueira, Recanto das Emas, Ceil\u00e2ndia, Vicente Pires e Parano\u00e1. Em um deles, fiscais identificaram irregularidades em dois lotes: um de fil\u00e9 de mapar\u00e1 congelado e outro de camar\u00e3o descascado congelado. Ambos continham cerca de 30% de gelo acima do permitido pelas normas sanit\u00e1rias e de consumo. Os lotes foram imediatamente interditados e retirados do mercado. Al\u00e9m disso, o gerente do estabelecimento foi preso em flagrante por infra\u00e7\u00e3o \u00e0s normas de defesa do consumidor e seguran\u00e7a alimentar.<\/p>\n<p>M\u00f4nica C\u00e2mara da Silva, diretora de Inspe\u00e7\u00e3o de Produtos de Origem Vegetal e Animal da Seagri, destacou que, apesar da irregularidade identificada, a maioria dos estabelecimentos avaliados atende integralmente \u00e0s regulamenta\u00e7\u00f5es sanit\u00e1rias vigentes. De acordo com a diretora, mais de 90% das unidades inspecionadas estavam em conformidade com os padr\u00f5es estabelecidos, assegurando a qualidade e seguran\u00e7a dos produtos destinados ao consumo p\u00fablico.<\/p>\n<p>\u201cO compromisso do GDF \u00e9 garantir que os consumidores tenham acesso a alimentos seguros e de qualidade. As fiscaliza\u00e7\u00f5es s\u00e3o essenciais para coibir irregularidades e assegurar que os produtos comercializados atendam aos padr\u00f5es exigidos\u201d, explicou o secret\u00e1rio de Agricultura, Abastecimento e Desenvolvimento Rural do DF, Rafael Bueno.<\/p>\n<p>Com o aumento do consumo de peixes durante a Semana Santa, as autoridades refor\u00e7am a import\u00e2ncia de garantir a seguran\u00e7a alimentar e evitar preju\u00edzos financeiros aos consumidores. A a\u00e7\u00e3o do Governo do Distrito Federal \u00e9 fundamental para combater a comercializa\u00e7\u00e3o de produtos clandestinos que colocam em risco a sa\u00fade p\u00fablica e os direitos do consumidor.<\/p>\n<p>\u201cEstamos retirando do mercado itens sem proced\u00eancia comprovada, sem controle de qualidade e que apresentam condi\u00e7\u00f5es inadequadas de armazenamento e higiene \u2014 fatores que podem causar desde intoxica\u00e7\u00f5es alimentares at\u00e9 problemas graves de sa\u00fade\u201d, explicou Danielle Ara\u00fajo, subsecret\u00e1ria de Defesa Agropecu\u00e1ria da Seagri.<\/p>\n<p>As autoridades alertam os consumidores para a import\u00e2ncia de verificar a origem dos produtos que compram e denunciar qualquer irregularidade aos \u00f3rg\u00e3os respons\u00e1veis.<\/p>\n","protected":false},"excerpt":{"rendered":"<p>Uma opera\u00e7\u00e3o fiscalizou a qualidade dos pescados congelados comercializados em diversas regi\u00f5es administrativas do Distrito Federal nestas quarta (2) e quinta-feiras (3). A iniciativa contou com a participa\u00e7\u00e3o da Secretaria de Agricultura, Abastecimento e Desenvolvimento Rural do DF (Seagri-DF), do Instituto Nacional de Metrologia, Qualidade e Tecnologia (Inmetro), do Programa de Prote\u00e7\u00e3o e Defesa do [&hellip;]<\/p>\n","protected":false},"author":2,"featured_media":351403,"comment_status":"closed","ping_status":"closed","sticky":false,"template":"","format":"standard","meta":{"_acf_changed":false,"footnotes":""},"categories":[161],"tags":[],"class_list":["post-351402","post","type-post","status-publish","format-standard","has-post-thumbnail","hentry","category-quadradinho-em-foco"],"acf":[],"_links":{"self":[{"href":"https:\/\/www.notibras.com\/site\/wp-json\/wp\/v2\/posts\/351402","targetHints":{"allow":["GET"]}}],"collection":[{"href":"https:\/\/www.notibras.com\/site\/wp-json\/wp\/v2\/posts"}],"about":[{"href":"https:\/\/www.notibras.com\/site\/wp-json\/wp\/v2\/types\/post"}],"author":[{"embeddable":true,"href":"https:\/\/www.notibras.com\/site\/wp-json\/wp\/v2\/users\/2"}],"replies":[{"embeddable":true,"href":"https:\/\/www.notibras.com\/site\/wp-json\/wp\/v2\/comments?post=351402"}],"version-history":[{"count":1,"href":"https:\/\/www.notibras.com\/site\/wp-json\/wp\/v2\/posts\/351402\/revisions"}],"predecessor-version":[{"id":351404,"href":"https:\/\/www.notibras.com\/site\/wp-json\/wp\/v2\/posts\/351402\/revisions\/351404"}],"wp:featuredmedia":[{"embeddable":true,"href":"https:\/\/www.notibras.com\/site\/wp-json\/wp\/v2\/media\/351403"}],"wp:attachment":[{"href":"https:\/\/www.notibras.com\/site\/wp-json\/wp\/v2\/media?parent=351402"}],"wp:term":[{"taxonomy":"category","embeddable":true,"href":"https:\/\/www.notibras.com\/site\/wp-json\/wp\/v2\/categories?post=351402"},{"taxonomy":"post_tag","embeddable":true,"href":"https:\/\/www.notibras.com\/site\/wp-json\/wp\/v2\/tags?post=351402"}],"curies":[{"name":"wp","href":"https:\/\/api.w.org\/{rel}","templated":true}]}}