{"id":351405,"date":"2025-04-04T00:06:54","date_gmt":"2025-04-04T03:06:54","guid":{"rendered":"https:\/\/www.notibras.com\/site\/?p=351405"},"modified":"2025-04-04T07:48:20","modified_gmt":"2025-04-04T10:48:20","slug":"coleta-de-sangue-em-suinos-selvagens-abatidos-fica-obrigatoria","status":"publish","type":"post","link":"https:\/\/www.notibras.com\/site\/coleta-de-sangue-em-suinos-selvagens-abatidos-fica-obrigatoria\/","title":{"rendered":"Coleta de sangue em su\u00ednos selvagens abatidos fica obrigat\u00f3ria"},"content":{"rendered":"<p>O Governo do Distrito Federal, por meio da Secretaria da Agricultura, Abastecimento e Desenvolvimento Rural (Seagri-DF), publicou a Portaria n\u00ba 121 no Di\u00e1rio Oficial do Distrito Federal (DODF), tornando obrigat\u00f3ria a coleta de sangue em su\u00ednos asselvajados abatidos no territ\u00f3rio distrital. A medida tem como objetivo fortalecer a vigil\u00e2ncia epidemiol\u00f3gica e garantir a biosseguridade da cria\u00e7\u00e3o su\u00edna local, prevenindo a propaga\u00e7\u00e3o da Peste Su\u00edna Cl\u00e1ssica (PSC) e outras doen\u00e7as de controle oficial. Atualmente, o Distrito Federal integra a Zona Livre para PSC com reconhecimento internacional.<\/p>\n<p>De acordo com a portaria, todos os javalis abatidos no DF por agentes de manejo dever\u00e3o ter amostras de sangue coletadas e enviadas para an\u00e1lise laboratorial. Caso n\u00e3o seja poss\u00edvel a coleta de todos os animais, a prioridade ser\u00e1 dada aos mais velhos, considerados mais representativos da situa\u00e7\u00e3o sanit\u00e1ria do grupo. As amostras dever\u00e3o ser entregues nos escrit\u00f3rios de Defesa Agropecu\u00e1ria da Seagri-DF em at\u00e9 48 horas, se refrigeradas, ou em at\u00e9 sete dias, se congeladas.<\/p>\n<p>O secret\u00e1rio de Agricultura do Distrito Federal, Rafael Bueno, ressaltou a relev\u00e2ncia da nova medida para a prote\u00e7\u00e3o da suinocultura local. \u201cA prote\u00e7\u00e3o da produ\u00e7\u00e3o su\u00edna do Distrito Federal \u00e9 uma prioridade. Com essa iniciativa, a Seagri-DF refor\u00e7a o compromisso com a vigil\u00e2ncia sanit\u00e1ria e o controle de doen\u00e7as, alinhando-se \u00e0s diretrizes nacionais para monitoramento do javali. A coleta obrigat\u00f3ria de sangue dos javalis abatidos nos permite identificar riscos e agir preventivamente, garantindo a seguran\u00e7a sanit\u00e1ria e a sustentabilidade da suinocultura local.\u201d<\/p>\n<p>A subsecret\u00e1ria de Defesa Agropecu\u00e1ria, Danielle Kalkmann, refor\u00e7ou a relev\u00e2ncia da medida: \u201cNosso objetivo \u00e9 conscientizar sobre a import\u00e2ncia desse trabalho para a sanidade su\u00edna. Quanto mais amostras conseguirmos coletar, melhor poderemos criar estrat\u00e9gias eficazes de controle e preven\u00e7\u00e3o de doen\u00e7as que possam impactar a suinocultura ou representar risco \u00e0 sa\u00fade p\u00fablica. Algumas dessas doen\u00e7as s\u00e3o zoonoses, ou seja, podem ser transmitidas para os seres humanos, o que refor\u00e7a a necessidade de um acompanhamento rigoroso.\u201d<\/p>\n<p><strong>Cadastro e treinamento<\/strong><br \/>\nA portaria tamb\u00e9m estabelece que os agentes manejadores de javalis dever\u00e3o estar cadastrados no Servi\u00e7o Veterin\u00e1rio Oficial (SVO) e apresentar documenta\u00e7\u00e3o comprobat\u00f3ria, incluindo identidade com CPF, comprovante de endere\u00e7o e certificado de regularidade no Cadastro T\u00e9cnico Federal do Ibama. Al\u00e9m disso, os agentes dever\u00e3o passar por um treinamento ministrado por veterin\u00e1rios do SVO, que poder\u00e1 ocorrer de forma presencial ou online.<\/p>\n<p>A nova regulamenta\u00e7\u00e3o tamb\u00e9m refor\u00e7a a proibi\u00e7\u00e3o do transporte de javalis vivos, determinando que os animais capturados durante as a\u00e7\u00f5es de controle sejam abatidos no pr\u00f3prio local. A portaria exige ainda a notifica\u00e7\u00e3o imediata de qualquer avistamento de javalis doentes ou mortos. O descumprimento das novas regras poder\u00e1 resultar em penaliza\u00e7\u00f5es, conforme previsto na legisla\u00e7\u00e3o vigente.<\/p>\n","protected":false},"excerpt":{"rendered":"<p>O Governo do Distrito Federal, por meio da Secretaria da Agricultura, Abastecimento e Desenvolvimento Rural (Seagri-DF), publicou a Portaria n\u00ba 121 no Di\u00e1rio Oficial do Distrito Federal (DODF), tornando obrigat\u00f3ria a coleta de sangue em su\u00ednos asselvajados abatidos no territ\u00f3rio distrital. A medida tem como objetivo fortalecer a vigil\u00e2ncia epidemiol\u00f3gica e garantir a biosseguridade da [&hellip;]<\/p>\n","protected":false},"author":2,"featured_media":351406,"comment_status":"closed","ping_status":"closed","sticky":false,"template":"","format":"standard","meta":{"_acf_changed":false,"footnotes":""},"categories":[161],"tags":[],"class_list":["post-351405","post","type-post","status-publish","format-standard","has-post-thumbnail","hentry","category-quadradinho-em-foco"],"acf":[],"_links":{"self":[{"href":"https:\/\/www.notibras.com\/site\/wp-json\/wp\/v2\/posts\/351405","targetHints":{"allow":["GET"]}}],"collection":[{"href":"https:\/\/www.notibras.com\/site\/wp-json\/wp\/v2\/posts"}],"about":[{"href":"https:\/\/www.notibras.com\/site\/wp-json\/wp\/v2\/types\/post"}],"author":[{"embeddable":true,"href":"https:\/\/www.notibras.com\/site\/wp-json\/wp\/v2\/users\/2"}],"replies":[{"embeddable":true,"href":"https:\/\/www.notibras.com\/site\/wp-json\/wp\/v2\/comments?post=351405"}],"version-history":[{"count":1,"href":"https:\/\/www.notibras.com\/site\/wp-json\/wp\/v2\/posts\/351405\/revisions"}],"predecessor-version":[{"id":351407,"href":"https:\/\/www.notibras.com\/site\/wp-json\/wp\/v2\/posts\/351405\/revisions\/351407"}],"wp:featuredmedia":[{"embeddable":true,"href":"https:\/\/www.notibras.com\/site\/wp-json\/wp\/v2\/media\/351406"}],"wp:attachment":[{"href":"https:\/\/www.notibras.com\/site\/wp-json\/wp\/v2\/media?parent=351405"}],"wp:term":[{"taxonomy":"category","embeddable":true,"href":"https:\/\/www.notibras.com\/site\/wp-json\/wp\/v2\/categories?post=351405"},{"taxonomy":"post_tag","embeddable":true,"href":"https:\/\/www.notibras.com\/site\/wp-json\/wp\/v2\/tags?post=351405"}],"curies":[{"name":"wp","href":"https:\/\/api.w.org\/{rel}","templated":true}]}}