{"id":351418,"date":"2025-04-04T11:05:17","date_gmt":"2025-04-04T14:05:17","guid":{"rendered":"https:\/\/www.notibras.com\/site\/?p=351418"},"modified":"2025-04-04T11:05:17","modified_gmt":"2025-04-04T14:05:17","slug":"destino-futuro-vai-levantar-turismo-no-nordeste","status":"publish","type":"post","link":"https:\/\/www.notibras.com\/site\/destino-futuro-vai-levantar-turismo-no-nordeste\/","title":{"rendered":"Destino Futuro vai levantar turismo no Nordeste"},"content":{"rendered":"<p>Usar ferramentas inovadoras de tecnologia para impulsionar o turismo no Nordeste \u00e9 o objetivo do Programa Destino Futuro, lan\u00e7ado nesta sexta-feira (4) no Recife. A iniciativa vai conectar startups e empresas de inova\u00e7\u00e3o a micro, pequenas e m\u00e9dias empresas do setor tur\u00edstico para buscar solu\u00e7\u00f5es a problemas enfrentados na atividade.<\/p>\n<p>Realizado conjuntamente pela Ag\u00eancia Brasileira de Promo\u00e7\u00e3o Internacional do Turismo (Embratur), a Superintend\u00eancia de Desenvolvimento do Nordeste (Sudene) e o Porto Digital, o programa vai investir cerca de R$ 3 milh\u00f5es no desenvolvimento de solu\u00e7\u00f5es. As inscri\u00e7\u00f5es para o programa estar\u00e3o abertas at\u00e9 o dia 5 de maio e os candidatos podem se inscrever gratuitamente no site da EmbraturLab.<\/p>\n<p>A a\u00e7\u00e3o abrange os estados de Minas Gerais e do Esp\u00edrito Santo, onde a Sudene tamb\u00e9m atua. A inten\u00e7\u00e3o \u00e9 dar maior tra\u00e7\u00e3o para o trade tur\u00edstico, um importante indutor do desenvolvimento no pa\u00eds, com foco na moderniza\u00e7\u00e3o, competitividade e no desenvolvimento de solu\u00e7\u00f5es tecnol\u00f3gicas sustent\u00e1veis nas atividades do mercado de turismo.<\/p>\n<p>\u201cA pauta do turismo para o desenvolvimento do Nordeste \u00e9 estrat\u00e9gica e estruturante. A gente tem, a partir do avan\u00e7o da atividade tur\u00edstica na nossa regi\u00e3o, um conjunto de oportunidades. Temos o turismo como eixo estrat\u00e9gico, sobretudo para a gera\u00e7\u00e3o de emprego, pela capilaridade que representa o setor. Estamos falando aqui para uma cadeia produtiva bastante intensa, que envolve hot\u00e9is, o turismo de lazer, de presta\u00e7\u00e3o de servi\u00e7o, entre outros\u201d, disse o superintendente da Sudene Danilo Cabral \u00e0 Ag\u00eancia Brasil.<\/p>\n<p>Cabral explicou que o programa foi desenvolvido a partir de demandas dos estados e tamb\u00e9m de representantes do setor de turismo. Dados do Minist\u00e9rio do Turismo mostram que o setor gerou mais de 400 mil empregos com carteira assinada em todo o pa\u00eds.<\/p>\n<p>Em especial, no Nordeste, os empreendimentos do setor tur\u00edstico na regi\u00e3o aumentaram 52% ao longo dos tr\u00eas \u00faltimos anos. Para o diretor de Gest\u00e3o e Inova\u00e7\u00e3o da Embratur, Roberto Gevaerd, esse cen\u00e1rio evidencia a guinada na atua\u00e7\u00e3o da empresa, que passou a desenvolver o fomento de pol\u00edticas p\u00fablicas para o turismo, a partir da an\u00e1lise de dados e da inova\u00e7\u00e3o. Um exemplo \u00e9 a EmbraturLabs, laborat\u00f3rio de inova\u00e7\u00e3o da Embratur.<\/p>\n<p>\u201cO Nordeste sempre foi um lugar central e muito mobilizado. Todos os estados t\u00eam feito uma pol\u00edtica muito importante de investimento e melhoria do turismo para a atra\u00e7\u00e3o de turistas internacionais. E n\u00e3o tem como pensar nenhuma a\u00e7\u00e3o no Nordeste sem pensar na Sudene. Ent\u00e3o, acho que nasce dessa triangula\u00e7\u00e3o tamb\u00e9m com o Porto Digital, que \u00e9 um parceiro-refer\u00eancia em investimentos em tecnologia, em rela\u00e7\u00e3o com as startups e novas solu\u00e7\u00f5es, disse Gevaerd.<\/p>\n<p>Segundo o diretor de Gest\u00e3o, o programa fortalece o papel da Embratur na prospec\u00e7\u00e3o e ado\u00e7\u00e3o de tend\u00eancias inovadoras. Entre os principais resultados esperados est\u00e3o a valida\u00e7\u00e3o de provas de conceito (POCs), o engajamento de startups e empresas do trade tur\u00edstico, a cria\u00e7\u00e3o de novos produtos e processos sustent\u00e1veis e o impacto positivo na competitividade internacional.<\/p>\n<p>\u201cA tarefa \u00e9 identificar o que a gente chama das dores, quais s\u00e3o os problemas que os empres\u00e1rios est\u00e3o sentindo e buscar uma solu\u00e7\u00e3o. Muitas vezes, uma solu\u00e7\u00e3o de log\u00edstica pode atender um hotel; uma solu\u00e7\u00e3o de sustentabilidade, de melhor uso, por exemplo, de recursos h\u00edbridos, pode atender uma regi\u00e3o que tem pouca oferta de \u00e1gua ou problema de abastecimento, ou o pr\u00f3prio cuidado com res\u00edduo. Os hot\u00e9is s\u00e3o um exemplo, mas a gente pode falar de restaurantes, do pr\u00f3prio barraqueiro, porque a cadeia tur\u00edstica, de turismo, ela \u00e9 muito, muito plural. Voc\u00ea est\u00e1 falando desde a pessoa que vende o coco na praia, o barraqueiro, at\u00e9 o dono de um resort\u201d, disse Gevaerd.<\/p>\n<p>\u201cSe voc\u00ea consegue pontualmente usar essas ferramentas tecnol\u00f3gicas a favor dos empreendedores, seja pequeno, grande ou m\u00e9dio &#8211; majoritariamente o turismo \u00e9 baseado em pequenos e m\u00e9dios empres\u00e1rios &#8211; consegue avan\u00e7ar de maneira mais r\u00e1pida. N\u00e3o existe hoje pensar qualquer a\u00e7\u00e3o ou melhoria sem a inser\u00e7\u00e3o de novas ferramentas tecnol\u00f3gicas\u201d, concluiu.<\/p>\n<p><strong>Programa<\/strong><br \/>\nO Programa Destino Futuro ocorrer\u00e1 em tr\u00eas fases. Em um primeiro momento haver\u00e1 a sele\u00e7\u00e3o de 20 propostas de neg\u00f3cios e solu\u00e7\u00f5es que ser\u00e3o apresentadas a partir das demandas do setor de turismo.<\/p>\n<p>Para a segunda etapa passar\u00e3o entre 10 e 15 propostas de inova\u00e7\u00e3o. A sele\u00e7\u00e3o final vai escolher cinco solu\u00e7\u00f5es com as melhores propostas, que receber\u00e3o uma mentoria do Porto Digital para o desenvolvimento de suas solu\u00e7\u00f5es.<\/p>\n<p>Um dos maiores distritos de inova\u00e7\u00e3o da Am\u00e9rica Latina, o Porto Digital \u00e9 um ambiente de inova\u00e7\u00e3o, pesquisa e desenvolvimento em tecnologia da informa\u00e7\u00e3o (TI), especialmente na \u00e1rea mobile. A iniciativa integra startups, empresas, organiza\u00e7\u00f5es, institui\u00e7\u00f5es de ensino e institui\u00e7\u00f5es de ci\u00eancia e tecnologia de diversos segmentos de tecnologia, como TI, comunica\u00e7\u00e3o digital, automa\u00e7\u00e3o e intelig\u00eancia artificial.<\/p>\n<p>Cada projeto poder\u00e1 contar com um valor de R$ 533 mil, destinado exclusivamente ao desenvolvimento das solu\u00e7\u00f5es. Os projetos ter\u00e3o prazo de execu\u00e7\u00e3o de at\u00e9 12 meses, considerando todas as etapas de planejamento, implanta\u00e7\u00e3o e avalia\u00e7\u00e3o. Ao final, as solu\u00e7\u00f5es passar\u00e3o por valida\u00e7\u00e3o pr\u00e1tica.<\/p>\n<p>\u201cA gente est\u00e1 bem esperan\u00e7oso de que muitos problemas que est\u00e3o absolutamente fora do nosso radar apare\u00e7am. Outra expectativa \u00e9 que a gente tenha possibilidade de capilaridade muito grande com essas solu\u00e7\u00f5es que foram desenvolvidas. J\u00e1 que os problemas se repetem de cidade a cidade, de equipamento e equipamento e por a\u00ed vai\u201d, afirmou o presidente do Porto Digital Pierre Lucena.<\/p>\n","protected":false},"excerpt":{"rendered":"<p>Usar ferramentas inovadoras de tecnologia para impulsionar o turismo no Nordeste \u00e9 o objetivo do Programa Destino Futuro, lan\u00e7ado nesta sexta-feira (4) no Recife. A iniciativa vai conectar startups e empresas de inova\u00e7\u00e3o a micro, pequenas e m\u00e9dias empresas do setor tur\u00edstico para buscar solu\u00e7\u00f5es a problemas enfrentados na atividade. Realizado conjuntamente pela Ag\u00eancia Brasileira [&hellip;]<\/p>\n","protected":false},"author":2,"featured_media":351419,"comment_status":"closed","ping_status":"closed","sticky":false,"template":"","format":"standard","meta":{"_acf_changed":false,"footnotes":""},"categories":[165],"tags":[],"class_list":["post-351418","post","type-post","status-publish","format-standard","has-post-thumbnail","hentry","category-nordeste"],"acf":[],"_links":{"self":[{"href":"https:\/\/www.notibras.com\/site\/wp-json\/wp\/v2\/posts\/351418","targetHints":{"allow":["GET"]}}],"collection":[{"href":"https:\/\/www.notibras.com\/site\/wp-json\/wp\/v2\/posts"}],"about":[{"href":"https:\/\/www.notibras.com\/site\/wp-json\/wp\/v2\/types\/post"}],"author":[{"embeddable":true,"href":"https:\/\/www.notibras.com\/site\/wp-json\/wp\/v2\/users\/2"}],"replies":[{"embeddable":true,"href":"https:\/\/www.notibras.com\/site\/wp-json\/wp\/v2\/comments?post=351418"}],"version-history":[{"count":1,"href":"https:\/\/www.notibras.com\/site\/wp-json\/wp\/v2\/posts\/351418\/revisions"}],"predecessor-version":[{"id":351420,"href":"https:\/\/www.notibras.com\/site\/wp-json\/wp\/v2\/posts\/351418\/revisions\/351420"}],"wp:featuredmedia":[{"embeddable":true,"href":"https:\/\/www.notibras.com\/site\/wp-json\/wp\/v2\/media\/351419"}],"wp:attachment":[{"href":"https:\/\/www.notibras.com\/site\/wp-json\/wp\/v2\/media?parent=351418"}],"wp:term":[{"taxonomy":"category","embeddable":true,"href":"https:\/\/www.notibras.com\/site\/wp-json\/wp\/v2\/categories?post=351418"},{"taxonomy":"post_tag","embeddable":true,"href":"https:\/\/www.notibras.com\/site\/wp-json\/wp\/v2\/tags?post=351418"}],"curies":[{"name":"wp","href":"https:\/\/api.w.org\/{rel}","templated":true}]}}