{"id":351452,"date":"2025-04-05T07:36:16","date_gmt":"2025-04-05T10:36:16","guid":{"rendered":"https:\/\/www.notibras.com\/site\/?p=351452"},"modified":"2025-04-05T07:36:16","modified_gmt":"2025-04-05T10:36:16","slug":"cmn-prorroga-os-financiamentos-do-fundo-constitucional-do-nordeste","status":"publish","type":"post","link":"https:\/\/www.notibras.com\/site\/cmn-prorroga-os-financiamentos-do-fundo-constitucional-do-nordeste\/","title":{"rendered":"CMN prorroga os financiamentos do Fundo Constitucional do Nordeste"},"content":{"rendered":"<p>A continuidade da seca no semi\u00e1rido nordestino fez o Conselho Monet\u00e1rio Nacional (CMN) estender a prorroga\u00e7\u00e3o de financiamentos do Fundo Constitucional do Nordeste (FNE). As linhas de cr\u00e9dito concedidas entre 2 de janeiro e 31 de julho de 2022 para agricultores familiares, mini e pequenos produtores rurais ser\u00e3o estendidas por 48 meses.<\/p>\n<p>Haver\u00e1 uma car\u00eancia de 12 meses, com o tomador recome\u00e7ando a pagar as parcelas depois desse prazo. A medida beneficiar\u00e1 as opera\u00e7\u00f5es de cr\u00e9dito de custeio agr\u00edcola e pecu\u00e1rio nos munic\u00edpios da Superintend\u00eancia de Desenvolvimento do Nordeste (Sudene) afetados pela seca.<\/p>\n<p>Os produtores rurais afetados pela seca poder\u00e3o formalizar o pedido de renegocia\u00e7\u00e3o at\u00e9 31 de maio. At\u00e9 a pr\u00f3xima segunda-feira (7), o tomador precisar\u00e1 comprovar que tenha sido prejudicado por seca ou estiagem nos munic\u00edpios da Sudene com situa\u00e7\u00e3o de emerg\u00eancia ou estado de calamidade p\u00fablica reconhecidos pelo governo federal.<\/p>\n<p>Em nota, o Minist\u00e9rio da Fazenda informou que a ajuda foi necess\u00e1ria porque a estiagem prolongou-se no semi\u00e1rido nordestino. Segundo a pasta, o evento clim\u00e1tico dificultou a recupera\u00e7\u00e3o da capacidade de pagamento de v\u00e1rios produtores rurais e agricultores familiares nos munic\u00edpios atendidos pela Sudene.<\/p>\n<p>Como o os financiamentos concedidos em 2022 venceram no primeiro trimestre deste ano, as opera\u00e7\u00f5es de cr\u00e9dito, explicou a Fazenda, n\u00e3o puderam ser renegociadas com base nas ajudas do CMN concedidas em fevereiro de 2024 e em fevereiro deste ano.<\/p>\n<p>A medida foi aprovada em reuni\u00e3o extraordin\u00e1ria virtual do CMN nesta sexta. Presidido pelo ministro da Fazenda, Fernando Haddad, o CMN tamb\u00e9m \u00e9 composto pelo presidente do Banco Central, Gabriel Gal\u00edpolo, e pela ministra do Planejamento e Or\u00e7amento, Simone Tebet.<\/p>\n","protected":false},"excerpt":{"rendered":"<p>A continuidade da seca no semi\u00e1rido nordestino fez o Conselho Monet\u00e1rio Nacional (CMN) estender a prorroga\u00e7\u00e3o de financiamentos do Fundo Constitucional do Nordeste (FNE). As linhas de cr\u00e9dito concedidas entre 2 de janeiro e 31 de julho de 2022 para agricultores familiares, mini e pequenos produtores rurais ser\u00e3o estendidas por 48 meses. Haver\u00e1 uma car\u00eancia [&hellip;]<\/p>\n","protected":false},"author":2,"featured_media":351453,"comment_status":"closed","ping_status":"closed","sticky":false,"template":"","format":"standard","meta":{"_acf_changed":false,"footnotes":""},"categories":[165],"tags":[],"class_list":["post-351452","post","type-post","status-publish","format-standard","has-post-thumbnail","hentry","category-nordeste"],"acf":[],"_links":{"self":[{"href":"https:\/\/www.notibras.com\/site\/wp-json\/wp\/v2\/posts\/351452","targetHints":{"allow":["GET"]}}],"collection":[{"href":"https:\/\/www.notibras.com\/site\/wp-json\/wp\/v2\/posts"}],"about":[{"href":"https:\/\/www.notibras.com\/site\/wp-json\/wp\/v2\/types\/post"}],"author":[{"embeddable":true,"href":"https:\/\/www.notibras.com\/site\/wp-json\/wp\/v2\/users\/2"}],"replies":[{"embeddable":true,"href":"https:\/\/www.notibras.com\/site\/wp-json\/wp\/v2\/comments?post=351452"}],"version-history":[{"count":1,"href":"https:\/\/www.notibras.com\/site\/wp-json\/wp\/v2\/posts\/351452\/revisions"}],"predecessor-version":[{"id":351454,"href":"https:\/\/www.notibras.com\/site\/wp-json\/wp\/v2\/posts\/351452\/revisions\/351454"}],"wp:featuredmedia":[{"embeddable":true,"href":"https:\/\/www.notibras.com\/site\/wp-json\/wp\/v2\/media\/351453"}],"wp:attachment":[{"href":"https:\/\/www.notibras.com\/site\/wp-json\/wp\/v2\/media?parent=351452"}],"wp:term":[{"taxonomy":"category","embeddable":true,"href":"https:\/\/www.notibras.com\/site\/wp-json\/wp\/v2\/categories?post=351452"},{"taxonomy":"post_tag","embeddable":true,"href":"https:\/\/www.notibras.com\/site\/wp-json\/wp\/v2\/tags?post=351452"}],"curies":[{"name":"wp","href":"https:\/\/api.w.org\/{rel}","templated":true}]}}