{"id":351458,"date":"2025-04-05T07:52:35","date_gmt":"2025-04-05T10:52:35","guid":{"rendered":"https:\/\/www.notibras.com\/site\/?p=351458"},"modified":"2025-04-05T07:53:50","modified_gmt":"2025-04-05T10:53:50","slug":"laura-mata-dois-coelhos-com-uma-cajadada-sem-namorado-e-um-novo-autor","status":"publish","type":"post","link":"https:\/\/www.notibras.com\/site\/laura-mata-dois-coelhos-com-uma-cajadada-sem-namorado-e-um-novo-autor\/","title":{"rendered":"Laura mata dois coelhos com uma cajadada; sem namorado e um novo autor"},"content":{"rendered":"<p>N\u00e3o sou tiete, mesmo quando estava l\u00e1 com meus 15, 16 anos, nunca tive \u00eddolos, apesar de andar com outras garotas da minha idade, todas apaixonadas por algum cantor ou astro do cinema. Minha m\u00e3e sempre disse que, ainda no tempo da creche, era eu uma adulta de fraldas. Certo exagero, mas que talvez retrate um pouco sobre o meu \u00edntimo, reservada que quase sempre sou.<\/p>\n<p>Andei com uns problemas a\u00ed. Melhor, os problemas ainda continuam por aqui, enquanto tento lidar com eles de maneira racional. No entanto, por mais que busque seguir o caminho da raz\u00e3o, eis que o cora\u00e7\u00e3o me faz tomar, vez ou outra, um desvio. Desvio? N\u00e3o sei se a palavra exata seja essa, at\u00e9 porque fica parecendo que a vida \u00e9 um jogo de xadrez, que voc\u00ea precisa sacrificar a felicidade para manter os p\u00e9s cal\u00e7ados.<\/p>\n<p>Descobri que andar descal\u00e7a n\u00e3o \u00e9 somente prazeroso, como tamb\u00e9m necess\u00e1rio. Al\u00e9m de massagear os p\u00e9s sobre a areia macia, e mesmo que de vez em quando nos deparemos com alguma pedra pontiaguda ou um espinho, isso faz bem para a alma. A sa\u00fade mental agradece, e podemos, assim, buscar conforto em outras coisas.<\/p>\n<p>Tenho me alimentado melhor, tenho saciado minha mente de poesias. Nossa, como isso \u00e9 bom! E voc\u00ea, por acaso, j\u00e1 se deparou com Drummond? J\u00e1 reparou que Drummond rima com bombom?<\/p>\n<p>N\u00e3o me entenda mal, mas confesso que tenho me interessado por outro. \u00c9 verdade que o Carlos continua com seu cantinho reservado no meu cora\u00e7\u00e3o. E como poderia ser diferente? Amo aquele jeito t\u00edmido e, ao mesmo tempo, atrevido desse mineiro com gosto de p\u00e3o de queijo. Seja como for, confesso que tenho outro. E pode apontar todos os dedos para mim, que aceito a sina de ser culpada.<\/p>\n<p>Antes de revelar o pomo da disc\u00f3rdia, deixe-me contar um pouco como tudo come\u00e7ou. Pois estava eu fragilizada pelo t\u00e9rmino tr\u00e1gico de um relacionamento, que nem eu, apaixonada que estava, tinha muita esperan\u00e7a de que vingasse. Coisa do tipo de encontro fortuito na balada, mas que insistimos, pura teimosia, esticar para ver onde vai dar. Durou pouco mais de m\u00eas, e poderia ir at\u00e9 o final do m\u00eas seguinte, caso n\u00e3o fosse por algo bobo, comum e, n\u00e3o obstante, derradeiro.<\/p>\n<p>\u2014 Aur\u00e9lio, o que voc\u00ea t\u00e1 fazendo com a minha escova de dente?<\/p>\n<p>\u2014 U\u00e9, escovando os dentes.<\/p>\n<p>\u2014 Que nojo!<\/p>\n<p>Pois \u00e9, n\u00e3o tinha como continuar com algu\u00e9m que mal conhecia, apesar dos t\u00f3rridos momentos de puro prazer, e que se apossa de algo que \u00e9 s\u00f3 seu. De t\u00e3o possessa fiquei, n\u00e3o tive d\u00favida e mandei o, at\u00e9 aquele momento, amado pegar as suas coisas e ir embora.<\/p>\n<p>\u2014 Laura, voc\u00ea \u00e9 maluca!<\/p>\n<p>Maluca? Eu? Bem, n\u00e3o vou tentar fazer defesa em causa pr\u00f3pria. As palavras do Aur\u00e9lio n\u00e3o me afetaram. Maluca? Creio que ele pegou pesado comigo. Pois maluca \u00e9 a m\u00e3e daquele sem-no\u00e7\u00e3o, usurpador de escovas de dente alheias.<\/p>\n<p>N\u00e3o sei se isso acontece com voc\u00ea, mas quando sinto princ\u00edpio de desaven\u00e7a interna, busco na poesia o apaziguamento do qual necessito. E foi assim que fiz. Peguei meu Drummond na estante e, em meus bra\u00e7os, o levei para cama. Mas eis que algo me incomodou.<\/p>\n<p>\u2014 Carlos, por acaso estou errada?<\/p>\n<p>Mudo, o poeta me encarou de maneira serena. Pior mesmo foi aquele sorriso discreto de canto de boca, como se querendo dizer: &#8220;Laura, Laura, dessa vez voc\u00ea pegou pesado!&#8221;<\/p>\n<p>\u2014 Pois hoje voc\u00ea vai dormir novamente sozinho na estante, seu Carlos!<\/p>\n<p>E l\u00e1 fui eu para a sala devolver Drummond, o meu amado Drummond, companheiro de tantos anos, o meu mineirinho com gosto de p\u00e3o de queijo, para a estante de madeira. Que passasse a noite entre Vinicius, Bandeira, Castro Alves e tantos outros. Pensei, de relance, puxar pelas m\u00e3os o Casimiro. Muito menino, queria algu\u00e9m com mais maturidade.<\/p>\n<p>Quase desistindo, eis que vi debaixo da porta um envelope. Hum! Pelo volume parecia algo substancial. Nada de contas e contas a pagar. Tomei-o em minhas m\u00e3os e logo percebi que a remetente era a minha grande amiga Sarah Munck, poetisa das melhores. Curiosa, abri o envelope e me deparei com o livro &#8216;A verdade nos seres&#8217;, de Daniel Marchi. Folheei e li a dedicat\u00f3ria.<\/p>\n<p><em>&#8220;Querida Laura,<\/em><\/p>\n<p><em>Tenho certeza de que estes poemas chegar\u00e3o a voc\u00ea em momento apropriado.<\/em><\/p>\n<p><em>Da sua amiga,<\/em><\/p>\n<p><em>Sarah Munck&#8221;<\/em><\/p>\n<p>N\u00e3o quis parecer muito interessada a princ\u00edpio, j\u00e1 que acabara de ter rusgas com o meu amor de longa data. Entretanto, como quem n\u00e3o quer nada, peguei o Daniel e o levei para meu quarto, onde passei a noite inteira tentando decifr\u00e1-lo. Se me sinto culpada por isso? Hum! Quem mandou o Carlos ficar do lado do Aur\u00e9lio?<\/p>\n<p>&#8230;&#8230;&#8230;&#8230;&#8230;&#8230;&#8230;&#8230;&#8230;&#8230;&#8230;&#8230;<\/p>\n<p><strong>Eduardo Mart\u00ednez \u00e9 autor do livro 57 Contos e Cr\u00f4nicas por um Autor Muito Velho\u2019<\/strong><\/p>\n<p>Compre aqui\u00a0<span class=\"x19la9d6 x1fc57z9 x6ikm8r x10wlt62 x19co3pv x1g5zs5t xfibh0p xiy17q3 x1xsqp64 x1lkfr7t xexx8yu x4uap5 x18d9i69 xkhd6sd\"><span class=\"xrtxmta x1bhl96m\"><img decoding=\"async\" class=\"emoji\" role=\"img\" draggable=\"false\" src=\"https:\/\/s.w.org\/images\/core\/emoji\/15.0.3\/svg\/1f447-1f3ff.svg\" alt=\"&#x1f447;&#x1f3ff;\" \/><\/span><\/span><\/p>\n<p><a href=\"https:\/\/www.joanineditora.com.br\/57-contos-e-cronicas-por-um-autor-muito-velho\">https:\/\/www.joanineditora.com.br\/57-contos-e-cronicas-por-um-autor-muito-velho<\/a><\/p>\n","protected":false},"excerpt":{"rendered":"<p>N\u00e3o sou tiete, mesmo quando estava l\u00e1 com meus 15, 16 anos, nunca tive \u00eddolos, apesar de andar com outras garotas da minha idade, todas apaixonadas por algum cantor ou astro do cinema. Minha m\u00e3e sempre disse que, ainda no tempo da creche, era eu uma adulta de fraldas. Certo exagero, mas que talvez retrate [&hellip;]<\/p>\n","protected":false},"author":2,"featured_media":351459,"comment_status":"closed","ping_status":"closed","sticky":false,"template":"","format":"standard","meta":{"_acf_changed":false,"footnotes":""},"categories":[161],"tags":[],"class_list":["post-351458","post","type-post","status-publish","format-standard","has-post-thumbnail","hentry","category-quadradinho-em-foco"],"acf":[],"_links":{"self":[{"href":"https:\/\/www.notibras.com\/site\/wp-json\/wp\/v2\/posts\/351458","targetHints":{"allow":["GET"]}}],"collection":[{"href":"https:\/\/www.notibras.com\/site\/wp-json\/wp\/v2\/posts"}],"about":[{"href":"https:\/\/www.notibras.com\/site\/wp-json\/wp\/v2\/types\/post"}],"author":[{"embeddable":true,"href":"https:\/\/www.notibras.com\/site\/wp-json\/wp\/v2\/users\/2"}],"replies":[{"embeddable":true,"href":"https:\/\/www.notibras.com\/site\/wp-json\/wp\/v2\/comments?post=351458"}],"version-history":[{"count":2,"href":"https:\/\/www.notibras.com\/site\/wp-json\/wp\/v2\/posts\/351458\/revisions"}],"predecessor-version":[{"id":351461,"href":"https:\/\/www.notibras.com\/site\/wp-json\/wp\/v2\/posts\/351458\/revisions\/351461"}],"wp:featuredmedia":[{"embeddable":true,"href":"https:\/\/www.notibras.com\/site\/wp-json\/wp\/v2\/media\/351459"}],"wp:attachment":[{"href":"https:\/\/www.notibras.com\/site\/wp-json\/wp\/v2\/media?parent=351458"}],"wp:term":[{"taxonomy":"category","embeddable":true,"href":"https:\/\/www.notibras.com\/site\/wp-json\/wp\/v2\/categories?post=351458"},{"taxonomy":"post_tag","embeddable":true,"href":"https:\/\/www.notibras.com\/site\/wp-json\/wp\/v2\/tags?post=351458"}],"curies":[{"name":"wp","href":"https:\/\/api.w.org\/{rel}","templated":true}]}}