{"id":351584,"date":"2025-04-08T13:02:34","date_gmt":"2025-04-08T16:02:34","guid":{"rendered":"https:\/\/www.notibras.com\/site\/?p=351584"},"modified":"2025-04-08T13:38:56","modified_gmt":"2025-04-08T16:38:56","slug":"juscelino-ministro-maranhense-age-mal-com-uso-de-dindim-e-balanca","status":"publish","type":"post","link":"https:\/\/www.notibras.com\/site\/juscelino-ministro-maranhense-age-mal-com-uso-de-dindim-e-balanca\/","title":{"rendered":"Juscelino, ministro maranhense, age mal com uso de dindim e balan\u00e7a"},"content":{"rendered":"<p>A Procuradoria-Geral da Rep\u00fablica (PGR) apresentou ao Supremo Tribunal Federal (STF) uma den\u00fancia contra o ministro das Comunica\u00e7\u00f5es, Juscelino Filho, por supostos desvios em emendas parlamentares quando ele era deputado federal.<\/p>\n<p>A acusa\u00e7\u00e3o formal foi apresentada na semana passada ao ministro Fl\u00e1vio Dino, relator das investiga\u00e7\u00f5es sobre o caso no Supremo. O processo corre sob sigilo. O envio da den\u00fancia foi revelada pelo portal UOL e confirmada pela Ag\u00eancia Brasil.<\/p>\n<p>A den\u00fancia tem rela\u00e7\u00e3o com as suspeitas de uso indevido de recursos p\u00fablicos para a pavimenta\u00e7\u00e3o de estradas que d\u00e3o acesso a propriedades da fam\u00edlia de Juscelino Filho na cidade de Vitorino Freire (MA). A irm\u00e3 do ministro, Luanna Rezende, \u00e9 a prefeita do munic\u00edpio.<\/p>\n<p>Em junho do ano passado, a Pol\u00edcia Federal (PF) indiciou o ministro pelos crimes de organiza\u00e7\u00e3o criminosa, lavagem de dinheiro e corrup\u00e7\u00e3o passiva.<\/p>\n<p>As investiga\u00e7\u00f5es tiveram como ponto de partida relat\u00f3rio da Controladoria-Geral da Uni\u00e3o (CGU) e chegou ao que seria uma empresa de fachada, contratada para obras de pavimenta\u00e7\u00e3o pela Companhia de Desenvolvimento dos Vales do S\u00e3o Francisco e do Parna\u00edba (Codevasf).<\/p>\n<p>Ap\u00f3s a PGR enviar a den\u00fancia, o ministro Fl\u00e1vio Dino deve enviar o caso para a Primeira Turma, para que seja decidido se a acusa\u00e7\u00e3o merece se tornar uma a\u00e7\u00e3o penal, o que tornaria Juscelino Filho r\u00e9u no Supremo.<\/p>\n<p>Se uma a\u00e7\u00e3o penal for aberta, tem in\u00edcio uma nova fase de instru\u00e7\u00e3o processual, com a oitiva de testemunhas e a poss\u00edvel produ\u00e7\u00e3o de novas provas. N\u00e3o h\u00e1 prazo definido para o julgamento final do caso, em que Juscelino Filho poder\u00e1 ser condenado ou absolvido.<\/p>\n<p><strong>Defesa <\/strong><br \/>\n\u201cO ministro reafirma sua total inoc\u00eancia e destaca que o oferecimento de uma den\u00fancia n\u00e3o implica em culpa, nem pode servir de instrumento para o MP pautar o pa\u00eds. O julgamento cabe ao Supremo Tribunal Federal (STF), em quem Juscelino Filho confia que rejeitar\u00e1 a pe\u00e7a acusat\u00f3ria diante da sua manifesta aus\u00eancia de provas\u201d, disse, em nota, a defesa de Juscelino Filho.<\/p>\n<p>Assinado pelos advogados Ticiano Figueiredo, Pedro Ivo Velloso e Francisco Agosti, o texto acrescenta que a apresenta\u00e7\u00e3o den\u00fancia representa \u201ca melhor oportunidade para se colocar um fim definitivo a essa maratona de factoides que vem se arrastando por quase 3 anos, com a palavra final da inst\u00e2ncia m\u00e1xima do Poder Judici\u00e1rio nacional\u201d.<\/p>\n<p>\u201cComo deputado federal, no mandato anterior, Juscelino Filho limitou-se a indicar emendas parlamentares para custear a realiza\u00e7\u00e3o de obras em benef\u00edcio da popula\u00e7\u00e3o. Os processos de licita\u00e7\u00e3o, execu\u00e7\u00e3o e fiscaliza\u00e7\u00e3o dessas obras s\u00e3o de compet\u00eancia exclusiva do Poder Executivo, n\u00e3o sendo responsabilidade do parlamentar que indicou os recursos\u201d, acrescenta a nota.<\/p>\n<p>O texto encerra afirmando que \u201co ministro reitera sua confian\u00e7a na Justi\u00e7a e na imparcialidade do Supremo Tribunal Federal, acreditando que a verdade prevalecer\u00e1 e que sua inoc\u00eancia ser\u00e1 devidamente comprovada\u201d.<\/p>\n","protected":false},"excerpt":{"rendered":"<p>A Procuradoria-Geral da Rep\u00fablica (PGR) apresentou ao Supremo Tribunal Federal (STF) uma den\u00fancia contra o ministro das Comunica\u00e7\u00f5es, Juscelino Filho, por supostos desvios em emendas parlamentares quando ele era deputado federal. A acusa\u00e7\u00e3o formal foi apresentada na semana passada ao ministro Fl\u00e1vio Dino, relator das investiga\u00e7\u00f5es sobre o caso no Supremo. O processo corre sob [&hellip;]<\/p>\n","protected":false},"author":2,"featured_media":351585,"comment_status":"closed","ping_status":"closed","sticky":false,"template":"","format":"standard","meta":{"_acf_changed":false,"footnotes":""},"categories":[165],"tags":[95],"class_list":["post-351584","post","type-post","status-publish","format-standard","has-post-thumbnail","hentry","category-nordeste","tag-capa"],"acf":[],"yoast_head":"<!-- This site is optimized with the Yoast SEO plugin v27.5 - https:\/\/yoast.com\/product\/yoast-seo-wordpress\/ -->\n<title>Juscelino, ministro maranhense, age mal com uso de dindim e balan\u00e7a - Notibras<\/title>\n<meta name=\"robots\" content=\"index, follow, max-snippet:-1, max-image-preview:large, max-video-preview:-1\" \/>\n<link rel=\"canonical\" href=\"https:\/\/www.notibras.com\/site\/juscelino-ministro-maranhense-age-mal-com-uso-de-dindim-e-balanca\/\" \/>\n<meta property=\"og:locale\" content=\"pt_BR\" \/>\n<meta property=\"og:type\" content=\"article\" \/>\n<meta property=\"og:title\" content=\"Juscelino, ministro maranhense, age mal com uso de dindim e balan\u00e7a - Notibras\" \/>\n<meta property=\"og:description\" content=\"A Procuradoria-Geral da Rep\u00fablica (PGR) apresentou ao Supremo Tribunal Federal (STF) uma den\u00fancia contra o ministro das Comunica\u00e7\u00f5es, Juscelino Filho, por supostos desvios em emendas parlamentares quando ele era deputado federal. A acusa\u00e7\u00e3o formal foi apresentada na semana passada ao ministro Fl\u00e1vio Dino, relator das investiga\u00e7\u00f5es sobre o caso no Supremo. O processo corre sob [&hellip;]\" \/>\n<meta property=\"og:url\" content=\"https:\/\/www.notibras.com\/site\/juscelino-ministro-maranhense-age-mal-com-uso-de-dindim-e-balanca\/\" \/>\n<meta property=\"og:site_name\" content=\"Notibras\" \/>\n<meta property=\"article:publisher\" content=\"https:\/\/www.facebook.com\/notibras\/\" \/>\n<meta property=\"article:published_time\" content=\"2025-04-08T16:02:34+00:00\" \/>\n<meta property=\"article:modified_time\" content=\"2025-04-08T16:38:56+00:00\" \/>\n<meta property=\"og:image\" content=\"https:\/\/www.notibras.com\/site\/wp-content\/uploads\/2025\/04\/mg_7117.webp\" \/>\n\t<meta property=\"og:image:width\" content=\"1170\" \/>\n\t<meta property=\"og:image:height\" content=\"700\" \/>\n\t<meta property=\"og:image:type\" content=\"image\/webp\" \/>\n<meta name=\"author\" content=\"Reda\u00e7\u00e3o\" \/>\n<meta name=\"twitter:card\" content=\"summary_large_image\" \/>\n<meta name=\"twitter:creator\" content=\"@Notibras\" \/>\n<meta name=\"twitter:site\" content=\"@Notibras\" \/>\n<meta name=\"twitter:label1\" content=\"Escrito por\" \/>\n\t<meta name=\"twitter:data1\" content=\"Reda\u00e7\u00e3o\" \/>\n\t<meta name=\"twitter:label2\" content=\"Est. tempo de leitura\" \/>\n\t<meta name=\"twitter:data2\" content=\"3 minutos\" \/>\n<script type=\"application\/ld+json\" class=\"yoast-schema-graph\">{\"@context\":\"https:\\\/\\\/schema.org\",\"@graph\":[{\"@type\":\"Article\",\"@id\":\"https:\\\/\\\/www.notibras.com\\\/site\\\/juscelino-ministro-maranhense-age-mal-com-uso-de-dindim-e-balanca\\\/#article\",\"isPartOf\":{\"@id\":\"https:\\\/\\\/www.notibras.com\\\/site\\\/juscelino-ministro-maranhense-age-mal-com-uso-de-dindim-e-balanca\\\/\"},\"author\":{\"name\":\"Reda\u00e7\u00e3o\",\"@id\":\"https:\\\/\\\/www.notibras.com\\\/site\\\/#\\\/schema\\\/person\\\/36ab0979449956132d3e5b517ea76ac8\"},\"headline\":\"Juscelino, ministro maranhense, age mal com uso de dindim e balan\u00e7a\",\"datePublished\":\"2025-04-08T16:02:34+00:00\",\"dateModified\":\"2025-04-08T16:38:56+00:00\",\"mainEntityOfPage\":{\"@id\":\"https:\\\/\\\/www.notibras.com\\\/site\\\/juscelino-ministro-maranhense-age-mal-com-uso-de-dindim-e-balanca\\\/\"},\"wordCount\":529,\"publisher\":{\"@id\":\"https:\\\/\\\/www.notibras.com\\\/site\\\/#organization\"},\"image\":{\"@id\":\"https:\\\/\\\/www.notibras.com\\\/site\\\/juscelino-ministro-maranhense-age-mal-com-uso-de-dindim-e-balanca\\\/#primaryimage\"},\"thumbnailUrl\":\"https:\\\/\\\/www.notibras.com\\\/site\\\/wp-content\\\/uploads\\\/2025\\\/04\\\/mg_7117.webp\",\"keywords\":[\"capa\"],\"articleSection\":[\"Nordeste\"],\"inLanguage\":\"pt-BR\"},{\"@type\":\"WebPage\",\"@id\":\"https:\\\/\\\/www.notibras.com\\\/site\\\/juscelino-ministro-maranhense-age-mal-com-uso-de-dindim-e-balanca\\\/\",\"url\":\"https:\\\/\\\/www.notibras.com\\\/site\\\/juscelino-ministro-maranhense-age-mal-com-uso-de-dindim-e-balanca\\\/\",\"name\":\"Juscelino, ministro maranhense, age mal com uso de dindim e balan\u00e7a - Notibras\",\"isPartOf\":{\"@id\":\"https:\\\/\\\/www.notibras.com\\\/site\\\/#website\"},\"primaryImageOfPage\":{\"@id\":\"https:\\\/\\\/www.notibras.com\\\/site\\\/juscelino-ministro-maranhense-age-mal-com-uso-de-dindim-e-balanca\\\/#primaryimage\"},\"image\":{\"@id\":\"https:\\\/\\\/www.notibras.com\\\/site\\\/juscelino-ministro-maranhense-age-mal-com-uso-de-dindim-e-balanca\\\/#primaryimage\"},\"thumbnailUrl\":\"https:\\\/\\\/www.notibras.com\\\/site\\\/wp-content\\\/uploads\\\/2025\\\/04\\\/mg_7117.webp\",\"datePublished\":\"2025-04-08T16:02:34+00:00\",\"dateModified\":\"2025-04-08T16:38:56+00:00\",\"breadcrumb\":{\"@id\":\"https:\\\/\\\/www.notibras.com\\\/site\\\/juscelino-ministro-maranhense-age-mal-com-uso-de-dindim-e-balanca\\\/#breadcrumb\"},\"inLanguage\":\"pt-BR\",\"potentialAction\":[{\"@type\":\"ReadAction\",\"target\":[\"https:\\\/\\\/www.notibras.com\\\/site\\\/juscelino-ministro-maranhense-age-mal-com-uso-de-dindim-e-balanca\\\/\"]}]},{\"@type\":\"ImageObject\",\"inLanguage\":\"pt-BR\",\"@id\":\"https:\\\/\\\/www.notibras.com\\\/site\\\/juscelino-ministro-maranhense-age-mal-com-uso-de-dindim-e-balanca\\\/#primaryimage\",\"url\":\"https:\\\/\\\/www.notibras.com\\\/site\\\/wp-content\\\/uploads\\\/2025\\\/04\\\/mg_7117.webp\",\"contentUrl\":\"https:\\\/\\\/www.notibras.com\\\/site\\\/wp-content\\\/uploads\\\/2025\\\/04\\\/mg_7117.webp\",\"width\":1170,\"height\":700},{\"@type\":\"BreadcrumbList\",\"@id\":\"https:\\\/\\\/www.notibras.com\\\/site\\\/juscelino-ministro-maranhense-age-mal-com-uso-de-dindim-e-balanca\\\/#breadcrumb\",\"itemListElement\":[{\"@type\":\"ListItem\",\"position\":1,\"name\":\"In\u00edcio\",\"item\":\"https:\\\/\\\/www.notibras.com\\\/site\\\/\"},{\"@type\":\"ListItem\",\"position\":2,\"name\":\"Juscelino, ministro maranhense, age mal com uso de dindim e balan\u00e7a\"}]},{\"@type\":\"WebSite\",\"@id\":\"https:\\\/\\\/www.notibras.com\\\/site\\\/#website\",\"url\":\"https:\\\/\\\/www.notibras.com\\\/site\\\/\",\"name\":\"Notibras\",\"description\":\"Not\u00edcias de Bras\u00edlia, do Brasil e do Mundo\",\"publisher\":{\"@id\":\"https:\\\/\\\/www.notibras.com\\\/site\\\/#organization\"},\"potentialAction\":[{\"@type\":\"SearchAction\",\"target\":{\"@type\":\"EntryPoint\",\"urlTemplate\":\"https:\\\/\\\/www.notibras.com\\\/site\\\/?s={search_term_string}\"},\"query-input\":{\"@type\":\"PropertyValueSpecification\",\"valueRequired\":true,\"valueName\":\"search_term_string\"}}],\"inLanguage\":\"pt-BR\"},{\"@type\":\"Organization\",\"@id\":\"https:\\\/\\\/www.notibras.com\\\/site\\\/#organization\",\"name\":\"Grupo Notibras de Comunica\u00e7\u00e3o\",\"url\":\"https:\\\/\\\/www.notibras.com\\\/site\\\/\",\"logo\":{\"@type\":\"ImageObject\",\"inLanguage\":\"pt-BR\",\"@id\":\"https:\\\/\\\/www.notibras.com\\\/site\\\/#\\\/schema\\\/logo\\\/image\\\/\",\"url\":\"https:\\\/\\\/www.notibras.com\\\/site\\\/wp-content\\\/uploads\\\/2023\\\/01\\\/notibras23.png\",\"contentUrl\":\"https:\\\/\\\/www.notibras.com\\\/site\\\/wp-content\\\/uploads\\\/2023\\\/01\\\/notibras23.png\",\"width\":350,\"height\":87,\"caption\":\"Grupo Notibras de Comunica\u00e7\u00e3o\"},\"image\":{\"@id\":\"https:\\\/\\\/www.notibras.com\\\/site\\\/#\\\/schema\\\/logo\\\/image\\\/\"},\"sameAs\":[\"https:\\\/\\\/www.facebook.com\\\/notibras\\\/\",\"https:\\\/\\\/x.com\\\/Notibras\",\"https:\\\/\\\/www.instagram.com\\\/notibras\\\/\"]},{\"@type\":\"Person\",\"@id\":\"https:\\\/\\\/www.notibras.com\\\/site\\\/#\\\/schema\\\/person\\\/36ab0979449956132d3e5b517ea76ac8\",\"name\":\"Reda\u00e7\u00e3o\",\"image\":{\"@type\":\"ImageObject\",\"inLanguage\":\"pt-BR\",\"@id\":\"https:\\\/\\\/secure.gravatar.com\\\/avatar\\\/e0a867bdedb85fd243eadf09663511f96fc81e0720a4a42581f334ad4303aa6b?s=96&d=mm&r=g\",\"url\":\"https:\\\/\\\/secure.gravatar.com\\\/avatar\\\/e0a867bdedb85fd243eadf09663511f96fc81e0720a4a42581f334ad4303aa6b?s=96&d=mm&r=g\",\"contentUrl\":\"https:\\\/\\\/secure.gravatar.com\\\/avatar\\\/e0a867bdedb85fd243eadf09663511f96fc81e0720a4a42581f334ad4303aa6b?s=96&d=mm&r=g\",\"caption\":\"Reda\u00e7\u00e3o\"}}]}<\/script>\n<!-- \/ Yoast SEO plugin. -->","yoast_head_json":{"title":"Juscelino, ministro maranhense, age mal com uso de dindim e balan\u00e7a - Notibras","robots":{"index":"index","follow":"follow","max-snippet":"max-snippet:-1","max-image-preview":"max-image-preview:large","max-video-preview":"max-video-preview:-1"},"canonical":"https:\/\/www.notibras.com\/site\/juscelino-ministro-maranhense-age-mal-com-uso-de-dindim-e-balanca\/","og_locale":"pt_BR","og_type":"article","og_title":"Juscelino, ministro maranhense, age mal com uso de dindim e balan\u00e7a - Notibras","og_description":"A Procuradoria-Geral da Rep\u00fablica (PGR) apresentou ao Supremo Tribunal Federal (STF) uma den\u00fancia contra o ministro das Comunica\u00e7\u00f5es, Juscelino Filho, por supostos desvios em emendas parlamentares quando ele era deputado federal. A acusa\u00e7\u00e3o formal foi apresentada na semana passada ao ministro Fl\u00e1vio Dino, relator das investiga\u00e7\u00f5es sobre o caso no Supremo. O processo corre sob [&hellip;]","og_url":"https:\/\/www.notibras.com\/site\/juscelino-ministro-maranhense-age-mal-com-uso-de-dindim-e-balanca\/","og_site_name":"Notibras","article_publisher":"https:\/\/www.facebook.com\/notibras\/","article_published_time":"2025-04-08T16:02:34+00:00","article_modified_time":"2025-04-08T16:38:56+00:00","og_image":[{"width":1170,"height":700,"url":"https:\/\/www.notibras.com\/site\/wp-content\/uploads\/2025\/04\/mg_7117.webp","type":"image\/webp"}],"author":"Reda\u00e7\u00e3o","twitter_card":"summary_large_image","twitter_creator":"@Notibras","twitter_site":"@Notibras","twitter_misc":{"Escrito por":"Reda\u00e7\u00e3o","Est. tempo de leitura":"3 minutos"},"schema":{"@context":"https:\/\/schema.org","@graph":[{"@type":"Article","@id":"https:\/\/www.notibras.com\/site\/juscelino-ministro-maranhense-age-mal-com-uso-de-dindim-e-balanca\/#article","isPartOf":{"@id":"https:\/\/www.notibras.com\/site\/juscelino-ministro-maranhense-age-mal-com-uso-de-dindim-e-balanca\/"},"author":{"name":"Reda\u00e7\u00e3o","@id":"https:\/\/www.notibras.com\/site\/#\/schema\/person\/36ab0979449956132d3e5b517ea76ac8"},"headline":"Juscelino, ministro maranhense, age mal com uso de dindim e balan\u00e7a","datePublished":"2025-04-08T16:02:34+00:00","dateModified":"2025-04-08T16:38:56+00:00","mainEntityOfPage":{"@id":"https:\/\/www.notibras.com\/site\/juscelino-ministro-maranhense-age-mal-com-uso-de-dindim-e-balanca\/"},"wordCount":529,"publisher":{"@id":"https:\/\/www.notibras.com\/site\/#organization"},"image":{"@id":"https:\/\/www.notibras.com\/site\/juscelino-ministro-maranhense-age-mal-com-uso-de-dindim-e-balanca\/#primaryimage"},"thumbnailUrl":"https:\/\/www.notibras.com\/site\/wp-content\/uploads\/2025\/04\/mg_7117.webp","keywords":["capa"],"articleSection":["Nordeste"],"inLanguage":"pt-BR"},{"@type":"WebPage","@id":"https:\/\/www.notibras.com\/site\/juscelino-ministro-maranhense-age-mal-com-uso-de-dindim-e-balanca\/","url":"https:\/\/www.notibras.com\/site\/juscelino-ministro-maranhense-age-mal-com-uso-de-dindim-e-balanca\/","name":"Juscelino, ministro maranhense, age mal com uso de dindim e balan\u00e7a - Notibras","isPartOf":{"@id":"https:\/\/www.notibras.com\/site\/#website"},"primaryImageOfPage":{"@id":"https:\/\/www.notibras.com\/site\/juscelino-ministro-maranhense-age-mal-com-uso-de-dindim-e-balanca\/#primaryimage"},"image":{"@id":"https:\/\/www.notibras.com\/site\/juscelino-ministro-maranhense-age-mal-com-uso-de-dindim-e-balanca\/#primaryimage"},"thumbnailUrl":"https:\/\/www.notibras.com\/site\/wp-content\/uploads\/2025\/04\/mg_7117.webp","datePublished":"2025-04-08T16:02:34+00:00","dateModified":"2025-04-08T16:38:56+00:00","breadcrumb":{"@id":"https:\/\/www.notibras.com\/site\/juscelino-ministro-maranhense-age-mal-com-uso-de-dindim-e-balanca\/#breadcrumb"},"inLanguage":"pt-BR","potentialAction":[{"@type":"ReadAction","target":["https:\/\/www.notibras.com\/site\/juscelino-ministro-maranhense-age-mal-com-uso-de-dindim-e-balanca\/"]}]},{"@type":"ImageObject","inLanguage":"pt-BR","@id":"https:\/\/www.notibras.com\/site\/juscelino-ministro-maranhense-age-mal-com-uso-de-dindim-e-balanca\/#primaryimage","url":"https:\/\/www.notibras.com\/site\/wp-content\/uploads\/2025\/04\/mg_7117.webp","contentUrl":"https:\/\/www.notibras.com\/site\/wp-content\/uploads\/2025\/04\/mg_7117.webp","width":1170,"height":700},{"@type":"BreadcrumbList","@id":"https:\/\/www.notibras.com\/site\/juscelino-ministro-maranhense-age-mal-com-uso-de-dindim-e-balanca\/#breadcrumb","itemListElement":[{"@type":"ListItem","position":1,"name":"In\u00edcio","item":"https:\/\/www.notibras.com\/site\/"},{"@type":"ListItem","position":2,"name":"Juscelino, ministro maranhense, age mal com uso de dindim e balan\u00e7a"}]},{"@type":"WebSite","@id":"https:\/\/www.notibras.com\/site\/#website","url":"https:\/\/www.notibras.com\/site\/","name":"Notibras","description":"Not\u00edcias de Bras\u00edlia, do Brasil e do Mundo","publisher":{"@id":"https:\/\/www.notibras.com\/site\/#organization"},"potentialAction":[{"@type":"SearchAction","target":{"@type":"EntryPoint","urlTemplate":"https:\/\/www.notibras.com\/site\/?s={search_term_string}"},"query-input":{"@type":"PropertyValueSpecification","valueRequired":true,"valueName":"search_term_string"}}],"inLanguage":"pt-BR"},{"@type":"Organization","@id":"https:\/\/www.notibras.com\/site\/#organization","name":"Grupo Notibras de Comunica\u00e7\u00e3o","url":"https:\/\/www.notibras.com\/site\/","logo":{"@type":"ImageObject","inLanguage":"pt-BR","@id":"https:\/\/www.notibras.com\/site\/#\/schema\/logo\/image\/","url":"https:\/\/www.notibras.com\/site\/wp-content\/uploads\/2023\/01\/notibras23.png","contentUrl":"https:\/\/www.notibras.com\/site\/wp-content\/uploads\/2023\/01\/notibras23.png","width":350,"height":87,"caption":"Grupo Notibras de Comunica\u00e7\u00e3o"},"image":{"@id":"https:\/\/www.notibras.com\/site\/#\/schema\/logo\/image\/"},"sameAs":["https:\/\/www.facebook.com\/notibras\/","https:\/\/x.com\/Notibras","https:\/\/www.instagram.com\/notibras\/"]},{"@type":"Person","@id":"https:\/\/www.notibras.com\/site\/#\/schema\/person\/36ab0979449956132d3e5b517ea76ac8","name":"Reda\u00e7\u00e3o","image":{"@type":"ImageObject","inLanguage":"pt-BR","@id":"https:\/\/secure.gravatar.com\/avatar\/e0a867bdedb85fd243eadf09663511f96fc81e0720a4a42581f334ad4303aa6b?s=96&d=mm&r=g","url":"https:\/\/secure.gravatar.com\/avatar\/e0a867bdedb85fd243eadf09663511f96fc81e0720a4a42581f334ad4303aa6b?s=96&d=mm&r=g","contentUrl":"https:\/\/secure.gravatar.com\/avatar\/e0a867bdedb85fd243eadf09663511f96fc81e0720a4a42581f334ad4303aa6b?s=96&d=mm&r=g","caption":"Reda\u00e7\u00e3o"}}]}},"amp_enabled":true,"_links":{"self":[{"href":"https:\/\/www.notibras.com\/site\/wp-json\/wp\/v2\/posts\/351584","targetHints":{"allow":["GET"]}}],"collection":[{"href":"https:\/\/www.notibras.com\/site\/wp-json\/wp\/v2\/posts"}],"about":[{"href":"https:\/\/www.notibras.com\/site\/wp-json\/wp\/v2\/types\/post"}],"author":[{"embeddable":true,"href":"https:\/\/www.notibras.com\/site\/wp-json\/wp\/v2\/users\/2"}],"replies":[{"embeddable":true,"href":"https:\/\/www.notibras.com\/site\/wp-json\/wp\/v2\/comments?post=351584"}],"version-history":[{"count":5,"href":"https:\/\/www.notibras.com\/site\/wp-json\/wp\/v2\/posts\/351584\/revisions"}],"predecessor-version":[{"id":351590,"href":"https:\/\/www.notibras.com\/site\/wp-json\/wp\/v2\/posts\/351584\/revisions\/351590"}],"wp:featuredmedia":[{"embeddable":true,"href":"https:\/\/www.notibras.com\/site\/wp-json\/wp\/v2\/media\/351585"}],"wp:attachment":[{"href":"https:\/\/www.notibras.com\/site\/wp-json\/wp\/v2\/media?parent=351584"}],"wp:term":[{"taxonomy":"category","embeddable":true,"href":"https:\/\/www.notibras.com\/site\/wp-json\/wp\/v2\/categories?post=351584"},{"taxonomy":"post_tag","embeddable":true,"href":"https:\/\/www.notibras.com\/site\/wp-json\/wp\/v2\/tags?post=351584"}],"curies":[{"name":"wp","href":"https:\/\/api.w.org\/{rel}","templated":true}]}}