{"id":351596,"date":"2025-04-08T18:03:41","date_gmt":"2025-04-08T21:03:41","guid":{"rendered":"https:\/\/www.notibras.com\/site\/?p=351596"},"modified":"2025-04-08T20:06:48","modified_gmt":"2025-04-08T23:06:48","slug":"diferencas-marcam-a-semana-santa-entre-catolicos-e-evangelicos-nordestinos","status":"publish","type":"post","link":"https:\/\/www.notibras.com\/site\/diferencas-marcam-a-semana-santa-entre-catolicos-e-evangelicos-nordestinos\/","title":{"rendered":"Diferen\u00e7as marcam a Semana Santa entre cat\u00f3licos e evang\u00e9licos nordestinos"},"content":{"rendered":"<p>A Semana Santa \u00e9 uma tradi\u00e7\u00e3o religiosa profundamente enraizada na cultura brasileira, especialmente no contexto cat\u00f3lico. No entanto, o Brasil tamb\u00e9m possui uma grande popula\u00e7\u00e3o evang\u00e9lica, e a maneira como os evang\u00e9licos interpretam a Semana Santa \u00e9 marcada por algumas diferen\u00e7as significativas em rela\u00e7\u00e3o \u00e0 vis\u00e3o cat\u00f3lica.<\/p>\n<p>Para os evang\u00e9licos, a Semana Santa \u00e9 um momento de reflex\u00e3o sobre a paix\u00e3o, morte e ressurrei\u00e7\u00e3o de Jesus Cristo, mas com uma \u00eanfase menor nas celebra\u00e7\u00f5es lit\u00fargicas tradicionais, como as que ocorrem nas igrejas cat\u00f3licas. Ao inv\u00e9s de participar das tradicionais missas, prociss\u00f5es e representa\u00e7\u00f5es teatrais da Paix\u00e3o, muitos evang\u00e9licos preferem concentrar-se no estudo das Escrituras e em cultos de adora\u00e7\u00e3o, onde o foco \u00e9 a ora\u00e7\u00e3o e a medita\u00e7\u00e3o sobre o sacrif\u00edcio de Cristo.<\/p>\n<p><strong>Diferen\u00e7as na pr\u00e1tica<\/strong><br \/>\nA Morte e Ressurrei\u00e7\u00e3o de Cristo:\u00a0Para os evang\u00e9licos, a Semana Santa n\u00e3o envolve rituais como a encena\u00e7\u00e3o da Paix\u00e3o, que \u00e9 uma pr\u00e1tica comum no catolicismo. A \u00eanfase est\u00e1 na cren\u00e7a de que a morte e a ressurrei\u00e7\u00e3o de Jesus s\u00e3o essenciais para a salva\u00e7\u00e3o e devem ser celebradas de maneira mais direta e pessoal.<\/p>\n<p>O N\u00e3o Culto a Imagens e Rel\u00edquias:\u00a0Enquanto o catolicismo tem uma tradi\u00e7\u00e3o de venera\u00e7\u00e3o das imagens de santos e de Maria, al\u00e9m da pr\u00e1tica de romarias e peregrina\u00e7\u00f5es, os evang\u00e9licos geralmente rejeitam o culto de imagens. Para eles, a adora\u00e7\u00e3o deve ser dirigida exclusivamente a Deus, e n\u00e3o h\u00e1 espa\u00e7o para intermedi\u00e1rios ou s\u00edmbolos vis\u00edveis. Isso significa que, na Semana Santa, eles n\u00e3o participam de prociss\u00f5es ou adora\u00e7\u00f5es a imagens de Jesus ou de santos.<\/p>\n<p>S\u00e1bado de Aleluia:\u00a0O S\u00e1bado de Aleluia, que \u00e9 uma data comemorada de forma exuberante no catolicismo, \u00e9 muitas vezes visto pelos evang\u00e9licos como um momento de celebra\u00e7\u00e3o da vit\u00f3ria de Cristo sobre a morte. No entanto, a \u00eanfase do evento \u00e9 mais sobre a celebra\u00e7\u00e3o da ressurrei\u00e7\u00e3o, e menos sobre festas populares, como os tradicionais &#8220;fogos de artif\u00edcio&#8221; que marcam a data em v\u00e1rias regi\u00f5es do Brasil.<\/p>\n<p><strong>Tradi\u00e7\u00f5es regionais<\/strong><br \/>\nNo Brasil, onde o catolicismo tem uma forte presen\u00e7a cultural, a Semana Santa \u00e9 celebrada de diversas formas, como em cidades com grandes prociss\u00f5es, como em Ouro Preto (MG) e em Salvador (BA) e Nova Jerusal\u00e9m (PE), onde h\u00e1 encena\u00e7\u00f5es da Paix\u00e3o de Cristo e outras manifesta\u00e7\u00f5es art\u00edsticas e culturais. Mesmo em um pa\u00eds com uma popula\u00e7\u00e3o evang\u00e9lica crescente, as pr\u00e1ticas tradicionais cat\u00f3licas continuam a ser um marco cultural, muitas vezes em contraste com a abordagem mais s\u00f3bria dos evang\u00e9licos.<\/p>\n<p>Em algumas regi\u00f5es, como no Nordeste, os evang\u00e9licos podem ter uma postura mais isolada em rela\u00e7\u00e3o \u00e0s festividades populares, mas, ao mesmo tempo, muitos participam de encontros e cultos especiais promovidos por suas igrejas para refletir sobre o significado da P\u00e1scoa.<\/p>\n<p><strong>Influ\u00eancias culturais<\/strong><br \/>\nEmbora a Semana Santa seja um evento religioso, ela tamb\u00e9m \u00e9 uma importante parte do calend\u00e1rio cultural brasileiro, e isso inclui as diversas manifesta\u00e7\u00f5es art\u00edsticas e culturais que acontecem durante esse per\u00edodo, como m\u00fasica, dan\u00e7a e culin\u00e1ria. Muitos evang\u00e9licos, embora n\u00e3o participem das festividades tradicionais, reconhecem a import\u00e2ncia desse momento no Brasil e podem se envolver de outras formas, como em eventos que promovem a reflex\u00e3o sobre a P\u00e1scoa ou em programas de r\u00e1dio e televis\u00e3o que abordam a hist\u00f3ria de Cristo e seus ensinamentos.<\/p>\n<p>Para os evang\u00e9licos, o evento \u00e9 uma ocasi\u00e3o de celebra\u00e7\u00e3o e reflex\u00e3o, mas sem as tradi\u00e7\u00f5es cat\u00f3licas como as prociss\u00f5es e o culto a imagens. Apesar de a maior parte da popula\u00e7\u00e3o ser cat\u00f3lica, o Brasil \u00e9 um pa\u00eds plural em termos religiosos, e os evang\u00e9licos trazem uma abordagem distinta, mais centrada na leitura da B\u00edblia, no culto a Deus e na celebra\u00e7\u00e3o da ressurrei\u00e7\u00e3o de Jesus. Essa diferen\u00e7a, no entanto, n\u00e3o impede que o contexto cultural da Semana Santa continue a influenciar as pr\u00e1ticas evang\u00e9licas, especialmente no que diz respeito \u00e0 reflex\u00e3o sobre o sacrif\u00edcio e a vit\u00f3ria de Cristo.<\/p>\n","protected":false},"excerpt":{"rendered":"<p>A Semana Santa \u00e9 uma tradi\u00e7\u00e3o religiosa profundamente enraizada na cultura brasileira, especialmente no contexto cat\u00f3lico. No entanto, o Brasil tamb\u00e9m possui uma grande popula\u00e7\u00e3o evang\u00e9lica, e a maneira como os evang\u00e9licos interpretam a Semana Santa \u00e9 marcada por algumas diferen\u00e7as significativas em rela\u00e7\u00e3o \u00e0 vis\u00e3o cat\u00f3lica. Para os evang\u00e9licos, a Semana Santa \u00e9 um [&hellip;]<\/p>\n","protected":false},"author":2,"featured_media":351597,"comment_status":"closed","ping_status":"closed","sticky":false,"template":"","format":"standard","meta":{"_acf_changed":false,"footnotes":""},"categories":[165],"tags":[],"class_list":["post-351596","post","type-post","status-publish","format-standard","has-post-thumbnail","hentry","category-nordeste"],"acf":[],"yoast_head":"<!-- This site is optimized with the Yoast SEO plugin v27.2 - https:\/\/yoast.com\/product\/yoast-seo-wordpress\/ -->\n<title>Diferen\u00e7as marcam a Semana Santa entre cat\u00f3licos e evang\u00e9licos nordestinos - Notibras<\/title>\n<meta name=\"robots\" content=\"index, follow, max-snippet:-1, max-image-preview:large, max-video-preview:-1\" \/>\n<link rel=\"canonical\" href=\"https:\/\/www.notibras.com\/site\/diferencas-marcam-a-semana-santa-entre-catolicos-e-evangelicos-nordestinos\/\" \/>\n<meta property=\"og:locale\" content=\"pt_BR\" \/>\n<meta property=\"og:type\" content=\"article\" \/>\n<meta property=\"og:title\" content=\"Diferen\u00e7as marcam a Semana Santa entre cat\u00f3licos e evang\u00e9licos nordestinos - Notibras\" \/>\n<meta property=\"og:description\" content=\"A Semana Santa \u00e9 uma tradi\u00e7\u00e3o religiosa profundamente enraizada na cultura brasileira, especialmente no contexto cat\u00f3lico. No entanto, o Brasil tamb\u00e9m possui uma grande popula\u00e7\u00e3o evang\u00e9lica, e a maneira como os evang\u00e9licos interpretam a Semana Santa \u00e9 marcada por algumas diferen\u00e7as significativas em rela\u00e7\u00e3o \u00e0 vis\u00e3o cat\u00f3lica. Para os evang\u00e9licos, a Semana Santa \u00e9 um [&hellip;]\" \/>\n<meta property=\"og:url\" content=\"https:\/\/www.notibras.com\/site\/diferencas-marcam-a-semana-santa-entre-catolicos-e-evangelicos-nordestinos\/\" \/>\n<meta property=\"og:site_name\" content=\"Notibras\" \/>\n<meta property=\"article:publisher\" content=\"https:\/\/www.facebook.com\/notibras\/\" \/>\n<meta property=\"article:published_time\" content=\"2025-04-08T21:03:41+00:00\" \/>\n<meta property=\"article:modified_time\" content=\"2025-04-08T23:06:48+00:00\" \/>\n<meta property=\"og:image\" content=\"https:\/\/www.notibras.com\/site\/wp-content\/uploads\/2025\/04\/Diamantina1.jpg\" \/>\n\t<meta property=\"og:image:width\" content=\"1600\" \/>\n\t<meta property=\"og:image:height\" content=\"1067\" \/>\n\t<meta property=\"og:image:type\" content=\"image\/jpeg\" \/>\n<meta name=\"author\" content=\"Reda\u00e7\u00e3o\" \/>\n<meta name=\"twitter:card\" content=\"summary_large_image\" \/>\n<meta name=\"twitter:creator\" content=\"@Notibras\" \/>\n<meta name=\"twitter:site\" content=\"@Notibras\" \/>\n<meta name=\"twitter:label1\" content=\"Escrito por\" \/>\n\t<meta name=\"twitter:data1\" content=\"Reda\u00e7\u00e3o\" \/>\n\t<meta name=\"twitter:label2\" content=\"Est. tempo de leitura\" \/>\n\t<meta name=\"twitter:data2\" content=\"4 minutos\" \/>\n<script type=\"application\/ld+json\" class=\"yoast-schema-graph\">{\"@context\":\"https:\/\/schema.org\",\"@graph\":[{\"@type\":\"Article\",\"@id\":\"https:\/\/www.notibras.com\/site\/diferencas-marcam-a-semana-santa-entre-catolicos-e-evangelicos-nordestinos\/#article\",\"isPartOf\":{\"@id\":\"https:\/\/www.notibras.com\/site\/diferencas-marcam-a-semana-santa-entre-catolicos-e-evangelicos-nordestinos\/\"},\"author\":{\"name\":\"Reda\u00e7\u00e3o\",\"@id\":\"https:\/\/www.notibras.com\/site\/#\/schema\/person\/36ab0979449956132d3e5b517ea76ac8\"},\"headline\":\"Diferen\u00e7as marcam a Semana Santa entre cat\u00f3licos e evang\u00e9licos nordestinos\",\"datePublished\":\"2025-04-08T21:03:41+00:00\",\"dateModified\":\"2025-04-08T23:06:48+00:00\",\"mainEntityOfPage\":{\"@id\":\"https:\/\/www.notibras.com\/site\/diferencas-marcam-a-semana-santa-entre-catolicos-e-evangelicos-nordestinos\/\"},\"wordCount\":758,\"publisher\":{\"@id\":\"https:\/\/www.notibras.com\/site\/#organization\"},\"image\":{\"@id\":\"https:\/\/www.notibras.com\/site\/diferencas-marcam-a-semana-santa-entre-catolicos-e-evangelicos-nordestinos\/#primaryimage\"},\"thumbnailUrl\":\"https:\/\/www.notibras.com\/site\/wp-content\/uploads\/2025\/04\/Diamantina1.jpg\",\"articleSection\":[\"Nordeste\"],\"inLanguage\":\"pt-BR\"},{\"@type\":\"WebPage\",\"@id\":\"https:\/\/www.notibras.com\/site\/diferencas-marcam-a-semana-santa-entre-catolicos-e-evangelicos-nordestinos\/\",\"url\":\"https:\/\/www.notibras.com\/site\/diferencas-marcam-a-semana-santa-entre-catolicos-e-evangelicos-nordestinos\/\",\"name\":\"Diferen\u00e7as marcam a Semana Santa entre cat\u00f3licos e evang\u00e9licos nordestinos - Notibras\",\"isPartOf\":{\"@id\":\"https:\/\/www.notibras.com\/site\/#website\"},\"primaryImageOfPage\":{\"@id\":\"https:\/\/www.notibras.com\/site\/diferencas-marcam-a-semana-santa-entre-catolicos-e-evangelicos-nordestinos\/#primaryimage\"},\"image\":{\"@id\":\"https:\/\/www.notibras.com\/site\/diferencas-marcam-a-semana-santa-entre-catolicos-e-evangelicos-nordestinos\/#primaryimage\"},\"thumbnailUrl\":\"https:\/\/www.notibras.com\/site\/wp-content\/uploads\/2025\/04\/Diamantina1.jpg\",\"datePublished\":\"2025-04-08T21:03:41+00:00\",\"dateModified\":\"2025-04-08T23:06:48+00:00\",\"breadcrumb\":{\"@id\":\"https:\/\/www.notibras.com\/site\/diferencas-marcam-a-semana-santa-entre-catolicos-e-evangelicos-nordestinos\/#breadcrumb\"},\"inLanguage\":\"pt-BR\",\"potentialAction\":[{\"@type\":\"ReadAction\",\"target\":[\"https:\/\/www.notibras.com\/site\/diferencas-marcam-a-semana-santa-entre-catolicos-e-evangelicos-nordestinos\/\"]}]},{\"@type\":\"ImageObject\",\"inLanguage\":\"pt-BR\",\"@id\":\"https:\/\/www.notibras.com\/site\/diferencas-marcam-a-semana-santa-entre-catolicos-e-evangelicos-nordestinos\/#primaryimage\",\"url\":\"https:\/\/www.notibras.com\/site\/wp-content\/uploads\/2025\/04\/Diamantina1.jpg\",\"contentUrl\":\"https:\/\/www.notibras.com\/site\/wp-content\/uploads\/2025\/04\/Diamantina1.jpg\",\"width\":1600,\"height\":1067},{\"@type\":\"BreadcrumbList\",\"@id\":\"https:\/\/www.notibras.com\/site\/diferencas-marcam-a-semana-santa-entre-catolicos-e-evangelicos-nordestinos\/#breadcrumb\",\"itemListElement\":[{\"@type\":\"ListItem\",\"position\":1,\"name\":\"In\u00edcio\",\"item\":\"https:\/\/www.notibras.com\/site\/\"},{\"@type\":\"ListItem\",\"position\":2,\"name\":\"Diferen\u00e7as marcam a Semana Santa entre cat\u00f3licos e evang\u00e9licos nordestinos\"}]},{\"@type\":\"WebSite\",\"@id\":\"https:\/\/www.notibras.com\/site\/#website\",\"url\":\"https:\/\/www.notibras.com\/site\/\",\"name\":\"Notibras\",\"description\":\"Not\u00edcias de Bras\u00edlia, do Brasil e do Mundo\",\"publisher\":{\"@id\":\"https:\/\/www.notibras.com\/site\/#organization\"},\"potentialAction\":[{\"@type\":\"SearchAction\",\"target\":{\"@type\":\"EntryPoint\",\"urlTemplate\":\"https:\/\/www.notibras.com\/site\/?s={search_term_string}\"},\"query-input\":{\"@type\":\"PropertyValueSpecification\",\"valueRequired\":true,\"valueName\":\"search_term_string\"}}],\"inLanguage\":\"pt-BR\"},{\"@type\":\"Organization\",\"@id\":\"https:\/\/www.notibras.com\/site\/#organization\",\"name\":\"Grupo Notibras de Comunica\u00e7\u00e3o\",\"url\":\"https:\/\/www.notibras.com\/site\/\",\"logo\":{\"@type\":\"ImageObject\",\"inLanguage\":\"pt-BR\",\"@id\":\"https:\/\/www.notibras.com\/site\/#\/schema\/logo\/image\/\",\"url\":\"https:\/\/www.notibras.com\/site\/wp-content\/uploads\/2023\/01\/notibras23.png\",\"contentUrl\":\"https:\/\/www.notibras.com\/site\/wp-content\/uploads\/2023\/01\/notibras23.png\",\"width\":350,\"height\":87,\"caption\":\"Grupo Notibras de Comunica\u00e7\u00e3o\"},\"image\":{\"@id\":\"https:\/\/www.notibras.com\/site\/#\/schema\/logo\/image\/\"},\"sameAs\":[\"https:\/\/www.facebook.com\/notibras\/\",\"https:\/\/x.com\/Notibras\",\"https:\/\/www.instagram.com\/notibras\/\"]},{\"@type\":\"Person\",\"@id\":\"https:\/\/www.notibras.com\/site\/#\/schema\/person\/36ab0979449956132d3e5b517ea76ac8\",\"name\":\"Reda\u00e7\u00e3o\",\"image\":{\"@type\":\"ImageObject\",\"inLanguage\":\"pt-BR\",\"@id\":\"https:\/\/secure.gravatar.com\/avatar\/e0a867bdedb85fd243eadf09663511f96fc81e0720a4a42581f334ad4303aa6b?s=96&d=mm&r=g\",\"url\":\"https:\/\/secure.gravatar.com\/avatar\/e0a867bdedb85fd243eadf09663511f96fc81e0720a4a42581f334ad4303aa6b?s=96&d=mm&r=g\",\"contentUrl\":\"https:\/\/secure.gravatar.com\/avatar\/e0a867bdedb85fd243eadf09663511f96fc81e0720a4a42581f334ad4303aa6b?s=96&d=mm&r=g\",\"caption\":\"Reda\u00e7\u00e3o\"}}]}<\/script>\n<!-- \/ Yoast SEO plugin. -->","yoast_head_json":{"title":"Diferen\u00e7as marcam a Semana Santa entre cat\u00f3licos e evang\u00e9licos nordestinos - Notibras","robots":{"index":"index","follow":"follow","max-snippet":"max-snippet:-1","max-image-preview":"max-image-preview:large","max-video-preview":"max-video-preview:-1"},"canonical":"https:\/\/www.notibras.com\/site\/diferencas-marcam-a-semana-santa-entre-catolicos-e-evangelicos-nordestinos\/","og_locale":"pt_BR","og_type":"article","og_title":"Diferen\u00e7as marcam a Semana Santa entre cat\u00f3licos e evang\u00e9licos nordestinos - Notibras","og_description":"A Semana Santa \u00e9 uma tradi\u00e7\u00e3o religiosa profundamente enraizada na cultura brasileira, especialmente no contexto cat\u00f3lico. No entanto, o Brasil tamb\u00e9m possui uma grande popula\u00e7\u00e3o evang\u00e9lica, e a maneira como os evang\u00e9licos interpretam a Semana Santa \u00e9 marcada por algumas diferen\u00e7as significativas em rela\u00e7\u00e3o \u00e0 vis\u00e3o cat\u00f3lica. Para os evang\u00e9licos, a Semana Santa \u00e9 um [&hellip;]","og_url":"https:\/\/www.notibras.com\/site\/diferencas-marcam-a-semana-santa-entre-catolicos-e-evangelicos-nordestinos\/","og_site_name":"Notibras","article_publisher":"https:\/\/www.facebook.com\/notibras\/","article_published_time":"2025-04-08T21:03:41+00:00","article_modified_time":"2025-04-08T23:06:48+00:00","og_image":[{"width":1600,"height":1067,"url":"https:\/\/www.notibras.com\/site\/wp-content\/uploads\/2025\/04\/Diamantina1.jpg","type":"image\/jpeg"}],"author":"Reda\u00e7\u00e3o","twitter_card":"summary_large_image","twitter_creator":"@Notibras","twitter_site":"@Notibras","twitter_misc":{"Escrito por":"Reda\u00e7\u00e3o","Est. tempo de leitura":"4 minutos"},"schema":{"@context":"https:\/\/schema.org","@graph":[{"@type":"Article","@id":"https:\/\/www.notibras.com\/site\/diferencas-marcam-a-semana-santa-entre-catolicos-e-evangelicos-nordestinos\/#article","isPartOf":{"@id":"https:\/\/www.notibras.com\/site\/diferencas-marcam-a-semana-santa-entre-catolicos-e-evangelicos-nordestinos\/"},"author":{"name":"Reda\u00e7\u00e3o","@id":"https:\/\/www.notibras.com\/site\/#\/schema\/person\/36ab0979449956132d3e5b517ea76ac8"},"headline":"Diferen\u00e7as marcam a Semana Santa entre cat\u00f3licos e evang\u00e9licos nordestinos","datePublished":"2025-04-08T21:03:41+00:00","dateModified":"2025-04-08T23:06:48+00:00","mainEntityOfPage":{"@id":"https:\/\/www.notibras.com\/site\/diferencas-marcam-a-semana-santa-entre-catolicos-e-evangelicos-nordestinos\/"},"wordCount":758,"publisher":{"@id":"https:\/\/www.notibras.com\/site\/#organization"},"image":{"@id":"https:\/\/www.notibras.com\/site\/diferencas-marcam-a-semana-santa-entre-catolicos-e-evangelicos-nordestinos\/#primaryimage"},"thumbnailUrl":"https:\/\/www.notibras.com\/site\/wp-content\/uploads\/2025\/04\/Diamantina1.jpg","articleSection":["Nordeste"],"inLanguage":"pt-BR"},{"@type":"WebPage","@id":"https:\/\/www.notibras.com\/site\/diferencas-marcam-a-semana-santa-entre-catolicos-e-evangelicos-nordestinos\/","url":"https:\/\/www.notibras.com\/site\/diferencas-marcam-a-semana-santa-entre-catolicos-e-evangelicos-nordestinos\/","name":"Diferen\u00e7as marcam a Semana Santa entre cat\u00f3licos e evang\u00e9licos nordestinos - Notibras","isPartOf":{"@id":"https:\/\/www.notibras.com\/site\/#website"},"primaryImageOfPage":{"@id":"https:\/\/www.notibras.com\/site\/diferencas-marcam-a-semana-santa-entre-catolicos-e-evangelicos-nordestinos\/#primaryimage"},"image":{"@id":"https:\/\/www.notibras.com\/site\/diferencas-marcam-a-semana-santa-entre-catolicos-e-evangelicos-nordestinos\/#primaryimage"},"thumbnailUrl":"https:\/\/www.notibras.com\/site\/wp-content\/uploads\/2025\/04\/Diamantina1.jpg","datePublished":"2025-04-08T21:03:41+00:00","dateModified":"2025-04-08T23:06:48+00:00","breadcrumb":{"@id":"https:\/\/www.notibras.com\/site\/diferencas-marcam-a-semana-santa-entre-catolicos-e-evangelicos-nordestinos\/#breadcrumb"},"inLanguage":"pt-BR","potentialAction":[{"@type":"ReadAction","target":["https:\/\/www.notibras.com\/site\/diferencas-marcam-a-semana-santa-entre-catolicos-e-evangelicos-nordestinos\/"]}]},{"@type":"ImageObject","inLanguage":"pt-BR","@id":"https:\/\/www.notibras.com\/site\/diferencas-marcam-a-semana-santa-entre-catolicos-e-evangelicos-nordestinos\/#primaryimage","url":"https:\/\/www.notibras.com\/site\/wp-content\/uploads\/2025\/04\/Diamantina1.jpg","contentUrl":"https:\/\/www.notibras.com\/site\/wp-content\/uploads\/2025\/04\/Diamantina1.jpg","width":1600,"height":1067},{"@type":"BreadcrumbList","@id":"https:\/\/www.notibras.com\/site\/diferencas-marcam-a-semana-santa-entre-catolicos-e-evangelicos-nordestinos\/#breadcrumb","itemListElement":[{"@type":"ListItem","position":1,"name":"In\u00edcio","item":"https:\/\/www.notibras.com\/site\/"},{"@type":"ListItem","position":2,"name":"Diferen\u00e7as marcam a Semana Santa entre cat\u00f3licos e evang\u00e9licos nordestinos"}]},{"@type":"WebSite","@id":"https:\/\/www.notibras.com\/site\/#website","url":"https:\/\/www.notibras.com\/site\/","name":"Notibras","description":"Not\u00edcias de Bras\u00edlia, do Brasil e do Mundo","publisher":{"@id":"https:\/\/www.notibras.com\/site\/#organization"},"potentialAction":[{"@type":"SearchAction","target":{"@type":"EntryPoint","urlTemplate":"https:\/\/www.notibras.com\/site\/?s={search_term_string}"},"query-input":{"@type":"PropertyValueSpecification","valueRequired":true,"valueName":"search_term_string"}}],"inLanguage":"pt-BR"},{"@type":"Organization","@id":"https:\/\/www.notibras.com\/site\/#organization","name":"Grupo Notibras de Comunica\u00e7\u00e3o","url":"https:\/\/www.notibras.com\/site\/","logo":{"@type":"ImageObject","inLanguage":"pt-BR","@id":"https:\/\/www.notibras.com\/site\/#\/schema\/logo\/image\/","url":"https:\/\/www.notibras.com\/site\/wp-content\/uploads\/2023\/01\/notibras23.png","contentUrl":"https:\/\/www.notibras.com\/site\/wp-content\/uploads\/2023\/01\/notibras23.png","width":350,"height":87,"caption":"Grupo Notibras de Comunica\u00e7\u00e3o"},"image":{"@id":"https:\/\/www.notibras.com\/site\/#\/schema\/logo\/image\/"},"sameAs":["https:\/\/www.facebook.com\/notibras\/","https:\/\/x.com\/Notibras","https:\/\/www.instagram.com\/notibras\/"]},{"@type":"Person","@id":"https:\/\/www.notibras.com\/site\/#\/schema\/person\/36ab0979449956132d3e5b517ea76ac8","name":"Reda\u00e7\u00e3o","image":{"@type":"ImageObject","inLanguage":"pt-BR","@id":"https:\/\/secure.gravatar.com\/avatar\/e0a867bdedb85fd243eadf09663511f96fc81e0720a4a42581f334ad4303aa6b?s=96&d=mm&r=g","url":"https:\/\/secure.gravatar.com\/avatar\/e0a867bdedb85fd243eadf09663511f96fc81e0720a4a42581f334ad4303aa6b?s=96&d=mm&r=g","contentUrl":"https:\/\/secure.gravatar.com\/avatar\/e0a867bdedb85fd243eadf09663511f96fc81e0720a4a42581f334ad4303aa6b?s=96&d=mm&r=g","caption":"Reda\u00e7\u00e3o"}}]}},"amp_enabled":true,"_links":{"self":[{"href":"https:\/\/www.notibras.com\/site\/wp-json\/wp\/v2\/posts\/351596","targetHints":{"allow":["GET"]}}],"collection":[{"href":"https:\/\/www.notibras.com\/site\/wp-json\/wp\/v2\/posts"}],"about":[{"href":"https:\/\/www.notibras.com\/site\/wp-json\/wp\/v2\/types\/post"}],"author":[{"embeddable":true,"href":"https:\/\/www.notibras.com\/site\/wp-json\/wp\/v2\/users\/2"}],"replies":[{"embeddable":true,"href":"https:\/\/www.notibras.com\/site\/wp-json\/wp\/v2\/comments?post=351596"}],"version-history":[{"count":1,"href":"https:\/\/www.notibras.com\/site\/wp-json\/wp\/v2\/posts\/351596\/revisions"}],"predecessor-version":[{"id":351598,"href":"https:\/\/www.notibras.com\/site\/wp-json\/wp\/v2\/posts\/351596\/revisions\/351598"}],"wp:featuredmedia":[{"embeddable":true,"href":"https:\/\/www.notibras.com\/site\/wp-json\/wp\/v2\/media\/351597"}],"wp:attachment":[{"href":"https:\/\/www.notibras.com\/site\/wp-json\/wp\/v2\/media?parent=351596"}],"wp:term":[{"taxonomy":"category","embeddable":true,"href":"https:\/\/www.notibras.com\/site\/wp-json\/wp\/v2\/categories?post=351596"},{"taxonomy":"post_tag","embeddable":true,"href":"https:\/\/www.notibras.com\/site\/wp-json\/wp\/v2\/tags?post=351596"}],"curies":[{"name":"wp","href":"https:\/\/api.w.org\/{rel}","templated":true}]}}