{"id":351617,"date":"2025-04-09T08:14:43","date_gmt":"2025-04-09T11:14:43","guid":{"rendered":"https:\/\/www.notibras.com\/site\/?p=351617"},"modified":"2025-04-09T08:20:00","modified_gmt":"2025-04-09T11:20:00","slug":"cesta-basica-dispara-geral-mas-natal-aracaju-e-joao-pessoa-dao-uma-aliviada","status":"publish","type":"post","link":"https:\/\/www.notibras.com\/site\/cesta-basica-dispara-geral-mas-natal-aracaju-e-joao-pessoa-dao-uma-aliviada\/","title":{"rendered":"Cesta b\u00e1sica dispara geral, mas Natal, Aracaju e Jo\u00e3o Pessoa d\u00e3o uma aliviada"},"content":{"rendered":"<p>Apenas tr\u00eas capitais brasileiras n\u00e3o apresentaram aumento no custo m\u00e9dio da cesta b\u00e1sica no m\u00eas de mar\u00e7o. Das 17 capitais analisadas pela Pesquisa Nacional da Cesta B\u00e1sica de Alimentos, somente Aracaju (-1,89%), Natal (-1,87%) e Jo\u00e3o Pessoa (-1,19%) apresentaram redu\u00e7\u00e3o no custo m\u00e9dio da cesta.<\/p>\n<p>Segundo o Departamento Intersindical de Estat\u00edstica e Estudos Socioecon\u00f4micos (Dieese), respons\u00e1vel pela pesquisa, as maiores eleva\u00e7\u00f5es observadas no m\u00eas de mar\u00e7o ocorreram nas capitais da Regi\u00e3o Sul do pa\u00eds: Curitiba (3,61%), Florian\u00f3polis (3%) e Porto Alegre (2,85%).<\/p>\n<p>Entre os maiores vil\u00f5es para o aumento da cesta no m\u00eas passado est\u00e3o o caf\u00e9, que subiu em todas as capitais analisadas, o tomate e o leite integral. Por outro lado, o pre\u00e7o do quilo da carne bovina de primeira caiu em 15 capitais, com exce\u00e7\u00e3o de Jo\u00e3o Pessoa e do Recife.<\/p>\n<p>A cesta b\u00e1sica mais cara do pa\u00eds continua a ser a de S\u00e3o Paulo, onde o custo m\u00e9dio chegou a R$ 880,72. Em seguida v\u00eam Rio de Janeiro (R$ 835,50), Florian\u00f3polis (R$ 831,92) e Porto Alegre (R$ 791,64).<\/p>\n<p>J\u00e1 a cesta mais barata foi observada nas capitais das regi\u00f5es Norte e Nordeste do pa\u00eds, onde a composi\u00e7\u00e3o de produtos \u00e9 diferente. Os menores valores m\u00e9dios foram encontrados em Aracaju (R$ 569,48), Jo\u00e3o Pessoa (R$ 626,89), no Recife (R$ 627,14) e em Salvador (R$ 633,58).<\/p>\n<p>Com base na cesta mais cara, que em mar\u00e7o foi a de S\u00e3o Paulo, e levando em considera\u00e7\u00e3o a determina\u00e7\u00e3o constitucional que estabelece que o sal\u00e1rio m\u00ednimo deve ser suficiente para suprir as despesas com alimenta\u00e7\u00e3o, moradia, sa\u00fade, educa\u00e7\u00e3o, vestu\u00e1rio, higiene, transporte, lazer e previd\u00eancia, o Dieese estimou que o sal\u00e1rio m\u00ednimo em fevereiro deveria ser de R$ 7.398,94 ou 4,87 vezes o m\u00ednimo reajustado em R$ 1.518,00.<\/p>\n","protected":false},"excerpt":{"rendered":"<p>Apenas tr\u00eas capitais brasileiras n\u00e3o apresentaram aumento no custo m\u00e9dio da cesta b\u00e1sica no m\u00eas de mar\u00e7o. Das 17 capitais analisadas pela Pesquisa Nacional da Cesta B\u00e1sica de Alimentos, somente Aracaju (-1,89%), Natal (-1,87%) e Jo\u00e3o Pessoa (-1,19%) apresentaram redu\u00e7\u00e3o no custo m\u00e9dio da cesta. Segundo o Departamento Intersindical de Estat\u00edstica e Estudos Socioecon\u00f4micos (Dieese), [&hellip;]<\/p>\n","protected":false},"author":2,"featured_media":351618,"comment_status":"closed","ping_status":"closed","sticky":false,"template":"","format":"standard","meta":{"_acf_changed":false,"footnotes":""},"categories":[165],"tags":[],"class_list":["post-351617","post","type-post","status-publish","format-standard","has-post-thumbnail","hentry","category-nordeste"],"acf":[],"_links":{"self":[{"href":"https:\/\/www.notibras.com\/site\/wp-json\/wp\/v2\/posts\/351617","targetHints":{"allow":["GET"]}}],"collection":[{"href":"https:\/\/www.notibras.com\/site\/wp-json\/wp\/v2\/posts"}],"about":[{"href":"https:\/\/www.notibras.com\/site\/wp-json\/wp\/v2\/types\/post"}],"author":[{"embeddable":true,"href":"https:\/\/www.notibras.com\/site\/wp-json\/wp\/v2\/users\/2"}],"replies":[{"embeddable":true,"href":"https:\/\/www.notibras.com\/site\/wp-json\/wp\/v2\/comments?post=351617"}],"version-history":[{"count":2,"href":"https:\/\/www.notibras.com\/site\/wp-json\/wp\/v2\/posts\/351617\/revisions"}],"predecessor-version":[{"id":351620,"href":"https:\/\/www.notibras.com\/site\/wp-json\/wp\/v2\/posts\/351617\/revisions\/351620"}],"wp:featuredmedia":[{"embeddable":true,"href":"https:\/\/www.notibras.com\/site\/wp-json\/wp\/v2\/media\/351618"}],"wp:attachment":[{"href":"https:\/\/www.notibras.com\/site\/wp-json\/wp\/v2\/media?parent=351617"}],"wp:term":[{"taxonomy":"category","embeddable":true,"href":"https:\/\/www.notibras.com\/site\/wp-json\/wp\/v2\/categories?post=351617"},{"taxonomy":"post_tag","embeddable":true,"href":"https:\/\/www.notibras.com\/site\/wp-json\/wp\/v2\/tags?post=351617"}],"curies":[{"name":"wp","href":"https:\/\/api.w.org\/{rel}","templated":true}]}}