{"id":351656,"date":"2025-04-10T00:22:21","date_gmt":"2025-04-10T03:22:21","guid":{"rendered":"https:\/\/www.notibras.com\/site\/?p=351656"},"modified":"2025-04-10T06:24:21","modified_gmt":"2025-04-10T09:24:21","slug":"psd-fica-mais-encorpado-com-a-chegada-do-guarda-janio","status":"publish","type":"post","link":"https:\/\/www.notibras.com\/site\/psd-fica-mais-encorpado-com-a-chegada-do-guarda-janio\/","title":{"rendered":"PSD fica mais encorpado com a chegada do Guarda Janio"},"content":{"rendered":"<p>O ex-deputado distrital Guarda Janio \u00e9 o mais novo filiado ao PSD em Bras\u00edlia. Ele assinou a ficha de filia\u00e7\u00e3o nesta quarta-feira (9), ap\u00f3s um almo\u00e7o com as lideran\u00e7as do partido, como o presidente regional Paulo Oct\u00e1vio, o deputado distrital Jorge Vianna, o secret\u00e1rio-geral Roberto Giffoni e o ex-deputado federal Luiz Pitiman.<\/p>\n<p>Janio Farias Marques foi policial militar por mais de duas d\u00e9cadas. Hoje dedica-se a defender os PMs e bombeiros aposentados. Como parlamentar, foi autor da Lei 7.062\/22, que garante \u00e0 mulher o direito de ser acompanhada em exames e consultas ginecol\u00f3gicas nos hospitais p\u00fablicos e provador do DF.<\/p>\n<p>Com reduto eleitoral em Ceil\u00e2ndia, desde 1971, ele se tornou conhecido como um policial por sua atua\u00e7\u00e3o no tr\u00e2nsito e foi o primeiro soldado a receber o t\u00edtulo de Cidad\u00e3o Honor\u00e1rio de Bras\u00edlia. Atualmente, ele defende a cria\u00e7\u00e3o de um Parque Ecol\u00f3gico no Setor O da cidade.<\/p>\n<p>Para Paulo Oct\u00e1vio, a filia\u00e7\u00e3o do ex-deputado \u00e9 um refor\u00e7o para os quadros da legenda. &#8220;O Guarda Janio \u00e9 um deputado com enorme potencial eleitoral, como as urnas mostraram na sua elei\u00e7\u00e3o, em 2018, quando somou mais de 10 mil votos. Trata-se de um cidad\u00e3o honrado e de um quadro pol\u00edtico de grande import\u00e2ncia para o partido. A alian\u00e7a que estamos construindo para as pr\u00f3ximas elei\u00e7\u00f5es em torno da vice-governadora Celina Le\u00e3o fica mais forte&#8221;, avaliou.<\/p>\n<p>Ap\u00f3s assinar a ficha de filia\u00e7\u00e3o, abonada pro todos os presentes ao encontro, Guarda Janio se disse feliz com a chegada \u00e0 legenda. &#8220;Comuniquei ao governador Ibaneis Rocha e \u00e0 vice-governadora Celina Le\u00e3o que estava vindo para o PSD, e recebi total apoio deles, assim como do secret\u00e1rio de governo, Jos\u00e9 Humberto. Estaremos juntos na caminhada futura e minha chegada ao partido de Paulo Oct\u00e1vio, Gilberto Kassab e, historicamente, de JK, completa minha trajet\u00f3ria pol\u00edtica&#8221;, definiu.<\/p>\n","protected":false},"excerpt":{"rendered":"<p>O ex-deputado distrital Guarda Janio \u00e9 o mais novo filiado ao PSD em Bras\u00edlia. Ele assinou a ficha de filia\u00e7\u00e3o nesta quarta-feira (9), ap\u00f3s um almo\u00e7o com as lideran\u00e7as do partido, como o presidente regional Paulo Oct\u00e1vio, o deputado distrital Jorge Vianna, o secret\u00e1rio-geral Roberto Giffoni e o ex-deputado federal Luiz Pitiman. Janio Farias Marques [&hellip;]<\/p>\n","protected":false},"author":2,"featured_media":351657,"comment_status":"closed","ping_status":"closed","sticky":false,"template":"","format":"standard","meta":{"_acf_changed":false,"footnotes":""},"categories":[161],"tags":[],"class_list":["post-351656","post","type-post","status-publish","format-standard","has-post-thumbnail","hentry","category-quadradinho-em-foco"],"acf":[],"_links":{"self":[{"href":"https:\/\/www.notibras.com\/site\/wp-json\/wp\/v2\/posts\/351656","targetHints":{"allow":["GET"]}}],"collection":[{"href":"https:\/\/www.notibras.com\/site\/wp-json\/wp\/v2\/posts"}],"about":[{"href":"https:\/\/www.notibras.com\/site\/wp-json\/wp\/v2\/types\/post"}],"author":[{"embeddable":true,"href":"https:\/\/www.notibras.com\/site\/wp-json\/wp\/v2\/users\/2"}],"replies":[{"embeddable":true,"href":"https:\/\/www.notibras.com\/site\/wp-json\/wp\/v2\/comments?post=351656"}],"version-history":[{"count":1,"href":"https:\/\/www.notibras.com\/site\/wp-json\/wp\/v2\/posts\/351656\/revisions"}],"predecessor-version":[{"id":351658,"href":"https:\/\/www.notibras.com\/site\/wp-json\/wp\/v2\/posts\/351656\/revisions\/351658"}],"wp:featuredmedia":[{"embeddable":true,"href":"https:\/\/www.notibras.com\/site\/wp-json\/wp\/v2\/media\/351657"}],"wp:attachment":[{"href":"https:\/\/www.notibras.com\/site\/wp-json\/wp\/v2\/media?parent=351656"}],"wp:term":[{"taxonomy":"category","embeddable":true,"href":"https:\/\/www.notibras.com\/site\/wp-json\/wp\/v2\/categories?post=351656"},{"taxonomy":"post_tag","embeddable":true,"href":"https:\/\/www.notibras.com\/site\/wp-json\/wp\/v2\/tags?post=351656"}],"curies":[{"name":"wp","href":"https:\/\/api.w.org\/{rel}","templated":true}]}}