{"id":351667,"date":"2025-04-10T00:00:38","date_gmt":"2025-04-10T03:00:38","guid":{"rendered":"https:\/\/www.notibras.com\/site\/?p=351667"},"modified":"2025-04-10T06:57:44","modified_gmt":"2025-04-10T09:57:44","slug":"marco-zero-ganha-iluminacao-especial-para-os-65-anos-da-capital","status":"publish","type":"post","link":"https:\/\/www.notibras.com\/site\/marco-zero-ganha-iluminacao-especial-para-os-65-anos-da-capital\/","title":{"rendered":"Marco Zero ganha ilumina\u00e7\u00e3o especial para os 65 anos da capital"},"content":{"rendered":"<p>O Governo do Distrito Federal, por meio da CEB, vai instalar uma ilumina\u00e7\u00e3o c\u00eanica no Marco Zero da capital, localizado no Buraco do Tatu, na Zona Central de Bras\u00edlia. A a\u00e7\u00e3o faz parte das comemora\u00e7\u00f5es dos 65 anos da capital federal.<\/p>\n<p>O local marca exatamente o ponto onde se iniciou a constru\u00e7\u00e3o de Bras\u00edlia e agora ganha destaque com a nova tecnologia para real\u00e7ar ainda mais o local, que se transformou em um novo ponto tur\u00edstico desde que foi redescoberto no ano passado.<\/p>\n<p>O projeto foi desenvolvido pela CEB, com colabora\u00e7\u00e3o do Departamento de Estradas de Rodagem (DER), do 6\u00ba Batalh\u00e3o da Pol\u00edcia Militar e do Arquivo P\u00fablico do Distrito Federal. O novo sistema conta com projetores especiais que iluminam, de forma precisa, o ponto central marcado no asfalto e as esculturas em alto relevo que representam o Plano Piloto nas laterais do local.<\/p>\n<p>O sistema RGB tem capacidade para at\u00e9 3 milh\u00f5es de combina\u00e7\u00f5es de cores, possibilitando ambienta\u00e7\u00f5es variadas em datas comemorativas e eventos especiais. A ilumina\u00e7\u00e3o ser\u00e1 controlada remotamente e integrada ao Centro de Comando Operacional (CCO) da CEB, garantindo monitoramento em tempo real e corre\u00e7\u00e3o de falhas.<\/p>\n<p>\u201cO Marco Zero \u00e9 o cora\u00e7\u00e3o simb\u00f3lico de Bras\u00edlia, onde tudo come\u00e7ou. Iluminar esse espa\u00e7o com tecnologia de \u00faltima gera\u00e7\u00e3o \u00e9 mais do que uma a\u00e7\u00e3o de infraestrutura, \u00e9 um gesto de respeito \u00e0 nossa hist\u00f3ria e \u00e0 mem\u00f3ria da cidade. \u00c9 um presente que entregamos com muito orgulho aos brasilienses\u201d, afirma Edison Garcia, presidente da CEB.<\/p>\n<p>Com investimento de R$ 70 mil, o sistema ser\u00e1 entregue na semana de comemora\u00e7\u00e3o do anivers\u00e1rio de Bras\u00edlia, entre 17 e 21 de abril.<\/p>\n","protected":false},"excerpt":{"rendered":"<p>O Governo do Distrito Federal, por meio da CEB, vai instalar uma ilumina\u00e7\u00e3o c\u00eanica no Marco Zero da capital, localizado no Buraco do Tatu, na Zona Central de Bras\u00edlia. A a\u00e7\u00e3o faz parte das comemora\u00e7\u00f5es dos 65 anos da capital federal. O local marca exatamente o ponto onde se iniciou a constru\u00e7\u00e3o de Bras\u00edlia e [&hellip;]<\/p>\n","protected":false},"author":2,"featured_media":351668,"comment_status":"closed","ping_status":"closed","sticky":false,"template":"","format":"standard","meta":{"_acf_changed":false,"footnotes":""},"categories":[161],"tags":[],"class_list":["post-351667","post","type-post","status-publish","format-standard","has-post-thumbnail","hentry","category-quadradinho-em-foco"],"acf":[],"_links":{"self":[{"href":"https:\/\/www.notibras.com\/site\/wp-json\/wp\/v2\/posts\/351667","targetHints":{"allow":["GET"]}}],"collection":[{"href":"https:\/\/www.notibras.com\/site\/wp-json\/wp\/v2\/posts"}],"about":[{"href":"https:\/\/www.notibras.com\/site\/wp-json\/wp\/v2\/types\/post"}],"author":[{"embeddable":true,"href":"https:\/\/www.notibras.com\/site\/wp-json\/wp\/v2\/users\/2"}],"replies":[{"embeddable":true,"href":"https:\/\/www.notibras.com\/site\/wp-json\/wp\/v2\/comments?post=351667"}],"version-history":[{"count":1,"href":"https:\/\/www.notibras.com\/site\/wp-json\/wp\/v2\/posts\/351667\/revisions"}],"predecessor-version":[{"id":351669,"href":"https:\/\/www.notibras.com\/site\/wp-json\/wp\/v2\/posts\/351667\/revisions\/351669"}],"wp:featuredmedia":[{"embeddable":true,"href":"https:\/\/www.notibras.com\/site\/wp-json\/wp\/v2\/media\/351668"}],"wp:attachment":[{"href":"https:\/\/www.notibras.com\/site\/wp-json\/wp\/v2\/media?parent=351667"}],"wp:term":[{"taxonomy":"category","embeddable":true,"href":"https:\/\/www.notibras.com\/site\/wp-json\/wp\/v2\/categories?post=351667"},{"taxonomy":"post_tag","embeddable":true,"href":"https:\/\/www.notibras.com\/site\/wp-json\/wp\/v2\/tags?post=351667"}],"curies":[{"name":"wp","href":"https:\/\/api.w.org\/{rel}","templated":true}]}}