{"id":351673,"date":"2025-04-10T00:00:33","date_gmt":"2025-04-10T03:00:33","guid":{"rendered":"https:\/\/www.notibras.com\/site\/?p=351673"},"modified":"2025-04-10T07:23:29","modified_gmt":"2025-04-10T10:23:29","slug":"residencias-da-estrutural-recebem-acao-de-combate-a-focos-da-dengue","status":"publish","type":"post","link":"https:\/\/www.notibras.com\/site\/residencias-da-estrutural-recebem-acao-de-combate-a-focos-da-dengue\/","title":{"rendered":"Resid\u00eancias da Estrutural recebem a\u00e7\u00e3o de combate a focos da dengue"},"content":{"rendered":"<p>Os Agentes de Vigil\u00e2ncia Ambiental em Sa\u00fade (Avas) desempenham um papel essencial no combate ao mosquito transmissor da dengue, realizando visitas domiciliares para prevenir doen\u00e7as, mapear territ\u00f3rios e executar atividades de vigil\u00e2ncia. Nesta quarta-feira (9), cerca de 14 agentes estiveram na Cidade Estrutural e intensificaram a conscientiza\u00e7\u00e3o especialmente no bairro Santa Luzia.<\/p>\n<p>Al\u00e9m do monitoramento constante, as equipes atuaram nesta semana com a borrifa\u00e7\u00e3o residual intradomiciliar (BRI), t\u00e9cnica que deixa um res\u00edduo repelente nas paredes das resid\u00eancias por at\u00e9 90 dias. Os agentes tamb\u00e9m utilizaram uma bomba costal, que faz o efeito do fumac\u00ea de forma mais mec\u00e2nica nas localidades escolhidas.<\/p>\n<p>\u201cEstamos em uma for\u00e7a-tarefa para bloquear e diminuir a circula\u00e7\u00e3o viral aqui em Santa Luzia. N\u00f3s j\u00e1 fizemos o trabalho de visita, em que tentamos eliminar o maior quantitativo de focos e tratamento dos que n\u00e3o podem ser eliminados. A contrata\u00e7\u00e3o de mais 550 servidores para o setor est\u00e1 nos ajudando muito em rela\u00e7\u00e3o a esse trabalho para evitar um per\u00edodo cr\u00edtico de casos de dengue como tivemos no ano passado\u201d, observou a chefe do N\u00facleo de Vigil\u00e2ncia Ambiental do Guar\u00e1, Roberta Ferreira.<\/p>\n<p><strong>Educa\u00e7\u00e3o coletiva<\/strong><br \/>\nNa regi\u00e3o de Santa Luzia houve a confirma\u00e7\u00e3o de tr\u00eas casos de chikungunya, doen\u00e7a febril caracterizada por dores fortes, especialmente nas articula\u00e7\u00f5es, causada pelo v\u00edrus transmitido pelo mosquito Aedes aegypti. A bab\u00e1 Noelia Ribeiro Silva, de 32 anos, \u00e9 vizinha de uma das fam\u00edlias em que um beb\u00ea de 2 anos sofreu com a enfermidade. Seguindo as orienta\u00e7\u00f5es passadas pelas equipes de Vigil\u00e2ncia Ambiental, ela ressaltou a import\u00e2ncia de cada um fazer sua parte.<\/p>\n<p>\u201c\u00c0s vezes, um ou dois vizinhos tomam cuidado, mas o restante n\u00e3o. Fica muito lixo acumulado e, se voc\u00ea falar, a pessoa n\u00e3o gosta. Vindo uma equipe do GDF h\u00e1 um incentivo mais incisivo para que as pessoas cuidem melhor, porque tem gente que deixa muito lixo acumulado, molhado ou jogado. E a gente quer cuidar por causa das crian\u00e7as, que, ano passado, sofreram muito com a dengue. \u00c9 um dever de todos, porque adoece os outros tamb\u00e9m e n\u00e3o s\u00f3 o dono da casa\u201d, frisou a moradora.<\/p>\n<p>A dona de casa Ant\u00f4nia Pereira da Paix\u00e3o, 58, tamb\u00e9m \u00e9 uma das que seguem as orienta\u00e7\u00f5es passadas pelas equipes do Governo do Distrito Federal (GDF). Ap\u00f3s ter tido duas semanas dif\u00edceis ao pegar chikungunya, ela nunca mais deixou uma garrafa virada para cima e sempre que as equipes testam a \u00e1gua das caixas que usa, est\u00e1 limpa. \u201cTodo mundo tem que fazer isso, porque quando a pessoa fica doente, fica mal, \u00e9 capaz at\u00e9 de morrer. Eu mesma quase morri, foi muita dor nos ossos, no corpo, na cabe\u00e7a e atr\u00e1s dos olhos. Mas a gente cuidar de um canto e o vizinho n\u00e3o cuidar do outro, fica dif\u00edcil\u201d, alertou.<\/p>\n<p><strong>Trabalho confi\u00e1vel<\/strong><br \/>\nOs Avas s\u00e3o facilmente identificados pelo uniforme, que inclui colete e chap\u00e9u marrom-c\u00e1qui, camiseta branca e uma bolsa amarela para armazenar materiais de trabalho. Os agentes tamb\u00e9m usam crach\u00e1 com nome e foto, e, em alguns casos, podem estar com crach\u00e1 provis\u00f3rio. Todos os profissionais est\u00e3o devidamente identificados com os s\u00edmbolos da Secretaria de Sa\u00fade do Distrito Federal (SES-DF) e com suas fun\u00e7\u00f5es vis\u00edveis no uniforme.<\/p>\n<p>Danielle Casimiro, agente de vigil\u00e2ncia ambiental em sa\u00fade, refor\u00e7ou que o maior objetivo \u00e9 informar a popula\u00e7\u00e3o do perigo e dos cuidados. Segundo ela, um dia na semana para dar uma olhada no quintal j\u00e1 colabora com a sa\u00fade p\u00fablica. Ela destacou, ainda, que entre as dificuldades enfrentadas pelos servidores ao realizar as inspe\u00e7\u00f5es est\u00e3o recusas por medo de golpes. \u201c\u00c9 muito importante a gente entrar [nas casas], n\u00e3o s\u00f3 para essa quest\u00e3o de ver os vasos de planta, ton\u00e9is de \u00e1gua, mas principalmente para essa educa\u00e7\u00e3o em sa\u00fade, que \u00e9 o que vai fazer a diferen\u00e7a no final\u201d, acentuou.<\/p>\n<p><strong>Casos<\/strong><br \/>\nO Distrito Federal registrou uma queda expressiva no n\u00famero de casos de dengue, com uma redu\u00e7\u00e3o de 97,3% em rela\u00e7\u00e3o ao mesmo per\u00edodo de 2024. At\u00e9 29 de mar\u00e7o deste ano, foram notificadas 9,3 mil ocorr\u00eancias suspeitas, das quais 6,1 mil s\u00e3o prov\u00e1veis. No ano passado, o n\u00famero de casos prov\u00e1veis chegou a quase 220 mil. A Secretaria de Sa\u00fade atribui essa diminui\u00e7\u00e3o ao esfor\u00e7o conjunto entre a popula\u00e7\u00e3o e o governo no combate \u00e0 doen\u00e7a.<\/p>\n<p>O boletim epidemiol\u00f3gico tamb\u00e9m revelou 129 casos suspeitos de chikungunya, dos quais 105 s\u00e3o considerados prov\u00e1veis, e 59 foram confirmados laboratorialmente. A Secretaria de Sa\u00fade segue refor\u00e7ando as atividades de controle do Aedes aegypti, transmissor de v\u00e1rias doen\u00e7as, incluindo dengue.<\/p>\n","protected":false},"excerpt":{"rendered":"<p>Os Agentes de Vigil\u00e2ncia Ambiental em Sa\u00fade (Avas) desempenham um papel essencial no combate ao mosquito transmissor da dengue, realizando visitas domiciliares para prevenir doen\u00e7as, mapear territ\u00f3rios e executar atividades de vigil\u00e2ncia. Nesta quarta-feira (9), cerca de 14 agentes estiveram na Cidade Estrutural e intensificaram a conscientiza\u00e7\u00e3o especialmente no bairro Santa Luzia. Al\u00e9m do monitoramento [&hellip;]<\/p>\n","protected":false},"author":2,"featured_media":351674,"comment_status":"closed","ping_status":"closed","sticky":false,"template":"","format":"standard","meta":{"_acf_changed":false,"footnotes":""},"categories":[161],"tags":[],"class_list":["post-351673","post","type-post","status-publish","format-standard","has-post-thumbnail","hentry","category-quadradinho-em-foco"],"acf":[],"_links":{"self":[{"href":"https:\/\/www.notibras.com\/site\/wp-json\/wp\/v2\/posts\/351673","targetHints":{"allow":["GET"]}}],"collection":[{"href":"https:\/\/www.notibras.com\/site\/wp-json\/wp\/v2\/posts"}],"about":[{"href":"https:\/\/www.notibras.com\/site\/wp-json\/wp\/v2\/types\/post"}],"author":[{"embeddable":true,"href":"https:\/\/www.notibras.com\/site\/wp-json\/wp\/v2\/users\/2"}],"replies":[{"embeddable":true,"href":"https:\/\/www.notibras.com\/site\/wp-json\/wp\/v2\/comments?post=351673"}],"version-history":[{"count":1,"href":"https:\/\/www.notibras.com\/site\/wp-json\/wp\/v2\/posts\/351673\/revisions"}],"predecessor-version":[{"id":351675,"href":"https:\/\/www.notibras.com\/site\/wp-json\/wp\/v2\/posts\/351673\/revisions\/351675"}],"wp:featuredmedia":[{"embeddable":true,"href":"https:\/\/www.notibras.com\/site\/wp-json\/wp\/v2\/media\/351674"}],"wp:attachment":[{"href":"https:\/\/www.notibras.com\/site\/wp-json\/wp\/v2\/media?parent=351673"}],"wp:term":[{"taxonomy":"category","embeddable":true,"href":"https:\/\/www.notibras.com\/site\/wp-json\/wp\/v2\/categories?post=351673"},{"taxonomy":"post_tag","embeddable":true,"href":"https:\/\/www.notibras.com\/site\/wp-json\/wp\/v2\/tags?post=351673"}],"curies":[{"name":"wp","href":"https:\/\/api.w.org\/{rel}","templated":true}]}}