{"id":351676,"date":"2025-04-10T00:00:59","date_gmt":"2025-04-10T03:00:59","guid":{"rendered":"https:\/\/www.notibras.com\/site\/?p=351676"},"modified":"2025-04-10T07:36:12","modified_gmt":"2025-04-10T10:36:12","slug":"estacoes-do-metro-fecham-domingo-13-para-manutencao","status":"publish","type":"post","link":"https:\/\/www.notibras.com\/site\/estacoes-do-metro-fecham-domingo-13-para-manutencao\/","title":{"rendered":"Esta\u00e7\u00f5es do metr\u00f4 fecham domingo (13) para manuten\u00e7\u00e3o"},"content":{"rendered":"<p>A Companhia do Metropolitano do Distrito Federal (Metr\u00f4-DF) informa que, no pr\u00f3ximo domingo (13), todas as esta\u00e7\u00f5es estar\u00e3o fechadas ao p\u00fablico e, portanto, n\u00e3o haver\u00e1 circula\u00e7\u00e3o de trens.<\/p>\n<p>As opera\u00e7\u00f5es ser\u00e3o suspensas durante um dia para a realiza\u00e7\u00e3o de diversas atividades de manuten\u00e7\u00e3o preventiva nas vias dos trens pela companhia e tamb\u00e9m na rede el\u00e9trica \u2013 opera\u00e7\u00e3o executada pela concession\u00e1ria de energia que alimenta o sistema, a Neoenergia.<\/p>\n<p>\u201cAs a\u00e7\u00f5es visam a melhorar a efici\u00eancia dos servi\u00e7os e garantir a seguran\u00e7a dos usu\u00e1rios que utilizam o transporte p\u00fablico do Distrito Federal\u201d, refor\u00e7a o diretor-presidente do Metr\u00f4-DF, Handerson Cabral.<\/p>\n<p>Entre as atividades a serem realizadas est\u00e3o a an\u00e1lise dos trilhos e troca (se necess\u00e1rio) a manuten\u00e7\u00e3o dos trens, a capina e a ro\u00e7agem das vias, a instala\u00e7\u00e3o de pain\u00e9is nas plataformas, a limpeza das caixas-d\u2019\u00e1gua das esta\u00e7\u00f5es do t\u00fanel e a manuten\u00e7\u00e3o das m\u00e1quinas de chave, al\u00e9m da instala\u00e7\u00e3o de aparelhos de ar-condicionado nas salas t\u00e9cnicas para garantir a adequa\u00e7\u00e3o t\u00e9rmica dos equipamentos.<\/p>\n<p>Na segunda-feira (14), as esta\u00e7\u00f5es reabrem no hor\u00e1rio habitual, \u00e0s 5h30.<\/p>\n","protected":false},"excerpt":{"rendered":"<p>A Companhia do Metropolitano do Distrito Federal (Metr\u00f4-DF) informa que, no pr\u00f3ximo domingo (13), todas as esta\u00e7\u00f5es estar\u00e3o fechadas ao p\u00fablico e, portanto, n\u00e3o haver\u00e1 circula\u00e7\u00e3o de trens. As opera\u00e7\u00f5es ser\u00e3o suspensas durante um dia para a realiza\u00e7\u00e3o de diversas atividades de manuten\u00e7\u00e3o preventiva nas vias dos trens pela companhia e tamb\u00e9m na rede el\u00e9trica [&hellip;]<\/p>\n","protected":false},"author":2,"featured_media":351677,"comment_status":"closed","ping_status":"closed","sticky":false,"template":"","format":"standard","meta":{"_acf_changed":false,"footnotes":""},"categories":[161],"tags":[],"class_list":["post-351676","post","type-post","status-publish","format-standard","has-post-thumbnail","hentry","category-quadradinho-em-foco"],"acf":[],"_links":{"self":[{"href":"https:\/\/www.notibras.com\/site\/wp-json\/wp\/v2\/posts\/351676","targetHints":{"allow":["GET"]}}],"collection":[{"href":"https:\/\/www.notibras.com\/site\/wp-json\/wp\/v2\/posts"}],"about":[{"href":"https:\/\/www.notibras.com\/site\/wp-json\/wp\/v2\/types\/post"}],"author":[{"embeddable":true,"href":"https:\/\/www.notibras.com\/site\/wp-json\/wp\/v2\/users\/2"}],"replies":[{"embeddable":true,"href":"https:\/\/www.notibras.com\/site\/wp-json\/wp\/v2\/comments?post=351676"}],"version-history":[{"count":1,"href":"https:\/\/www.notibras.com\/site\/wp-json\/wp\/v2\/posts\/351676\/revisions"}],"predecessor-version":[{"id":351678,"href":"https:\/\/www.notibras.com\/site\/wp-json\/wp\/v2\/posts\/351676\/revisions\/351678"}],"wp:featuredmedia":[{"embeddable":true,"href":"https:\/\/www.notibras.com\/site\/wp-json\/wp\/v2\/media\/351677"}],"wp:attachment":[{"href":"https:\/\/www.notibras.com\/site\/wp-json\/wp\/v2\/media?parent=351676"}],"wp:term":[{"taxonomy":"category","embeddable":true,"href":"https:\/\/www.notibras.com\/site\/wp-json\/wp\/v2\/categories?post=351676"},{"taxonomy":"post_tag","embeddable":true,"href":"https:\/\/www.notibras.com\/site\/wp-json\/wp\/v2\/tags?post=351676"}],"curies":[{"name":"wp","href":"https:\/\/api.w.org\/{rel}","templated":true}]}}