{"id":351679,"date":"2025-04-10T00:38:53","date_gmt":"2025-04-10T03:38:53","guid":{"rendered":"https:\/\/www.notibras.com\/site\/?p=351679"},"modified":"2025-04-10T07:42:56","modified_gmt":"2025-04-10T10:42:56","slug":"orgulho-de-um-povo-lencois-maranhenses-atraem-mais-turistas","status":"publish","type":"post","link":"https:\/\/www.notibras.com\/site\/orgulho-de-um-povo-lencois-maranhenses-atraem-mais-turistas\/","title":{"rendered":"Orgulho de um povo, Len\u00e7\u00f3is Maranhenses atraem mais turistas"},"content":{"rendered":"<p>Os Len\u00e7\u00f3is Maranhenses, uma das paisagens mais deslumbrantes do Brasil, t\u00eam conquistado cada vez mais o cora\u00e7\u00e3o de turistas do mundo todo. Localizado no estado do Maranh\u00e3o, o Parque Nacional dos Len\u00e7\u00f3is Maranhenses \u00e9 formado por imensas dunas de areia branca que se estendem por mais de 150 mil hectares, entrecortadas por lagoas de \u00e1gua doce formadas pelas chuvas.<\/p>\n<p>Al\u00e9m da beleza natural estonteante, o local tamb\u00e9m representa o orgulho e a identidade do povo maranhense. Para os moradores das cidades de Barreirinhas, Santo Amaro e Atins, que d\u00e3o acesso ao parque, o turismo \u00e9 hoje uma das principais fontes de renda, gerando empregos e movimentando a economia local.<\/p>\n<p>Segundo dados recentes do Minist\u00e9rio do Turismo, o n\u00famero de visitantes cresceu significativamente nos \u00faltimos anos, impulsionado por reportagens internacionais, influenciadores digitais e melhorias na infraestrutura da regi\u00e3o. A combina\u00e7\u00e3o de aventura, natureza intocada e hospitalidade faz dos Len\u00e7\u00f3is um destino imperd\u00edvel.<\/p>\n<p>Mais do que paisagens de tirar o f\u00f4lego, quem visita os Len\u00e7\u00f3is tamb\u00e9m encontra uma cultura rica, marcada por festas populares, culin\u00e1ria t\u00edpica e um modo de vida simples e acolhedor. Os guias locais, geralmente nascidos e criados na regi\u00e3o, encantam os visitantes com hist\u00f3rias, lendas e um profundo conhecimento da natureza.<\/p>\n<p>Com o aumento do turismo, crescem tamb\u00e9m as preocupa\u00e7\u00f5es com a preserva\u00e7\u00e3o ambiental. Diversas iniciativas t\u00eam sido adotadas por moradores, empresas e autoridades para garantir que o crescimento da atividade tur\u00edstica n\u00e3o comprometa o ecossistema sens\u00edvel do parque.<\/p>\n<p>O desafio \u00e9 grande, mas o orgulho de preservar esse verdadeiro tesouro nacional \u00e9 maior. Os Len\u00e7\u00f3is Maranhenses n\u00e3o s\u00e3o apenas um destino de viagem: s\u00e3o o s\u00edmbolo da for\u00e7a, beleza e hospitalidade de um povo que tem muito a ensinar ao Brasil e ao mundo.<\/p>\n","protected":false},"excerpt":{"rendered":"<p>Os Len\u00e7\u00f3is Maranhenses, uma das paisagens mais deslumbrantes do Brasil, t\u00eam conquistado cada vez mais o cora\u00e7\u00e3o de turistas do mundo todo. Localizado no estado do Maranh\u00e3o, o Parque Nacional dos Len\u00e7\u00f3is Maranhenses \u00e9 formado por imensas dunas de areia branca que se estendem por mais de 150 mil hectares, entrecortadas por lagoas de \u00e1gua [&hellip;]<\/p>\n","protected":false},"author":2,"featured_media":351680,"comment_status":"closed","ping_status":"closed","sticky":false,"template":"","format":"standard","meta":{"_acf_changed":false,"footnotes":""},"categories":[165],"tags":[],"class_list":["post-351679","post","type-post","status-publish","format-standard","has-post-thumbnail","hentry","category-nordeste"],"acf":[],"_links":{"self":[{"href":"https:\/\/www.notibras.com\/site\/wp-json\/wp\/v2\/posts\/351679","targetHints":{"allow":["GET"]}}],"collection":[{"href":"https:\/\/www.notibras.com\/site\/wp-json\/wp\/v2\/posts"}],"about":[{"href":"https:\/\/www.notibras.com\/site\/wp-json\/wp\/v2\/types\/post"}],"author":[{"embeddable":true,"href":"https:\/\/www.notibras.com\/site\/wp-json\/wp\/v2\/users\/2"}],"replies":[{"embeddable":true,"href":"https:\/\/www.notibras.com\/site\/wp-json\/wp\/v2\/comments?post=351679"}],"version-history":[{"count":2,"href":"https:\/\/www.notibras.com\/site\/wp-json\/wp\/v2\/posts\/351679\/revisions"}],"predecessor-version":[{"id":351682,"href":"https:\/\/www.notibras.com\/site\/wp-json\/wp\/v2\/posts\/351679\/revisions\/351682"}],"wp:featuredmedia":[{"embeddable":true,"href":"https:\/\/www.notibras.com\/site\/wp-json\/wp\/v2\/media\/351680"}],"wp:attachment":[{"href":"https:\/\/www.notibras.com\/site\/wp-json\/wp\/v2\/media?parent=351679"}],"wp:term":[{"taxonomy":"category","embeddable":true,"href":"https:\/\/www.notibras.com\/site\/wp-json\/wp\/v2\/categories?post=351679"},{"taxonomy":"post_tag","embeddable":true,"href":"https:\/\/www.notibras.com\/site\/wp-json\/wp\/v2\/tags?post=351679"}],"curies":[{"name":"wp","href":"https:\/\/api.w.org\/{rel}","templated":true}]}}