{"id":351683,"date":"2025-04-10T00:23:11","date_gmt":"2025-04-10T03:23:11","guid":{"rendered":"https:\/\/www.notibras.com\/site\/?p=351683"},"modified":"2025-04-10T07:49:28","modified_gmt":"2025-04-10T10:49:28","slug":"pe-de-meia-comeca-a-dar-frutos-e-lula-ja-resgata-velha-imagem","status":"publish","type":"post","link":"https:\/\/www.notibras.com\/site\/pe-de-meia-comeca-a-dar-frutos-e-lula-ja-resgata-velha-imagem\/","title":{"rendered":"P\u00e9 de Meia come\u00e7a a dar frutos e Lula j\u00e1 resgata velha imagem"},"content":{"rendered":"<p>O programa P\u00e9 de Meia, lan\u00e7ado pelo governo federal no in\u00edcio do ano, j\u00e1 come\u00e7a a apresentar resultados concretos, principalmente entre os jovens de baixa renda no Nordeste. Criado com o objetivo de incentivar a perman\u00eancia dos estudantes no ensino m\u00e9dio, o programa oferece uma esp\u00e9cie de poupan\u00e7a para os alunos, que recebem dep\u00f3sitos peri\u00f3dicos mediante a frequ\u00eancia escolar e desempenho acad\u00eamico.<\/p>\n<p>De acordo com dados do Minist\u00e9rio da Educa\u00e7\u00e3o, mais de 2,5 milh\u00f5es de estudantes j\u00e1 foram beneficiados em todo o pa\u00eds, sendo o Nordeste a regi\u00e3o com maior n\u00famero de contemplados. A estrat\u00e9gia de est\u00edmulo financeiro direto tem sido apontada como um dos fatores que contribuem para a redu\u00e7\u00e3o da evas\u00e3o escolar, problema cr\u00f4nico especialmente em \u00e1reas mais vulner\u00e1veis.<\/p>\n<p>Os efeitos do programa n\u00e3o se limitam \u00e0 \u00e1rea da educa\u00e7\u00e3o. Politicamente, o P\u00e9 de Meia tem ajudado a refor\u00e7ar a imagem do presidente Luiz In\u00e1cio Lula da Silva na regi\u00e3o que historicamente sempre foi um de seus redutos eleitorais mais fi\u00e9is. Ap\u00f3s oscila\u00e7\u00f5es na popularidade, marcadas por dificuldades econ\u00f4micas e desafios na governabilidade, Lula volta a ganhar f\u00f4lego entre os nordestinos.<\/p>\n<p>Pesquisas recentes apontam para uma recupera\u00e7\u00e3o na avalia\u00e7\u00e3o positiva do governo na regi\u00e3o, com muitos entrevistados destacando as pol\u00edticas sociais como principal motivo para a melhora na percep\u00e7\u00e3o. Para especialistas, o sucesso inicial do P\u00e9 de Meia remete \u00e0s pol\u00edticas de inclus\u00e3o que marcaram os mandatos anteriores de Lula, como o Bolsa Fam\u00edlia e o FIES.<\/p>\n<p>\u201cEu estava pensando em largar a escola para trabalhar, mas com o dinheiro do P\u00e9 de Meia, consigo ajudar um pouco em casa e continuo estudando\u201d, conta Mariana Silva, estudante do 2\u00ba ano do ensino m\u00e9dio em Pernambuco. Hist\u00f3rias como a de Mariana s\u00e3o cada vez mais comuns e d\u00e3o sustenta\u00e7\u00e3o social ao programa.<\/p>\n<p>Para o governo, o desafio agora \u00e9 garantir a continuidade e a expans\u00e3o da iniciativa, para que o impacto se mantenha a longo prazo. Nas palavras do ministro da Educa\u00e7\u00e3o, Camilo Santana: \u201cEste \u00e9 um investimento no futuro do pa\u00eds. Cada jovem que permanece na escola \u00e9 uma vit\u00f3ria para o Brasil.\u201d<\/p>\n<p>Com os primeiros resultados positivos, o governo estuda ampliar o alcance do programa, integrando-o a outras pol\u00edticas p\u00fablicas voltadas para a juventude e o mercado de trabalho. Se mantiver o ritmo de ades\u00e3o e impacto social, o P\u00e9 de Meia poder\u00e1 se consolidar como uma das marcas da atual gest\u00e3o \u2014 e um trunfo importante para Lula na manuten\u00e7\u00e3o de sua base de apoio no Nordeste.<\/p>\n","protected":false},"excerpt":{"rendered":"<p>O programa P\u00e9 de Meia, lan\u00e7ado pelo governo federal no in\u00edcio do ano, j\u00e1 come\u00e7a a apresentar resultados concretos, principalmente entre os jovens de baixa renda no Nordeste. Criado com o objetivo de incentivar a perman\u00eancia dos estudantes no ensino m\u00e9dio, o programa oferece uma esp\u00e9cie de poupan\u00e7a para os alunos, que recebem dep\u00f3sitos peri\u00f3dicos [&hellip;]<\/p>\n","protected":false},"author":2,"featured_media":334218,"comment_status":"closed","ping_status":"closed","sticky":false,"template":"","format":"standard","meta":{"_acf_changed":false,"footnotes":""},"categories":[165],"tags":[],"class_list":["post-351683","post","type-post","status-publish","format-standard","has-post-thumbnail","hentry","category-nordeste"],"acf":[],"yoast_head":"<!-- This site is optimized with the Yoast SEO plugin v27.2 - https:\/\/yoast.com\/product\/yoast-seo-wordpress\/ -->\n<title>P\u00e9 de Meia come\u00e7a a dar frutos e Lula j\u00e1 resgata velha imagem - Notibras<\/title>\n<meta name=\"robots\" content=\"index, follow, max-snippet:-1, max-image-preview:large, max-video-preview:-1\" \/>\n<link rel=\"canonical\" href=\"https:\/\/www.notibras.com\/site\/pe-de-meia-comeca-a-dar-frutos-e-lula-ja-resgata-velha-imagem\/\" \/>\n<meta property=\"og:locale\" content=\"pt_BR\" \/>\n<meta property=\"og:type\" content=\"article\" \/>\n<meta property=\"og:title\" content=\"P\u00e9 de Meia come\u00e7a a dar frutos e Lula j\u00e1 resgata velha imagem - Notibras\" \/>\n<meta property=\"og:description\" content=\"O programa P\u00e9 de Meia, lan\u00e7ado pelo governo federal no in\u00edcio do ano, j\u00e1 come\u00e7a a apresentar resultados concretos, principalmente entre os jovens de baixa renda no Nordeste. Criado com o objetivo de incentivar a perman\u00eancia dos estudantes no ensino m\u00e9dio, o programa oferece uma esp\u00e9cie de poupan\u00e7a para os alunos, que recebem dep\u00f3sitos peri\u00f3dicos [&hellip;]\" \/>\n<meta property=\"og:url\" content=\"https:\/\/www.notibras.com\/site\/pe-de-meia-comeca-a-dar-frutos-e-lula-ja-resgata-velha-imagem\/\" \/>\n<meta property=\"og:site_name\" content=\"Notibras\" \/>\n<meta property=\"article:publisher\" content=\"https:\/\/www.facebook.com\/notibras\/\" \/>\n<meta property=\"article:published_time\" content=\"2025-04-10T03:23:11+00:00\" \/>\n<meta property=\"article:modified_time\" content=\"2025-04-10T10:49:28+00:00\" \/>\n<meta property=\"og:image\" content=\"https:\/\/www.notibras.com\/site\/wp-content\/uploads\/2024\/08\/pedemeiasetembro.webp\" \/>\n\t<meta property=\"og:image:width\" content=\"1170\" \/>\n\t<meta property=\"og:image:height\" content=\"700\" \/>\n\t<meta property=\"og:image:type\" content=\"image\/webp\" \/>\n<meta name=\"author\" content=\"Reda\u00e7\u00e3o\" \/>\n<meta name=\"twitter:card\" content=\"summary_large_image\" \/>\n<meta name=\"twitter:creator\" content=\"@Notibras\" \/>\n<meta name=\"twitter:site\" content=\"@Notibras\" \/>\n<meta name=\"twitter:label1\" content=\"Escrito por\" \/>\n\t<meta name=\"twitter:data1\" content=\"Reda\u00e7\u00e3o\" \/>\n\t<meta name=\"twitter:label2\" content=\"Est. tempo de leitura\" \/>\n\t<meta name=\"twitter:data2\" content=\"3 minutos\" \/>\n<script type=\"application\/ld+json\" class=\"yoast-schema-graph\">{\"@context\":\"https:\/\/schema.org\",\"@graph\":[{\"@type\":\"Article\",\"@id\":\"https:\/\/www.notibras.com\/site\/pe-de-meia-comeca-a-dar-frutos-e-lula-ja-resgata-velha-imagem\/#article\",\"isPartOf\":{\"@id\":\"https:\/\/www.notibras.com\/site\/pe-de-meia-comeca-a-dar-frutos-e-lula-ja-resgata-velha-imagem\/\"},\"author\":{\"name\":\"Reda\u00e7\u00e3o\",\"@id\":\"https:\/\/www.notibras.com\/site\/#\/schema\/person\/36ab0979449956132d3e5b517ea76ac8\"},\"headline\":\"P\u00e9 de Meia come\u00e7a a dar frutos e Lula j\u00e1 resgata velha imagem\",\"datePublished\":\"2025-04-10T03:23:11+00:00\",\"dateModified\":\"2025-04-10T10:49:28+00:00\",\"mainEntityOfPage\":{\"@id\":\"https:\/\/www.notibras.com\/site\/pe-de-meia-comeca-a-dar-frutos-e-lula-ja-resgata-velha-imagem\/\"},\"wordCount\":473,\"publisher\":{\"@id\":\"https:\/\/www.notibras.com\/site\/#organization\"},\"image\":{\"@id\":\"https:\/\/www.notibras.com\/site\/pe-de-meia-comeca-a-dar-frutos-e-lula-ja-resgata-velha-imagem\/#primaryimage\"},\"thumbnailUrl\":\"https:\/\/www.notibras.com\/site\/wp-content\/uploads\/2024\/08\/pedemeiasetembro.webp\",\"articleSection\":[\"Nordeste\"],\"inLanguage\":\"pt-BR\"},{\"@type\":\"WebPage\",\"@id\":\"https:\/\/www.notibras.com\/site\/pe-de-meia-comeca-a-dar-frutos-e-lula-ja-resgata-velha-imagem\/\",\"url\":\"https:\/\/www.notibras.com\/site\/pe-de-meia-comeca-a-dar-frutos-e-lula-ja-resgata-velha-imagem\/\",\"name\":\"P\u00e9 de Meia come\u00e7a a dar frutos e Lula j\u00e1 resgata velha imagem - Notibras\",\"isPartOf\":{\"@id\":\"https:\/\/www.notibras.com\/site\/#website\"},\"primaryImageOfPage\":{\"@id\":\"https:\/\/www.notibras.com\/site\/pe-de-meia-comeca-a-dar-frutos-e-lula-ja-resgata-velha-imagem\/#primaryimage\"},\"image\":{\"@id\":\"https:\/\/www.notibras.com\/site\/pe-de-meia-comeca-a-dar-frutos-e-lula-ja-resgata-velha-imagem\/#primaryimage\"},\"thumbnailUrl\":\"https:\/\/www.notibras.com\/site\/wp-content\/uploads\/2024\/08\/pedemeiasetembro.webp\",\"datePublished\":\"2025-04-10T03:23:11+00:00\",\"dateModified\":\"2025-04-10T10:49:28+00:00\",\"breadcrumb\":{\"@id\":\"https:\/\/www.notibras.com\/site\/pe-de-meia-comeca-a-dar-frutos-e-lula-ja-resgata-velha-imagem\/#breadcrumb\"},\"inLanguage\":\"pt-BR\",\"potentialAction\":[{\"@type\":\"ReadAction\",\"target\":[\"https:\/\/www.notibras.com\/site\/pe-de-meia-comeca-a-dar-frutos-e-lula-ja-resgata-velha-imagem\/\"]}]},{\"@type\":\"ImageObject\",\"inLanguage\":\"pt-BR\",\"@id\":\"https:\/\/www.notibras.com\/site\/pe-de-meia-comeca-a-dar-frutos-e-lula-ja-resgata-velha-imagem\/#primaryimage\",\"url\":\"https:\/\/www.notibras.com\/site\/wp-content\/uploads\/2024\/08\/pedemeiasetembro.webp\",\"contentUrl\":\"https:\/\/www.notibras.com\/site\/wp-content\/uploads\/2024\/08\/pedemeiasetembro.webp\",\"width\":1170,\"height\":700},{\"@type\":\"BreadcrumbList\",\"@id\":\"https:\/\/www.notibras.com\/site\/pe-de-meia-comeca-a-dar-frutos-e-lula-ja-resgata-velha-imagem\/#breadcrumb\",\"itemListElement\":[{\"@type\":\"ListItem\",\"position\":1,\"name\":\"In\u00edcio\",\"item\":\"https:\/\/www.notibras.com\/site\/\"},{\"@type\":\"ListItem\",\"position\":2,\"name\":\"P\u00e9 de Meia come\u00e7a a dar frutos e Lula j\u00e1 resgata velha imagem\"}]},{\"@type\":\"WebSite\",\"@id\":\"https:\/\/www.notibras.com\/site\/#website\",\"url\":\"https:\/\/www.notibras.com\/site\/\",\"name\":\"Notibras\",\"description\":\"Not\u00edcias de Bras\u00edlia, do Brasil e do Mundo\",\"publisher\":{\"@id\":\"https:\/\/www.notibras.com\/site\/#organization\"},\"potentialAction\":[{\"@type\":\"SearchAction\",\"target\":{\"@type\":\"EntryPoint\",\"urlTemplate\":\"https:\/\/www.notibras.com\/site\/?s={search_term_string}\"},\"query-input\":{\"@type\":\"PropertyValueSpecification\",\"valueRequired\":true,\"valueName\":\"search_term_string\"}}],\"inLanguage\":\"pt-BR\"},{\"@type\":\"Organization\",\"@id\":\"https:\/\/www.notibras.com\/site\/#organization\",\"name\":\"Grupo Notibras de Comunica\u00e7\u00e3o\",\"url\":\"https:\/\/www.notibras.com\/site\/\",\"logo\":{\"@type\":\"ImageObject\",\"inLanguage\":\"pt-BR\",\"@id\":\"https:\/\/www.notibras.com\/site\/#\/schema\/logo\/image\/\",\"url\":\"https:\/\/www.notibras.com\/site\/wp-content\/uploads\/2023\/01\/notibras23.png\",\"contentUrl\":\"https:\/\/www.notibras.com\/site\/wp-content\/uploads\/2023\/01\/notibras23.png\",\"width\":350,\"height\":87,\"caption\":\"Grupo Notibras de Comunica\u00e7\u00e3o\"},\"image\":{\"@id\":\"https:\/\/www.notibras.com\/site\/#\/schema\/logo\/image\/\"},\"sameAs\":[\"https:\/\/www.facebook.com\/notibras\/\",\"https:\/\/x.com\/Notibras\",\"https:\/\/www.instagram.com\/notibras\/\"]},{\"@type\":\"Person\",\"@id\":\"https:\/\/www.notibras.com\/site\/#\/schema\/person\/36ab0979449956132d3e5b517ea76ac8\",\"name\":\"Reda\u00e7\u00e3o\",\"image\":{\"@type\":\"ImageObject\",\"inLanguage\":\"pt-BR\",\"@id\":\"https:\/\/secure.gravatar.com\/avatar\/e0a867bdedb85fd243eadf09663511f96fc81e0720a4a42581f334ad4303aa6b?s=96&d=mm&r=g\",\"url\":\"https:\/\/secure.gravatar.com\/avatar\/e0a867bdedb85fd243eadf09663511f96fc81e0720a4a42581f334ad4303aa6b?s=96&d=mm&r=g\",\"contentUrl\":\"https:\/\/secure.gravatar.com\/avatar\/e0a867bdedb85fd243eadf09663511f96fc81e0720a4a42581f334ad4303aa6b?s=96&d=mm&r=g\",\"caption\":\"Reda\u00e7\u00e3o\"}}]}<\/script>\n<!-- \/ Yoast SEO plugin. -->","yoast_head_json":{"title":"P\u00e9 de Meia come\u00e7a a dar frutos e Lula j\u00e1 resgata velha imagem - Notibras","robots":{"index":"index","follow":"follow","max-snippet":"max-snippet:-1","max-image-preview":"max-image-preview:large","max-video-preview":"max-video-preview:-1"},"canonical":"https:\/\/www.notibras.com\/site\/pe-de-meia-comeca-a-dar-frutos-e-lula-ja-resgata-velha-imagem\/","og_locale":"pt_BR","og_type":"article","og_title":"P\u00e9 de Meia come\u00e7a a dar frutos e Lula j\u00e1 resgata velha imagem - Notibras","og_description":"O programa P\u00e9 de Meia, lan\u00e7ado pelo governo federal no in\u00edcio do ano, j\u00e1 come\u00e7a a apresentar resultados concretos, principalmente entre os jovens de baixa renda no Nordeste. Criado com o objetivo de incentivar a perman\u00eancia dos estudantes no ensino m\u00e9dio, o programa oferece uma esp\u00e9cie de poupan\u00e7a para os alunos, que recebem dep\u00f3sitos peri\u00f3dicos [&hellip;]","og_url":"https:\/\/www.notibras.com\/site\/pe-de-meia-comeca-a-dar-frutos-e-lula-ja-resgata-velha-imagem\/","og_site_name":"Notibras","article_publisher":"https:\/\/www.facebook.com\/notibras\/","article_published_time":"2025-04-10T03:23:11+00:00","article_modified_time":"2025-04-10T10:49:28+00:00","og_image":[{"width":1170,"height":700,"url":"https:\/\/www.notibras.com\/site\/wp-content\/uploads\/2024\/08\/pedemeiasetembro.webp","type":"image\/webp"}],"author":"Reda\u00e7\u00e3o","twitter_card":"summary_large_image","twitter_creator":"@Notibras","twitter_site":"@Notibras","twitter_misc":{"Escrito por":"Reda\u00e7\u00e3o","Est. tempo de leitura":"3 minutos"},"schema":{"@context":"https:\/\/schema.org","@graph":[{"@type":"Article","@id":"https:\/\/www.notibras.com\/site\/pe-de-meia-comeca-a-dar-frutos-e-lula-ja-resgata-velha-imagem\/#article","isPartOf":{"@id":"https:\/\/www.notibras.com\/site\/pe-de-meia-comeca-a-dar-frutos-e-lula-ja-resgata-velha-imagem\/"},"author":{"name":"Reda\u00e7\u00e3o","@id":"https:\/\/www.notibras.com\/site\/#\/schema\/person\/36ab0979449956132d3e5b517ea76ac8"},"headline":"P\u00e9 de Meia come\u00e7a a dar frutos e Lula j\u00e1 resgata velha imagem","datePublished":"2025-04-10T03:23:11+00:00","dateModified":"2025-04-10T10:49:28+00:00","mainEntityOfPage":{"@id":"https:\/\/www.notibras.com\/site\/pe-de-meia-comeca-a-dar-frutos-e-lula-ja-resgata-velha-imagem\/"},"wordCount":473,"publisher":{"@id":"https:\/\/www.notibras.com\/site\/#organization"},"image":{"@id":"https:\/\/www.notibras.com\/site\/pe-de-meia-comeca-a-dar-frutos-e-lula-ja-resgata-velha-imagem\/#primaryimage"},"thumbnailUrl":"https:\/\/www.notibras.com\/site\/wp-content\/uploads\/2024\/08\/pedemeiasetembro.webp","articleSection":["Nordeste"],"inLanguage":"pt-BR"},{"@type":"WebPage","@id":"https:\/\/www.notibras.com\/site\/pe-de-meia-comeca-a-dar-frutos-e-lula-ja-resgata-velha-imagem\/","url":"https:\/\/www.notibras.com\/site\/pe-de-meia-comeca-a-dar-frutos-e-lula-ja-resgata-velha-imagem\/","name":"P\u00e9 de Meia come\u00e7a a dar frutos e Lula j\u00e1 resgata velha imagem - Notibras","isPartOf":{"@id":"https:\/\/www.notibras.com\/site\/#website"},"primaryImageOfPage":{"@id":"https:\/\/www.notibras.com\/site\/pe-de-meia-comeca-a-dar-frutos-e-lula-ja-resgata-velha-imagem\/#primaryimage"},"image":{"@id":"https:\/\/www.notibras.com\/site\/pe-de-meia-comeca-a-dar-frutos-e-lula-ja-resgata-velha-imagem\/#primaryimage"},"thumbnailUrl":"https:\/\/www.notibras.com\/site\/wp-content\/uploads\/2024\/08\/pedemeiasetembro.webp","datePublished":"2025-04-10T03:23:11+00:00","dateModified":"2025-04-10T10:49:28+00:00","breadcrumb":{"@id":"https:\/\/www.notibras.com\/site\/pe-de-meia-comeca-a-dar-frutos-e-lula-ja-resgata-velha-imagem\/#breadcrumb"},"inLanguage":"pt-BR","potentialAction":[{"@type":"ReadAction","target":["https:\/\/www.notibras.com\/site\/pe-de-meia-comeca-a-dar-frutos-e-lula-ja-resgata-velha-imagem\/"]}]},{"@type":"ImageObject","inLanguage":"pt-BR","@id":"https:\/\/www.notibras.com\/site\/pe-de-meia-comeca-a-dar-frutos-e-lula-ja-resgata-velha-imagem\/#primaryimage","url":"https:\/\/www.notibras.com\/site\/wp-content\/uploads\/2024\/08\/pedemeiasetembro.webp","contentUrl":"https:\/\/www.notibras.com\/site\/wp-content\/uploads\/2024\/08\/pedemeiasetembro.webp","width":1170,"height":700},{"@type":"BreadcrumbList","@id":"https:\/\/www.notibras.com\/site\/pe-de-meia-comeca-a-dar-frutos-e-lula-ja-resgata-velha-imagem\/#breadcrumb","itemListElement":[{"@type":"ListItem","position":1,"name":"In\u00edcio","item":"https:\/\/www.notibras.com\/site\/"},{"@type":"ListItem","position":2,"name":"P\u00e9 de Meia come\u00e7a a dar frutos e Lula j\u00e1 resgata velha imagem"}]},{"@type":"WebSite","@id":"https:\/\/www.notibras.com\/site\/#website","url":"https:\/\/www.notibras.com\/site\/","name":"Notibras","description":"Not\u00edcias de Bras\u00edlia, do Brasil e do Mundo","publisher":{"@id":"https:\/\/www.notibras.com\/site\/#organization"},"potentialAction":[{"@type":"SearchAction","target":{"@type":"EntryPoint","urlTemplate":"https:\/\/www.notibras.com\/site\/?s={search_term_string}"},"query-input":{"@type":"PropertyValueSpecification","valueRequired":true,"valueName":"search_term_string"}}],"inLanguage":"pt-BR"},{"@type":"Organization","@id":"https:\/\/www.notibras.com\/site\/#organization","name":"Grupo Notibras de Comunica\u00e7\u00e3o","url":"https:\/\/www.notibras.com\/site\/","logo":{"@type":"ImageObject","inLanguage":"pt-BR","@id":"https:\/\/www.notibras.com\/site\/#\/schema\/logo\/image\/","url":"https:\/\/www.notibras.com\/site\/wp-content\/uploads\/2023\/01\/notibras23.png","contentUrl":"https:\/\/www.notibras.com\/site\/wp-content\/uploads\/2023\/01\/notibras23.png","width":350,"height":87,"caption":"Grupo Notibras de Comunica\u00e7\u00e3o"},"image":{"@id":"https:\/\/www.notibras.com\/site\/#\/schema\/logo\/image\/"},"sameAs":["https:\/\/www.facebook.com\/notibras\/","https:\/\/x.com\/Notibras","https:\/\/www.instagram.com\/notibras\/"]},{"@type":"Person","@id":"https:\/\/www.notibras.com\/site\/#\/schema\/person\/36ab0979449956132d3e5b517ea76ac8","name":"Reda\u00e7\u00e3o","image":{"@type":"ImageObject","inLanguage":"pt-BR","@id":"https:\/\/secure.gravatar.com\/avatar\/e0a867bdedb85fd243eadf09663511f96fc81e0720a4a42581f334ad4303aa6b?s=96&d=mm&r=g","url":"https:\/\/secure.gravatar.com\/avatar\/e0a867bdedb85fd243eadf09663511f96fc81e0720a4a42581f334ad4303aa6b?s=96&d=mm&r=g","contentUrl":"https:\/\/secure.gravatar.com\/avatar\/e0a867bdedb85fd243eadf09663511f96fc81e0720a4a42581f334ad4303aa6b?s=96&d=mm&r=g","caption":"Reda\u00e7\u00e3o"}}]}},"amp_enabled":true,"_links":{"self":[{"href":"https:\/\/www.notibras.com\/site\/wp-json\/wp\/v2\/posts\/351683","targetHints":{"allow":["GET"]}}],"collection":[{"href":"https:\/\/www.notibras.com\/site\/wp-json\/wp\/v2\/posts"}],"about":[{"href":"https:\/\/www.notibras.com\/site\/wp-json\/wp\/v2\/types\/post"}],"author":[{"embeddable":true,"href":"https:\/\/www.notibras.com\/site\/wp-json\/wp\/v2\/users\/2"}],"replies":[{"embeddable":true,"href":"https:\/\/www.notibras.com\/site\/wp-json\/wp\/v2\/comments?post=351683"}],"version-history":[{"count":1,"href":"https:\/\/www.notibras.com\/site\/wp-json\/wp\/v2\/posts\/351683\/revisions"}],"predecessor-version":[{"id":351684,"href":"https:\/\/www.notibras.com\/site\/wp-json\/wp\/v2\/posts\/351683\/revisions\/351684"}],"wp:featuredmedia":[{"embeddable":true,"href":"https:\/\/www.notibras.com\/site\/wp-json\/wp\/v2\/media\/334218"}],"wp:attachment":[{"href":"https:\/\/www.notibras.com\/site\/wp-json\/wp\/v2\/media?parent=351683"}],"wp:term":[{"taxonomy":"category","embeddable":true,"href":"https:\/\/www.notibras.com\/site\/wp-json\/wp\/v2\/categories?post=351683"},{"taxonomy":"post_tag","embeddable":true,"href":"https:\/\/www.notibras.com\/site\/wp-json\/wp\/v2\/tags?post=351683"}],"curies":[{"name":"wp","href":"https:\/\/api.w.org\/{rel}","templated":true}]}}