{"id":351731,"date":"2025-04-11T00:03:56","date_gmt":"2025-04-11T03:03:56","guid":{"rendered":"https:\/\/www.notibras.com\/site\/?p=351731"},"modified":"2025-04-11T09:05:38","modified_gmt":"2025-04-11T12:05:38","slug":"estados-entram-em-atencao-contra-crises-respiratorias","status":"publish","type":"post","link":"https:\/\/www.notibras.com\/site\/estados-entram-em-atencao-contra-crises-respiratorias\/","title":{"rendered":"Estados entram em aten\u00e7\u00e3o contra crises respirat\u00f3rias"},"content":{"rendered":"<p>Os casos de s\u00edndrome respirat\u00f3ria aguda grave (SRAG) tiveram um crescimento entre crian\u00e7as pequenas, segundo o novo boletim InfoGripe, divulgado nesta quinta-feira (10) pela Funda\u00e7\u00e3o Oswaldo Cruz (Fiocruz). A alta nas hospitaliza\u00e7\u00f5es \u00e9 associada ao v\u00edrus sincicial respirat\u00f3rio (VSR), causador da bronquiolite, cuja incid\u00eancia ocorre em praticamente todo o pa\u00eds e tende a crescer no outono e no inverno.<\/p>\n<p>O estudo \u00e9 referente \u00e0 Semana Epidemiol\u00f3gica de 30 de mar\u00e7o a 5 de abril, e tamb\u00e9m alerta para os primeiros ind\u00edcios de crescimento dos casos de SRAG por influenza, o v\u00edrus da gripe. Esse aumento ocorre especialmente no Mato Grosso do Sul, onde as hospitaliza\u00e7\u00f5es pelo v\u00edrus t\u00eam atingido jovens, adultos e idosos.<\/p>\n<p>De acordo com a pesquisadora do Programa de Computa\u00e7\u00e3o Cient\u00edfica da Fiocruz, Tatiana Portela, com o in\u00edcio de aumento dos casos de influenza no Mato Grosso do Sul, \u00e9 fundamental que todas as pessoas dos grupos priorit\u00e1rios, crian\u00e7as de seis meses a seis anos, assim como gestantes e idosos, se imunizem contra o v\u00edrus.<\/p>\n<p>\u201cEspecialmente as pessoas dos grupos priorit\u00e1rios que moram nas regi\u00f5es Centro-Oeste, Nordeste, Sul e Sudeste, onde a campanha de vacina\u00e7\u00e3o contra o v\u00edrus j\u00e1 come\u00e7ou\u201d, explicou.<\/p>\n<p>Em nota, Tatiana refor\u00e7a ainda a import\u00e2ncia de, \u201cem caso de aparecimento de sintomas de gripe ou resfriado, sair de casa usando m\u00e1scara, assim como dentro de locais fechados e com maior aglomera\u00e7\u00e3o de pessoas e nos postos de sa\u00fade\u201d.<\/p>\n<p><strong>Estados e capitais<\/strong><br \/>\nNo total, 13 dos 27 estados apresentam incid\u00eancia de SRAG com sinal de crescimento na an\u00e1lise das \u00faltimas semanas: Acre, Amap\u00e1, Distrito Federal, Esp\u00edrito Santo, Goi\u00e1s, Maranh\u00e3o, Mato Grosso, Mato Grosso do Sul, Minas Gerais, Par\u00e1, Rio Grande do Norte, Roraima e Sergipe.<\/p>\n<p><strong>Situa\u00e7\u00e3o nacional<\/strong><br \/>\nEm 2025, j\u00e1 foram notificados 31.796 casos de SRAG, sendo 12.527 (39,4%) com resultado laboratorial positivo para algum v\u00edrus respirat\u00f3rio, 14.113 (44,4%) negativos, e ao menos 3.060 (9,6%) aguardando resultado laboratorial.<\/p>\n<p>Nas quatro \u00faltimas semanas epidemiol\u00f3gicas, a preval\u00eancia entre os casos positivos foi de 10,3% de influenza A, 1,6% de influenza B, 50,4% de v\u00edrus sincicial respirat\u00f3rio, 31,4% de rinov\u00edrus, e 9,2% de Sars-CoV-2 (Covid-19).<\/p>\n","protected":false},"excerpt":{"rendered":"<p>Os casos de s\u00edndrome respirat\u00f3ria aguda grave (SRAG) tiveram um crescimento entre crian\u00e7as pequenas, segundo o novo boletim InfoGripe, divulgado nesta quinta-feira (10) pela Funda\u00e7\u00e3o Oswaldo Cruz (Fiocruz). A alta nas hospitaliza\u00e7\u00f5es \u00e9 associada ao v\u00edrus sincicial respirat\u00f3rio (VSR), causador da bronquiolite, cuja incid\u00eancia ocorre em praticamente todo o pa\u00eds e tende a crescer no [&hellip;]<\/p>\n","protected":false},"author":2,"featured_media":351732,"comment_status":"closed","ping_status":"closed","sticky":false,"template":"","format":"standard","meta":{"_acf_changed":false,"footnotes":""},"categories":[165],"tags":[],"class_list":["post-351731","post","type-post","status-publish","format-standard","has-post-thumbnail","hentry","category-nordeste"],"acf":[],"_links":{"self":[{"href":"https:\/\/www.notibras.com\/site\/wp-json\/wp\/v2\/posts\/351731","targetHints":{"allow":["GET"]}}],"collection":[{"href":"https:\/\/www.notibras.com\/site\/wp-json\/wp\/v2\/posts"}],"about":[{"href":"https:\/\/www.notibras.com\/site\/wp-json\/wp\/v2\/types\/post"}],"author":[{"embeddable":true,"href":"https:\/\/www.notibras.com\/site\/wp-json\/wp\/v2\/users\/2"}],"replies":[{"embeddable":true,"href":"https:\/\/www.notibras.com\/site\/wp-json\/wp\/v2\/comments?post=351731"}],"version-history":[{"count":1,"href":"https:\/\/www.notibras.com\/site\/wp-json\/wp\/v2\/posts\/351731\/revisions"}],"predecessor-version":[{"id":351733,"href":"https:\/\/www.notibras.com\/site\/wp-json\/wp\/v2\/posts\/351731\/revisions\/351733"}],"wp:featuredmedia":[{"embeddable":true,"href":"https:\/\/www.notibras.com\/site\/wp-json\/wp\/v2\/media\/351732"}],"wp:attachment":[{"href":"https:\/\/www.notibras.com\/site\/wp-json\/wp\/v2\/media?parent=351731"}],"wp:term":[{"taxonomy":"category","embeddable":true,"href":"https:\/\/www.notibras.com\/site\/wp-json\/wp\/v2\/categories?post=351731"},{"taxonomy":"post_tag","embeddable":true,"href":"https:\/\/www.notibras.com\/site\/wp-json\/wp\/v2\/tags?post=351731"}],"curies":[{"name":"wp","href":"https:\/\/api.w.org\/{rel}","templated":true}]}}