{"id":351734,"date":"2025-04-11T00:07:22","date_gmt":"2025-04-11T03:07:22","guid":{"rendered":"https:\/\/www.notibras.com\/site\/?p=351734"},"modified":"2025-04-11T09:12:01","modified_gmt":"2025-04-11T12:12:01","slug":"tribunal-cobra-de-cristiano-farra-com-dinheiro-da-festa-de-aniversario-da-cidade","status":"publish","type":"post","link":"https:\/\/www.notibras.com\/site\/tribunal-cobra-de-cristiano-farra-com-dinheiro-da-festa-de-aniversario-da-cidade\/","title":{"rendered":"Tribunal cobra de Cristiano farra com dinheiro da festa de anivers\u00e1rio da cidade"},"content":{"rendered":"<p>O Tribunal de Contas do Distrito Federal deu um prazo de cinco dias para que a Secretaria de Turismo preste esclarecimentos sobre o Chamamento P\u00fablico n\u00ba 01\/2025, que visa \u00e0 celebra\u00e7\u00e3o de Termo de Colabora\u00e7\u00e3o com Organiza\u00e7\u00e3o da Sociedade Civil (OSC) para a realiza\u00e7\u00e3o das comemora\u00e7\u00f5es dos 65 anos de Bras\u00edlia.<\/p>\n<p>Por meio do processo 00600-00003623\/2025-22-e, a Corte analisa a condu\u00e7\u00e3o do processo de parceria com OSCs para a organiza\u00e7\u00e3o do evento previsto para ocorrer entre os dias 19 e 21 de abril de 2025.<\/p>\n<p>Devido \u00e0 proximidade do anivers\u00e1rio, o Plen\u00e1rio do Tribunal determinou, por maioria, que a Setur se manifeste e envie documentos que considerar pertinentes com urg\u00eancia. Al\u00e9m disso, a Secretaria dever\u00e1 disponibilizar, de forma imediata, link de acesso ao inteiro teor do processo administrativo referente ao chamamento p\u00fablico.<\/p>\n<p>O TCDF busca garantir a transpar\u00eancia e a regularidade na aplica\u00e7\u00e3o dos recursos p\u00fablicos envolvidos nas festividades de anivers\u00e1rio da capital federal. A proposta da Setur\/DF inclui shows nacionais e locais, experi\u00eancias culturais, a\u00e7\u00f5es voltadas ao turismo e \u00e0 economia criativa, com or\u00e7amento estimado em R$ 12 milh\u00f5es.<\/p>\n","protected":false},"excerpt":{"rendered":"<p>O Tribunal de Contas do Distrito Federal deu um prazo de cinco dias para que a Secretaria de Turismo preste esclarecimentos sobre o Chamamento P\u00fablico n\u00ba 01\/2025, que visa \u00e0 celebra\u00e7\u00e3o de Termo de Colabora\u00e7\u00e3o com Organiza\u00e7\u00e3o da Sociedade Civil (OSC) para a realiza\u00e7\u00e3o das comemora\u00e7\u00f5es dos 65 anos de Bras\u00edlia. Por meio do processo [&hellip;]<\/p>\n","protected":false},"author":2,"featured_media":35785,"comment_status":"closed","ping_status":"closed","sticky":false,"template":"","format":"standard","meta":{"_acf_changed":false,"footnotes":""},"categories":[161],"tags":[],"class_list":["post-351734","post","type-post","status-publish","format-standard","has-post-thumbnail","hentry","category-quadradinho-em-foco"],"acf":[],"_links":{"self":[{"href":"https:\/\/www.notibras.com\/site\/wp-json\/wp\/v2\/posts\/351734","targetHints":{"allow":["GET"]}}],"collection":[{"href":"https:\/\/www.notibras.com\/site\/wp-json\/wp\/v2\/posts"}],"about":[{"href":"https:\/\/www.notibras.com\/site\/wp-json\/wp\/v2\/types\/post"}],"author":[{"embeddable":true,"href":"https:\/\/www.notibras.com\/site\/wp-json\/wp\/v2\/users\/2"}],"replies":[{"embeddable":true,"href":"https:\/\/www.notibras.com\/site\/wp-json\/wp\/v2\/comments?post=351734"}],"version-history":[{"count":1,"href":"https:\/\/www.notibras.com\/site\/wp-json\/wp\/v2\/posts\/351734\/revisions"}],"predecessor-version":[{"id":351735,"href":"https:\/\/www.notibras.com\/site\/wp-json\/wp\/v2\/posts\/351734\/revisions\/351735"}],"wp:featuredmedia":[{"embeddable":true,"href":"https:\/\/www.notibras.com\/site\/wp-json\/wp\/v2\/media\/35785"}],"wp:attachment":[{"href":"https:\/\/www.notibras.com\/site\/wp-json\/wp\/v2\/media?parent=351734"}],"wp:term":[{"taxonomy":"category","embeddable":true,"href":"https:\/\/www.notibras.com\/site\/wp-json\/wp\/v2\/categories?post=351734"},{"taxonomy":"post_tag","embeddable":true,"href":"https:\/\/www.notibras.com\/site\/wp-json\/wp\/v2\/tags?post=351734"}],"curies":[{"name":"wp","href":"https:\/\/api.w.org\/{rel}","templated":true}]}}