{"id":351742,"date":"2025-04-11T10:05:31","date_gmt":"2025-04-11T13:05:31","guid":{"rendered":"https:\/\/www.notibras.com\/site\/?p=351742"},"modified":"2025-04-11T12:08:30","modified_gmt":"2025-04-11T15:08:30","slug":"bolsonaro-sente-dor-de-barriga-e-e-internado-com-urgencia-em-natal","status":"publish","type":"post","link":"https:\/\/www.notibras.com\/site\/bolsonaro-sente-dor-de-barriga-e-e-internado-com-urgencia-em-natal\/","title":{"rendered":"Bolsonaro sente dor de barriga e \u00e9 internado com urg\u00eancia em Natal"},"content":{"rendered":"<p>O ex-presidente Jair Bolsonaro foi internado com urg\u00eancia nesta sexta-feira, 11 de abril de 2025, ap\u00f3s sentir fortes dores abdominais durante um evento pol\u00edtico na cidade de Santa Cruz, no interior do Rio Grande do Norte. Ele foi inicialmente atendido no Hospital Municipal Alu\u00edzio Bezerra e, posteriormente, transferido de helic\u00f3ptero para um hospital particular em Natal, capital do estado. \u200b<\/p>\n<p>Segundo informa\u00e7\u00f5es de seu m\u00e9dico, Ant\u00f4nio Macedo, Bolsonaro apresenta um quadro de obstru\u00e7\u00e3o intestinal, possivelmente relacionado \u00e0s sequelas da facada que sofreu em 2018 durante a campanha presidencial. Ele est\u00e1 sendo medicado e passar\u00e1 por exames, incluindo tomografia e resson\u00e2ncia magn\u00e9tica, para avaliar a necessidade de interven\u00e7\u00e3o cir\u00fargica. \u200b<\/p>\n<p>Bolsonaro est\u00e1 no estado para lan\u00e7ar o projeto &#8220;Rota 22&#8221;, uma iniciativa do Partido Liberal (PL) visando ampliar a presen\u00e7a da legenda no Nordeste. A agenda inclu\u00eda visitas a v\u00e1rias cidades, mas pode ser alterada devido ao seu estado de sa\u00fade.<\/p>\n<p>Desde o atentado em 2018, Bolsonaro j\u00e1 passou por seis cirurgias relacionadas \u00e0s complica\u00e7\u00f5es abdominais. Em caso de necessidade de cirurgia, h\u00e1 possibilidade de transfer\u00eancia para S\u00e3o Paulo, onde ele j\u00e1 foi submetido a procedimentos anteriores.<\/p>\n","protected":false},"excerpt":{"rendered":"<p>O ex-presidente Jair Bolsonaro foi internado com urg\u00eancia nesta sexta-feira, 11 de abril de 2025, ap\u00f3s sentir fortes dores abdominais durante um evento pol\u00edtico na cidade de Santa Cruz, no interior do Rio Grande do Norte. Ele foi inicialmente atendido no Hospital Municipal Alu\u00edzio Bezerra e, posteriormente, transferido de helic\u00f3ptero para um hospital particular em [&hellip;]<\/p>\n","protected":false},"author":2,"featured_media":311285,"comment_status":"closed","ping_status":"closed","sticky":false,"template":"","format":"standard","meta":{"_acf_changed":false,"footnotes":""},"categories":[165],"tags":[95],"class_list":["post-351742","post","type-post","status-publish","format-standard","has-post-thumbnail","hentry","category-nordeste","tag-capa"],"acf":[],"_links":{"self":[{"href":"https:\/\/www.notibras.com\/site\/wp-json\/wp\/v2\/posts\/351742","targetHints":{"allow":["GET"]}}],"collection":[{"href":"https:\/\/www.notibras.com\/site\/wp-json\/wp\/v2\/posts"}],"about":[{"href":"https:\/\/www.notibras.com\/site\/wp-json\/wp\/v2\/types\/post"}],"author":[{"embeddable":true,"href":"https:\/\/www.notibras.com\/site\/wp-json\/wp\/v2\/users\/2"}],"replies":[{"embeddable":true,"href":"https:\/\/www.notibras.com\/site\/wp-json\/wp\/v2\/comments?post=351742"}],"version-history":[{"count":1,"href":"https:\/\/www.notibras.com\/site\/wp-json\/wp\/v2\/posts\/351742\/revisions"}],"predecessor-version":[{"id":351743,"href":"https:\/\/www.notibras.com\/site\/wp-json\/wp\/v2\/posts\/351742\/revisions\/351743"}],"wp:featuredmedia":[{"embeddable":true,"href":"https:\/\/www.notibras.com\/site\/wp-json\/wp\/v2\/media\/311285"}],"wp:attachment":[{"href":"https:\/\/www.notibras.com\/site\/wp-json\/wp\/v2\/media?parent=351742"}],"wp:term":[{"taxonomy":"category","embeddable":true,"href":"https:\/\/www.notibras.com\/site\/wp-json\/wp\/v2\/categories?post=351742"},{"taxonomy":"post_tag","embeddable":true,"href":"https:\/\/www.notibras.com\/site\/wp-json\/wp\/v2\/tags?post=351742"}],"curies":[{"name":"wp","href":"https:\/\/api.w.org\/{rel}","templated":true}]}}