{"id":351787,"date":"2025-04-12T07:59:29","date_gmt":"2025-04-12T10:59:29","guid":{"rendered":"https:\/\/www.notibras.com\/site\/?p=351787"},"modified":"2025-04-12T07:59:29","modified_gmt":"2025-04-12T10:59:29","slug":"um-drama-persistente-que-desafia-geracoes","status":"publish","type":"post","link":"https:\/\/www.notibras.com\/site\/um-drama-persistente-que-desafia-geracoes\/","title":{"rendered":"Um drama persistente que desafia gera\u00e7\u00f5es"},"content":{"rendered":"<p>A seca no Nordeste do Brasil \u00e9 um fen\u00f4meno recorrente que, por s\u00e9culos, tem afetado profundamente a vida de milh\u00f5es de nordestinos. Mesmo com avan\u00e7os tecnol\u00f3gicos e pol\u00edticas p\u00fablicas voltadas para o semi\u00e1rido, a estiagem prolongada continua provocando impactos sociais, econ\u00f4micos e ambientais em uma das regi\u00f5es mais emblem\u00e1ticas do pa\u00eds.<\/p>\n<p>A longa estiagem \u00e9 resultado de uma combina\u00e7\u00e3o de fatores clim\u00e1ticos, como o aquecimento das \u00e1guas do Atl\u00e2ntico Norte, a irregularidade das chuvas e a vulnerabilidade natural da regi\u00e3o do semi\u00e1rido. Munic\u00edpios do sert\u00e3o s\u00e3o os mais atingidos, enfrentando longos per\u00edodos sem chuva e altas temperaturas.<\/p>\n<p>A falta de \u00e1gua afeta diretamente o abastecimento dom\u00e9stico, a agricultura familiar e a cria\u00e7\u00e3o de animais. Muitas fam\u00edlias ainda dependem de carros-pipa para ter acesso \u00e0 \u00e1gua pot\u00e1vel. Al\u00e9m disso, a escassez de recursos leva ao \u00eaxodo rural, \u00e0 inseguran\u00e7a alimentar e ao agravamento da pobreza.<\/p>\n<p>Nos \u00faltimos anos, o governo federal e estaduais implementaram projetos como a transposi\u00e7\u00e3o do Rio S\u00e3o Francisco, cisternas e programas de conviv\u00eancia com o semi\u00e1rido. No entanto, especialistas alertam que a solu\u00e7\u00e3o definitiva exige investimento cont\u00ednuo, gest\u00e3o eficiente da \u00e1gua e educa\u00e7\u00e3o ambiental.<\/p>\n<p>Maria das Dores, agricultora de 54 anos, relata: \u201cA gente planta sem saber se vai colher. J\u00e1 perdi lavoura duas vezes s\u00f3 este ano. A esperan\u00e7a \u00e9 que a chuva venha logo\u201d.<\/p>\n<p>A seca no Nordeste \u00e9 mais do que um fen\u00f4meno natural \u2014 \u00e9 uma quest\u00e3o de justi\u00e7a social e sustentabilidade. Enfrent\u00e1-la exige um esfor\u00e7o conjunto entre governo, sociedade e ci\u00eancia para garantir que milh\u00f5es de brasileiros possam viver com dignidade, mesmo diante da adversidade clim\u00e1tica.<\/p>\n","protected":false},"excerpt":{"rendered":"<p>A seca no Nordeste do Brasil \u00e9 um fen\u00f4meno recorrente que, por s\u00e9culos, tem afetado profundamente a vida de milh\u00f5es de nordestinos. Mesmo com avan\u00e7os tecnol\u00f3gicos e pol\u00edticas p\u00fablicas voltadas para o semi\u00e1rido, a estiagem prolongada continua provocando impactos sociais, econ\u00f4micos e ambientais em uma das regi\u00f5es mais emblem\u00e1ticas do pa\u00eds. A longa estiagem \u00e9 [&hellip;]<\/p>\n","protected":false},"author":2,"featured_media":351788,"comment_status":"closed","ping_status":"closed","sticky":false,"template":"","format":"standard","meta":{"_acf_changed":false,"footnotes":""},"categories":[165],"tags":[],"class_list":["post-351787","post","type-post","status-publish","format-standard","has-post-thumbnail","hentry","category-nordeste"],"acf":[],"_links":{"self":[{"href":"https:\/\/www.notibras.com\/site\/wp-json\/wp\/v2\/posts\/351787","targetHints":{"allow":["GET"]}}],"collection":[{"href":"https:\/\/www.notibras.com\/site\/wp-json\/wp\/v2\/posts"}],"about":[{"href":"https:\/\/www.notibras.com\/site\/wp-json\/wp\/v2\/types\/post"}],"author":[{"embeddable":true,"href":"https:\/\/www.notibras.com\/site\/wp-json\/wp\/v2\/users\/2"}],"replies":[{"embeddable":true,"href":"https:\/\/www.notibras.com\/site\/wp-json\/wp\/v2\/comments?post=351787"}],"version-history":[{"count":1,"href":"https:\/\/www.notibras.com\/site\/wp-json\/wp\/v2\/posts\/351787\/revisions"}],"predecessor-version":[{"id":351789,"href":"https:\/\/www.notibras.com\/site\/wp-json\/wp\/v2\/posts\/351787\/revisions\/351789"}],"wp:featuredmedia":[{"embeddable":true,"href":"https:\/\/www.notibras.com\/site\/wp-json\/wp\/v2\/media\/351788"}],"wp:attachment":[{"href":"https:\/\/www.notibras.com\/site\/wp-json\/wp\/v2\/media?parent=351787"}],"wp:term":[{"taxonomy":"category","embeddable":true,"href":"https:\/\/www.notibras.com\/site\/wp-json\/wp\/v2\/categories?post=351787"},{"taxonomy":"post_tag","embeddable":true,"href":"https:\/\/www.notibras.com\/site\/wp-json\/wp\/v2\/tags?post=351787"}],"curies":[{"name":"wp","href":"https:\/\/api.w.org\/{rel}","templated":true}]}}