{"id":351790,"date":"2025-04-12T07:02:23","date_gmt":"2025-04-12T10:02:23","guid":{"rendered":"https:\/\/www.notibras.com\/site\/?p=351790"},"modified":"2025-04-12T08:04:06","modified_gmt":"2025-04-12T11:04:06","slug":"desertificacao-avanca-e-agrava-crise-hidrica-e-alimentar","status":"publish","type":"post","link":"https:\/\/www.notibras.com\/site\/desertificacao-avanca-e-agrava-crise-hidrica-e-alimentar\/","title":{"rendered":"Desertifica\u00e7\u00e3o avan\u00e7a e agrava crise h\u00eddrica e alimentar"},"content":{"rendered":"<p>O Nordeste brasileiro enfrenta uma das maiores amea\u00e7as ambientais de sua hist\u00f3ria recente: a desertifica\u00e7\u00e3o avan\u00e7a rapidamente e p\u00f5e em risco o acesso \u00e0 \u00e1gua e \u00e0 alimenta\u00e7\u00e3o de milh\u00f5es de pessoas. O fen\u00f4meno, resultado da combina\u00e7\u00e3o entre mudan\u00e7as clim\u00e1ticas, desmatamento e manejo inadequado do solo, tem transformado \u00e1reas produtivas em terras \u00e1ridas e improdutivas.<\/p>\n<p>Relat\u00f3rios do Minist\u00e9rio do Meio Ambiente apontam que mais de 13% do territ\u00f3rio da regi\u00e3o j\u00e1 apresenta sinais vis\u00edveis de desertifica\u00e7\u00e3o. Estados como Cear\u00e1, Rio Grande do Norte, Para\u00edba, Pernambuco e Bahia concentram as \u00e1reas mais afetadas, onde a degrada\u00e7\u00e3o do solo e a perda da vegeta\u00e7\u00e3o nativa enfraquecem as atividades econ\u00f4micas locais e amea\u00e7am a sobreviv\u00eancia das comunidades rurais.<\/p>\n<p>\u201cO solo empobrece, a \u00e1gua some e as fam\u00edlias perdem suas fontes de renda\u201d, explica Maria L\u00facia Andrade, pesquisadora especialista em ecologia e mudan\u00e7as clim\u00e1ticas. \u201cSem alternativas, cresce o \u00eaxodo rural e a depend\u00eancia de ajuda emergencial.\u201d<\/p>\n<p>A desertifica\u00e7\u00e3o impacta diretamente na agricultura familiar e na pecu\u00e1ria, pilares da subsist\u00eancia de milhares de fam\u00edlias do semi\u00e1rido. A escassez de \u00e1gua seca planta\u00e7\u00f5es, mata rebanhos e obriga a popula\u00e7\u00e3o a contar com solu\u00e7\u00f5es emergenciais, como o abastecimento por carros-pipa e o recebimento de cestas b\u00e1sicas.<\/p>\n<p>Al\u00e9m das mudan\u00e7as clim\u00e1ticas globais, pr\u00e1ticas locais como o corte indiscriminado de \u00e1rvores para lenha e o cultivo sem t\u00e9cnicas de preserva\u00e7\u00e3o do solo aceleram esse processo de degrada\u00e7\u00e3o. Para especialistas, a revers\u00e3o desse cen\u00e1rio exige pol\u00edticas p\u00fablicas consistentes, investimento em reflorestamento, t\u00e9cnicas agr\u00edcolas sustent\u00e1veis e educa\u00e7\u00e3o ambiental.<\/p>\n<p>\u201cN\u00e3o h\u00e1 solu\u00e7\u00e3o simples\u201d, afirma Andrade. \u201c\u00c9 preciso unir governos, pesquisadores e as pr\u00f3prias comunidades para restaurar o equil\u00edbrio ambiental e garantir um futuro para as popula\u00e7\u00f5es do semi\u00e1rido.\u201d<\/p>\n<p>Sem a\u00e7\u00f5es efetivas e coordenadas, a desertifica\u00e7\u00e3o seguir\u00e1 avan\u00e7ando, comprometendo n\u00e3o s\u00f3 a paisagem e os ecossistemas do Nordeste, mas tamb\u00e9m a dignidade e a sobreviv\u00eancia de seus moradores.<\/p>\n","protected":false},"excerpt":{"rendered":"<p>O Nordeste brasileiro enfrenta uma das maiores amea\u00e7as ambientais de sua hist\u00f3ria recente: a desertifica\u00e7\u00e3o avan\u00e7a rapidamente e p\u00f5e em risco o acesso \u00e0 \u00e1gua e \u00e0 alimenta\u00e7\u00e3o de milh\u00f5es de pessoas. O fen\u00f4meno, resultado da combina\u00e7\u00e3o entre mudan\u00e7as clim\u00e1ticas, desmatamento e manejo inadequado do solo, tem transformado \u00e1reas produtivas em terras \u00e1ridas e improdutivas. [&hellip;]<\/p>\n","protected":false},"author":2,"featured_media":351791,"comment_status":"closed","ping_status":"closed","sticky":false,"template":"","format":"standard","meta":{"_acf_changed":false,"footnotes":""},"categories":[165],"tags":[],"class_list":["post-351790","post","type-post","status-publish","format-standard","has-post-thumbnail","hentry","category-nordeste"],"acf":[],"_links":{"self":[{"href":"https:\/\/www.notibras.com\/site\/wp-json\/wp\/v2\/posts\/351790","targetHints":{"allow":["GET"]}}],"collection":[{"href":"https:\/\/www.notibras.com\/site\/wp-json\/wp\/v2\/posts"}],"about":[{"href":"https:\/\/www.notibras.com\/site\/wp-json\/wp\/v2\/types\/post"}],"author":[{"embeddable":true,"href":"https:\/\/www.notibras.com\/site\/wp-json\/wp\/v2\/users\/2"}],"replies":[{"embeddable":true,"href":"https:\/\/www.notibras.com\/site\/wp-json\/wp\/v2\/comments?post=351790"}],"version-history":[{"count":1,"href":"https:\/\/www.notibras.com\/site\/wp-json\/wp\/v2\/posts\/351790\/revisions"}],"predecessor-version":[{"id":351792,"href":"https:\/\/www.notibras.com\/site\/wp-json\/wp\/v2\/posts\/351790\/revisions\/351792"}],"wp:featuredmedia":[{"embeddable":true,"href":"https:\/\/www.notibras.com\/site\/wp-json\/wp\/v2\/media\/351791"}],"wp:attachment":[{"href":"https:\/\/www.notibras.com\/site\/wp-json\/wp\/v2\/media?parent=351790"}],"wp:term":[{"taxonomy":"category","embeddable":true,"href":"https:\/\/www.notibras.com\/site\/wp-json\/wp\/v2\/categories?post=351790"},{"taxonomy":"post_tag","embeddable":true,"href":"https:\/\/www.notibras.com\/site\/wp-json\/wp\/v2\/tags?post=351790"}],"curies":[{"name":"wp","href":"https:\/\/api.w.org\/{rel}","templated":true}]}}