{"id":351793,"date":"2025-04-12T08:22:36","date_gmt":"2025-04-12T11:22:36","guid":{"rendered":"https:\/\/www.notibras.com\/site\/?p=351793"},"modified":"2025-04-12T08:22:36","modified_gmt":"2025-04-12T11:22:36","slug":"servidor-recebera-reajuste-retroativo-a-janeiro","status":"publish","type":"post","link":"https:\/\/www.notibras.com\/site\/servidor-recebera-reajuste-retroativo-a-janeiro\/","title":{"rendered":"Servidor receber\u00e1 reajuste retroativo a janeiro"},"content":{"rendered":"<p>Os servidores p\u00fablicos do Executivo Federal receber\u00e3o em 2 de maio o reajuste salarial retroativo a janeiro, confirmou o Minist\u00e9rio da Gest\u00e3o e da Inova\u00e7\u00e3o em Servi\u00e7os P\u00fablicos (MGI). Os percentuais ser\u00e3o os da Medida Provis\u00f3ria 286, editada no fim do ano passado, como resultado das negocia\u00e7\u00f5es do governo com as diversas carreiras do funcionalismo.<\/p>\n<p>Segundo o MGI, o reajuste e os ajustes de carreira ter\u00e3o impacto de R$ 17,9 bilh\u00f5es no Or\u00e7amento deste ano e R$ 8,5 bilh\u00f5es, no de 2026. Apesar de ter sido substitu\u00edda por um projeto de lei, conforme acordo entre o governo e o Congresso, a MP 286 continua vigente at\u00e9 2 de junho.<\/p>\n<p>O MGI confirmou o pagamento do reajuste ap\u00f3s a san\u00e7\u00e3o do Or\u00e7amento Geral da Uni\u00e3o de 2025. Por causa do atraso na aprova\u00e7\u00e3o do Or\u00e7amento pelo Congresso, o aumento acertado no ano passado n\u00e3o poderia come\u00e7ar a ser pago sem que a lei or\u00e7ament\u00e1ria estivesse sancionada.<\/p>\n<p>A MP 286 formalizou os acordos das mesas de negocia\u00e7\u00e3o entre o MGI e os representantes das carreiras civis do Poder Executivo Federal ao longo do ano passado. Segundo o minist\u00e9rio, as negocia\u00e7\u00f5es de 2024 e os acordos anteriores garantiram a recomposi\u00e7\u00e3o salarial para 100% dos servidores ativos, aposentados e pensionistas da Uni\u00e3o.<\/p>\n<p>Em 2023, o governo havia concedido reajuste linear aos servidores do Poder Executivo Federal de 9% nos vencimentos e de 43,6% no t\u00edquete alimenta\u00e7\u00e3o. No ano passado, n\u00e3o houve atualiza\u00e7\u00e3o.<\/p>\n<p><strong>Planos de carreira<\/strong><br \/>\nAl\u00e9m dos aumentos salariais, os acordos para 2025 e 2026 preveem ajustes de carreira e mudan\u00e7as estruturais no servi\u00e7o p\u00fablico. Em rela\u00e7\u00e3o aos planos de carreira, o tempo para que os servidores atinjam o topo da progress\u00e3o foi atualizado, para adequar a evolu\u00e7\u00e3o funcional \u00e0 realidade fiscal e \u00e0s novas exig\u00eancias de gest\u00e3o p\u00fablica.<\/p>\n<p>Na reestrutura\u00e7\u00e3o do servi\u00e7o p\u00fablico federal, o governo substituiu 14.989 cargos obsoletos por 15.670 fun\u00e7\u00f5es, que, segundo o MGI, s\u00e3o mais compat\u00edveis com as demandas de um setor p\u00fablico mais moderno, sendo 10.930 voltados \u00e0 \u00e1rea da educa\u00e7\u00e3o. A \u00faltima rodada de negocia\u00e7\u00e3o ampla ocorreu em 2015, no governo da ex-presidenta Dilma Rousseff.<\/p>\n","protected":false},"excerpt":{"rendered":"<p>Os servidores p\u00fablicos do Executivo Federal receber\u00e3o em 2 de maio o reajuste salarial retroativo a janeiro, confirmou o Minist\u00e9rio da Gest\u00e3o e da Inova\u00e7\u00e3o em Servi\u00e7os P\u00fablicos (MGI). Os percentuais ser\u00e3o os da Medida Provis\u00f3ria 286, editada no fim do ano passado, como resultado das negocia\u00e7\u00f5es do governo com as diversas carreiras do funcionalismo. [&hellip;]<\/p>\n","protected":false},"author":2,"featured_media":351794,"comment_status":"closed","ping_status":"closed","sticky":false,"template":"","format":"standard","meta":{"_acf_changed":false,"footnotes":""},"categories":[161],"tags":[],"class_list":["post-351793","post","type-post","status-publish","format-standard","has-post-thumbnail","hentry","category-quadradinho-em-foco"],"acf":[],"_links":{"self":[{"href":"https:\/\/www.notibras.com\/site\/wp-json\/wp\/v2\/posts\/351793","targetHints":{"allow":["GET"]}}],"collection":[{"href":"https:\/\/www.notibras.com\/site\/wp-json\/wp\/v2\/posts"}],"about":[{"href":"https:\/\/www.notibras.com\/site\/wp-json\/wp\/v2\/types\/post"}],"author":[{"embeddable":true,"href":"https:\/\/www.notibras.com\/site\/wp-json\/wp\/v2\/users\/2"}],"replies":[{"embeddable":true,"href":"https:\/\/www.notibras.com\/site\/wp-json\/wp\/v2\/comments?post=351793"}],"version-history":[{"count":1,"href":"https:\/\/www.notibras.com\/site\/wp-json\/wp\/v2\/posts\/351793\/revisions"}],"predecessor-version":[{"id":351795,"href":"https:\/\/www.notibras.com\/site\/wp-json\/wp\/v2\/posts\/351793\/revisions\/351795"}],"wp:featuredmedia":[{"embeddable":true,"href":"https:\/\/www.notibras.com\/site\/wp-json\/wp\/v2\/media\/351794"}],"wp:attachment":[{"href":"https:\/\/www.notibras.com\/site\/wp-json\/wp\/v2\/media?parent=351793"}],"wp:term":[{"taxonomy":"category","embeddable":true,"href":"https:\/\/www.notibras.com\/site\/wp-json\/wp\/v2\/categories?post=351793"},{"taxonomy":"post_tag","embeddable":true,"href":"https:\/\/www.notibras.com\/site\/wp-json\/wp\/v2\/tags?post=351793"}],"curies":[{"name":"wp","href":"https:\/\/api.w.org\/{rel}","templated":true}]}}