{"id":351796,"date":"2025-04-12T00:37:42","date_gmt":"2025-04-12T03:37:42","guid":{"rendered":"https:\/\/www.notibras.com\/site\/?p=351796"},"modified":"2025-04-12T08:39:04","modified_gmt":"2025-04-12T11:39:04","slug":"brasilia-e-confirmada-como-sede-dos-jogos-da-juventude","status":"publish","type":"post","link":"https:\/\/www.notibras.com\/site\/brasilia-e-confirmada-como-sede-dos-jogos-da-juventude\/","title":{"rendered":"Bras\u00edlia \u00e9 confirmada como sede dos Jogos da Juventude"},"content":{"rendered":"<p>Bras\u00edlia foi confirmada como sede da edi\u00e7\u00e3o 2025 dos Jogos da Juventude, que ser\u00e3o disputados entre os dias 10 e 25 de setembro. O an\u00fancio foi feito pelo presidente do Comit\u00ea Ol\u00edmpico do Brasil (COB), Marco La Porta, e pela vice-governadora do Distrito Federal, Celina Le\u00e3o.<\/p>\n<p>\u201cNo esporte ol\u00edmpico o sucesso normalmente se mede pelas medalhas conquistadas nos Jogos Ol\u00edmpicos. S\u00f3 que o caminho at\u00e9 l\u00e1 \u00e9 longo, e come\u00e7a justamente aqui, entre os jovens, na base da pir\u00e2mide&#8221;, afirmou Marco La Porta.<\/p>\n<p>&#8220;Tenho dito que, antes de sermos uma pot\u00eancia ol\u00edmpica, precisamos nos transformar em uma na\u00e7\u00e3o esportiva. E nada melhor do que os Jogos da Juventude para exemplificarem isso&#8221;, completou.<\/p>\n<p>Segundo ele, ser\u00e3o mais de 2 milh\u00f5es de jovens, de todos os estados do pa\u00eds, envolvidos nas seletivas para tentar estar na fase nacional, em Bras\u00edlia.<\/p>\n<p>&#8220;Teremos aqui, em setembro, muitos futuros campe\u00f5es, sem d\u00favida, mas no processo formamos outros milh\u00f5es, impactados pelos valores do esporte e que propagar\u00e3o, de alguma forma, a pr\u00e1tica esportiva ao longo de suas vidas\u201d, afirmou Marco La Porta.<\/p>\n<p>J\u00e1 a vice-governadora do Distrito Federal destacou o fato de Bras\u00edlia ter a voca\u00e7\u00e3o de grandes eventos esportivos.<\/p>\n<p>\u201cTivemos v\u00e1rios eventos aqui [em Bras\u00edlia], dois Jebs [Jogos Escolares Brasileiros, 2022 e 2023] e um Jubs [Jogos Universit\u00e1rios Brasileiros 2024]. Acredito que isso consagra o DF naquilo que ele \u00e9 vocacionado para ser: a capital da Rep\u00fablica. Somos um pedacinho de cada um dos estados e precisamos realmente ser a casa de todos os brasileiros. \u00c9 um orgulho muito grande estar recebendo novamente esse evento\u201d, afirmou Celina Le\u00e3o.<\/p>\n<p>A edi\u00e7\u00e3o 2025 dos Jogos da Juventude, que deve reunir cerca de 4 mil jovens, contar\u00e1 com a estreia da 20\u00aa modalidade em sua programa\u00e7\u00e3o, o remo virtual.<\/p>\n<p>\u201cAl\u00e9m de todo car\u00e1ter de forma\u00e7\u00e3o esportiva e educacional, os Jogos da Juventude s\u00e3o nosso evento conceito, no qual implementamos todas as nossas inova\u00e7\u00f5es. Este ano, por exemplo, teremos o remo virtual como nossa 20\u00aa modalidade, mostrando nosso olhar para mundo dos esportes eletr\u00f4nicos e nos aproximando ainda mais dos jovens\u201d, finalizou La Porta.<\/p>\n","protected":false},"excerpt":{"rendered":"<p>Bras\u00edlia foi confirmada como sede da edi\u00e7\u00e3o 2025 dos Jogos da Juventude, que ser\u00e3o disputados entre os dias 10 e 25 de setembro. O an\u00fancio foi feito pelo presidente do Comit\u00ea Ol\u00edmpico do Brasil (COB), Marco La Porta, e pela vice-governadora do Distrito Federal, Celina Le\u00e3o. \u201cNo esporte ol\u00edmpico o sucesso normalmente se mede pelas [&hellip;]<\/p>\n","protected":false},"author":2,"featured_media":351797,"comment_status":"closed","ping_status":"closed","sticky":false,"template":"","format":"standard","meta":{"_acf_changed":false,"footnotes":""},"categories":[161],"tags":[],"class_list":["post-351796","post","type-post","status-publish","format-standard","has-post-thumbnail","hentry","category-quadradinho-em-foco"],"acf":[],"_links":{"self":[{"href":"https:\/\/www.notibras.com\/site\/wp-json\/wp\/v2\/posts\/351796","targetHints":{"allow":["GET"]}}],"collection":[{"href":"https:\/\/www.notibras.com\/site\/wp-json\/wp\/v2\/posts"}],"about":[{"href":"https:\/\/www.notibras.com\/site\/wp-json\/wp\/v2\/types\/post"}],"author":[{"embeddable":true,"href":"https:\/\/www.notibras.com\/site\/wp-json\/wp\/v2\/users\/2"}],"replies":[{"embeddable":true,"href":"https:\/\/www.notibras.com\/site\/wp-json\/wp\/v2\/comments?post=351796"}],"version-history":[{"count":1,"href":"https:\/\/www.notibras.com\/site\/wp-json\/wp\/v2\/posts\/351796\/revisions"}],"predecessor-version":[{"id":351798,"href":"https:\/\/www.notibras.com\/site\/wp-json\/wp\/v2\/posts\/351796\/revisions\/351798"}],"wp:featuredmedia":[{"embeddable":true,"href":"https:\/\/www.notibras.com\/site\/wp-json\/wp\/v2\/media\/351797"}],"wp:attachment":[{"href":"https:\/\/www.notibras.com\/site\/wp-json\/wp\/v2\/media?parent=351796"}],"wp:term":[{"taxonomy":"category","embeddable":true,"href":"https:\/\/www.notibras.com\/site\/wp-json\/wp\/v2\/categories?post=351796"},{"taxonomy":"post_tag","embeddable":true,"href":"https:\/\/www.notibras.com\/site\/wp-json\/wp\/v2\/tags?post=351796"}],"curies":[{"name":"wp","href":"https:\/\/api.w.org\/{rel}","templated":true}]}}