{"id":351802,"date":"2025-04-12T00:00:01","date_gmt":"2025-04-12T03:00:01","guid":{"rendered":"https:\/\/www.notibras.com\/site\/?p=351802"},"modified":"2025-04-12T08:54:19","modified_gmt":"2025-04-12T11:54:19","slug":"caderneta-de-saude-da-crianca-ganha-versao-digital","status":"publish","type":"post","link":"https:\/\/www.notibras.com\/site\/caderneta-de-saude-da-crianca-ganha-versao-digital\/","title":{"rendered":"Caderneta de Sa\u00fade da Crian\u00e7a ganha vers\u00e3o digital"},"content":{"rendered":"<p>O Minist\u00e9rio da Sa\u00fade lan\u00e7ou a Caderneta Digital de Sa\u00fade da Crian\u00e7a, integrada ao aplicativo Meu SUS Digital. A plataforma permite o acompanhamento do bem-estar e do desenvolvimento por meio de duas \u00e1reas de aten\u00e7\u00e3o: registros de sa\u00fade e cuidados da fam\u00edlia.<\/p>\n<p>As m\u00e3es, pais e respons\u00e1veis por essas crian\u00e7as continuar\u00e3o a ter acesso \u00e0 caderneta na vers\u00e3o f\u00edsica, de papel, entregue nas unidades b\u00e1sicas de sa\u00fade. O ministro da Sa\u00fade, Alexandre Padilha, defendeu que a documenta\u00e7\u00e3o na vers\u00e3o digital traz praticidade.<\/p>\n<p>&#8220;Aquela situa\u00e7\u00e3o em que o pai ou a m\u00e3e chega \u00e0 unidade de sa\u00fade ou \u00e0 escola e esquece a caderneta f\u00edsica agora est\u00e1 resolvida \u2014 ela [caderneta da crian\u00e7a] estar\u00e1 dispon\u00edvel no aplicativo. A outra [vantagem] \u00e9 que a caderneta digital ter\u00e1 mensagens ativas, ou seja, vai enviar alertas para o respons\u00e1vel informando que chegou a hora de vacinar ou de tomar uma dose de refor\u00e7o\u201d,<\/p>\n<p>Para acessar a Caderneta Digital de Sa\u00fade da Crian\u00e7a j\u00e1 dispon\u00edvel no Meu SUS Digital, \u00e9 necess\u00e1rio que tanto o respons\u00e1vel quanto a crian\u00e7a possuam contas ativas no site de servi\u00e7os do governo federal, o Gov.br.<\/p>\n<p><strong>Aliada das fam\u00edlias<\/strong><br \/>\nA Caderneta Digital de Sa\u00fade da Crian\u00e7a traz os registros de crescimento, vacina\u00e7\u00e3o, sa\u00fade bucal e nutri\u00e7\u00e3o das crian\u00e7as. A secret\u00e1ria de Informa\u00e7\u00e3o e Sa\u00fade Digital do Minist\u00e9rio da Sa\u00fade, Ana Estela Haddad, explicou a moderniza\u00e7\u00e3o do documento.<\/p>\n<p>\u201cA caderneta da crian\u00e7a sempre foi uma aliada das fam\u00edlias brasileiras. Agora, com a transforma\u00e7\u00e3o digital do SUS, se torna mais moderna, interativa, acess\u00edvel e vem apoiar as m\u00e3es, as fam\u00edlias, os cuidadores, os professores, os profissionais de sa\u00fade de todo o pa\u00eds no cuidado com as nossas crian\u00e7as.\u201d<\/p>\n<p>Os dados do desenvolvimento infantil e de atendimentos em estabelecimentos do Sistema \u00danico de Sa\u00fade (SUS) ser\u00e3o lan\u00e7ados em tempo real na nova vers\u00e3o digital, por meio da Rede Nacional de Dados em Sa\u00fade.<\/p>\n<p>A plataforma da rede permite que m\u00e9dicos e enfermeiros acessem de forma segura e padronizada as informa\u00e7\u00f5es de sa\u00fade de pacientes. O compartilhamento dos dados tem a miss\u00e3o de agilizar e tornar o atendimento cont\u00ednuo.<\/p>\n<p>\u201cComo diz o pensamento africano, \u00e9 preciso toda uma aldeia para cuidar de uma crian\u00e7a. E essa aldeia pode ser tamb\u00e9m digital. A tecnologia ganha muito quando ela \u00e9 constru\u00edda em rede, com participa\u00e7\u00e3o e com compromisso coletivo\u201d, citou Ana Estela Haddad.<\/p>\n<p>Pelo documento, as fam\u00edlias poder\u00e3o acompanhar o hist\u00f3rico de vacinas, com previs\u00e3o para as pr\u00f3ximas doses e envio de notifica\u00e7\u00f5es com lembretes para a hora de vacinar a crian\u00e7a.<\/p>\n<p>Al\u00e9m disso, as mesmas informa\u00e7\u00f5es da caderneta de papel sobre os cuidados e o desenvolvimento das crian\u00e7as, desde os primeiros dias de vida, estar\u00e3o dispon\u00edveis na nova vers\u00e3o eletr\u00f4nica. Entre os conte\u00fados, por exemplo, o cuidado com beb\u00eas prematuros e a prote\u00e7\u00e3o das crian\u00e7as frente \u00e0s telas.<\/p>\n","protected":false},"excerpt":{"rendered":"<p>O Minist\u00e9rio da Sa\u00fade lan\u00e7ou a Caderneta Digital de Sa\u00fade da Crian\u00e7a, integrada ao aplicativo Meu SUS Digital. A plataforma permite o acompanhamento do bem-estar e do desenvolvimento por meio de duas \u00e1reas de aten\u00e7\u00e3o: registros de sa\u00fade e cuidados da fam\u00edlia. As m\u00e3es, pais e respons\u00e1veis por essas crian\u00e7as continuar\u00e3o a ter acesso \u00e0 [&hellip;]<\/p>\n","protected":false},"author":2,"featured_media":351803,"comment_status":"closed","ping_status":"closed","sticky":false,"template":"","format":"standard","meta":{"_acf_changed":false,"footnotes":""},"categories":[161],"tags":[],"class_list":["post-351802","post","type-post","status-publish","format-standard","has-post-thumbnail","hentry","category-quadradinho-em-foco"],"acf":[],"_links":{"self":[{"href":"https:\/\/www.notibras.com\/site\/wp-json\/wp\/v2\/posts\/351802","targetHints":{"allow":["GET"]}}],"collection":[{"href":"https:\/\/www.notibras.com\/site\/wp-json\/wp\/v2\/posts"}],"about":[{"href":"https:\/\/www.notibras.com\/site\/wp-json\/wp\/v2\/types\/post"}],"author":[{"embeddable":true,"href":"https:\/\/www.notibras.com\/site\/wp-json\/wp\/v2\/users\/2"}],"replies":[{"embeddable":true,"href":"https:\/\/www.notibras.com\/site\/wp-json\/wp\/v2\/comments?post=351802"}],"version-history":[{"count":1,"href":"https:\/\/www.notibras.com\/site\/wp-json\/wp\/v2\/posts\/351802\/revisions"}],"predecessor-version":[{"id":351804,"href":"https:\/\/www.notibras.com\/site\/wp-json\/wp\/v2\/posts\/351802\/revisions\/351804"}],"wp:featuredmedia":[{"embeddable":true,"href":"https:\/\/www.notibras.com\/site\/wp-json\/wp\/v2\/media\/351803"}],"wp:attachment":[{"href":"https:\/\/www.notibras.com\/site\/wp-json\/wp\/v2\/media?parent=351802"}],"wp:term":[{"taxonomy":"category","embeddable":true,"href":"https:\/\/www.notibras.com\/site\/wp-json\/wp\/v2\/categories?post=351802"},{"taxonomy":"post_tag","embeddable":true,"href":"https:\/\/www.notibras.com\/site\/wp-json\/wp\/v2\/tags?post=351802"}],"curies":[{"name":"wp","href":"https:\/\/api.w.org\/{rel}","templated":true}]}}