{"id":351805,"date":"2025-04-12T00:57:41","date_gmt":"2025-04-12T03:57:41","guid":{"rendered":"https:\/\/www.notibras.com\/site\/?p=351805"},"modified":"2025-04-12T09:01:28","modified_gmt":"2025-04-12T12:01:28","slug":"ibaneis-rocha-vai-dubai-e-celina-leao-assume-buriti","status":"publish","type":"post","link":"https:\/\/www.notibras.com\/site\/ibaneis-rocha-vai-dubai-e-celina-leao-assume-buriti\/","title":{"rendered":"Ibaneis Rocha vai Dubai e Celina Le\u00e3o assume Buriti"},"content":{"rendered":"<p>O governador Ibaneis Rocha \u00e9 um dos palestrantes do evento Brazil Emirates Conference, promovido pelo Lide, marcado para ocorrer entre 12 e 16 de abril, em Dubai, nos Emirados \u00c1rabes Unidos. O chefe do Executivo vai palestrar no painel 1 \u2013 Sustentabilidade e transi\u00e7\u00e3o energ\u00e9tica, com o tema O compromisso ambiental de governos e do setor privado com a descarboniza\u00e7\u00e3o.<\/p>\n<p>Com a viagem oficial, o governador transmitiu o cargo para a vice-governadora Celina Le\u00e3o, que assume a fun\u00e7\u00e3o, em exerc\u00edcio, entre os dias 11 e 18 de abril.<\/p>\n<p>\u201cEstaremos em mais um evento do Lide levando as a\u00e7\u00f5es e mostrando como estamos transformando a nossa cidade na capital da sustentabilidade, apostando na energia limpa, e de que forma temos feito isso dentro do governo\u201d, afirmou Ibaneis Rocha.<\/p>\n<p>Al\u00e9m do governador do Distrito Federal, constam como conferencistas a ex-ministra do Meio Ambiente, Izabella Teixeira; o presidente global de Opera\u00e7\u00f5es da Ambipar, Roberto Azev\u00eado eo ex-presidente da Petrobras e head do Lide Energia, Jean Paul Prates, entre outros.<\/p>\n<p><strong>Capital da sustentabilidade<\/strong><br \/>\nNo Distrito Federal, a sustentabilidade tem sido colocada em pr\u00e1tica nos \u00faltimos anos. A lei distrital n\u00ba 6.891\/2021, conhecida como Lei de Renov\u00e1veis, tem o objetivo de tornar a regi\u00e3o uma refer\u00eancia na ado\u00e7\u00e3o de fontes de energia alternativas. Um dos destaques nesta pauta \u00e9 o Projeto CITinova, colabora\u00e7\u00e3o com a ONU, que busca fomentar o uso da energia solar e promover pr\u00e1ticas ambientais sustent\u00e1veis nas bacias do Rio Descoberto e do Parano\u00e1.<\/p>\n<p>O GDF tamb\u00e9m tem feito a substitui\u00e7\u00e3o das lumin\u00e1rias de vapor de s\u00f3dio por modelos de LED, que visa diminuir tanto o consumo de energia quanto as emiss\u00f5es de CO\u00b2, com a meta de renovar toda a ilumina\u00e7\u00e3o p\u00fablica do DF nos pr\u00f3ximos anos. Neste ano, entre janeiro e mar\u00e7o, o DF ganhou 50 mil novas l\u00e2mpadas.<\/p>\n<p>No setor de mobilidade, uma das principais a\u00e7\u00f5es \u00e9 a implementa\u00e7\u00e3o de uma frota de 90 \u00f4nibus el\u00e9tricos. Esses ve\u00edculos s\u00e3o mais silenciosos, climatizados, confort\u00e1veis e seguros, al\u00e9m de contribu\u00edrem para a redu\u00e7\u00e3o das emiss\u00f5es de poluentes. Este governo tamb\u00e9m incentiva o uso de ve\u00edculos el\u00e9tricos e h\u00edbridos, oferecendo isen\u00e7\u00e3o de IPVA para os propriet\u00e1rios desses autom\u00f3veis, al\u00e9m de j\u00e1 disponibilizar centenas de pontos de recarga (eletropostos) em pontos estrat\u00e9gicos da capital.<\/p>\n<p>Outro avan\u00e7o significativo \u00e9 a moderniza\u00e7\u00e3o da Companhia de Saneamento do Distrito Federal (Caesb), que agora inclui a gera\u00e7\u00e3o de energia el\u00e9trica entre suas atividades. A empresa obteve um financiamento de R$ 312 milh\u00f5es do banco alem\u00e3o KFW para investir n\u00e3o apenas no saneamento, mas tamb\u00e9m na produ\u00e7\u00e3o de energia limpa a partir do biog\u00e1s. Al\u00e9m disso, o GDF e a Neoenergia firmaram um acordo para a instala\u00e7\u00e3o de um posto de abastecimento de hidrog\u00eanio verde em Bras\u00edlia, ampliando as op\u00e7\u00f5es de solu\u00e7\u00f5es sustent\u00e1veis na capital.<\/p>\n","protected":false},"excerpt":{"rendered":"<p>O governador Ibaneis Rocha \u00e9 um dos palestrantes do evento Brazil Emirates Conference, promovido pelo Lide, marcado para ocorrer entre 12 e 16 de abril, em Dubai, nos Emirados \u00c1rabes Unidos. O chefe do Executivo vai palestrar no painel 1 \u2013 Sustentabilidade e transi\u00e7\u00e3o energ\u00e9tica, com o tema O compromisso ambiental de governos e do [&hellip;]<\/p>\n","protected":false},"author":2,"featured_media":148279,"comment_status":"closed","ping_status":"closed","sticky":false,"template":"","format":"standard","meta":{"_acf_changed":false,"footnotes":""},"categories":[161],"tags":[],"class_list":["post-351805","post","type-post","status-publish","format-standard","has-post-thumbnail","hentry","category-quadradinho-em-foco"],"acf":[],"_links":{"self":[{"href":"https:\/\/www.notibras.com\/site\/wp-json\/wp\/v2\/posts\/351805","targetHints":{"allow":["GET"]}}],"collection":[{"href":"https:\/\/www.notibras.com\/site\/wp-json\/wp\/v2\/posts"}],"about":[{"href":"https:\/\/www.notibras.com\/site\/wp-json\/wp\/v2\/types\/post"}],"author":[{"embeddable":true,"href":"https:\/\/www.notibras.com\/site\/wp-json\/wp\/v2\/users\/2"}],"replies":[{"embeddable":true,"href":"https:\/\/www.notibras.com\/site\/wp-json\/wp\/v2\/comments?post=351805"}],"version-history":[{"count":1,"href":"https:\/\/www.notibras.com\/site\/wp-json\/wp\/v2\/posts\/351805\/revisions"}],"predecessor-version":[{"id":351806,"href":"https:\/\/www.notibras.com\/site\/wp-json\/wp\/v2\/posts\/351805\/revisions\/351806"}],"wp:featuredmedia":[{"embeddable":true,"href":"https:\/\/www.notibras.com\/site\/wp-json\/wp\/v2\/media\/148279"}],"wp:attachment":[{"href":"https:\/\/www.notibras.com\/site\/wp-json\/wp\/v2\/media?parent=351805"}],"wp:term":[{"taxonomy":"category","embeddable":true,"href":"https:\/\/www.notibras.com\/site\/wp-json\/wp\/v2\/categories?post=351805"},{"taxonomy":"post_tag","embeddable":true,"href":"https:\/\/www.notibras.com\/site\/wp-json\/wp\/v2\/tags?post=351805"}],"curies":[{"name":"wp","href":"https:\/\/api.w.org\/{rel}","templated":true}]}}