{"id":351807,"date":"2025-04-12T09:08:00","date_gmt":"2025-04-12T12:08:00","guid":{"rendered":"https:\/\/www.notibras.com\/site\/?p=351807"},"modified":"2025-04-12T09:08:00","modified_gmt":"2025-04-12T12:08:00","slug":"casal-perfeito-se-completa-em-meio-as-suas-muitas-imperfeicoes","status":"publish","type":"post","link":"https:\/\/www.notibras.com\/site\/casal-perfeito-se-completa-em-meio-as-suas-muitas-imperfeicoes\/","title":{"rendered":"Casal perfeito se completa em meio \u00e0s suas muitas imperfei\u00e7\u00f5es"},"content":{"rendered":"<p>Armando, sonhador irremedi\u00e1vel, foi se casar com a Jana\u00edna. Pois \u00e9, com a Jana\u00edna. Justamente a mulher mais racional do bairro. Criatura nascida j\u00e1 com os p\u00e9s chumbados ao ch\u00e3o. Antes fossem torcedores de times rivais.<\/p>\n<p>N\u00e3o pense voc\u00ea que tal combina\u00e7\u00e3o seja de todo mal. N\u00e3o mesmo! Para voc\u00ea ter ideia, quando o circo pegava fogo, n\u00e3o era o Armando que resolvia a situa\u00e7\u00e3o. Ao contr\u00e1rio, pois o sujeito entrava em parafuso e ficava incapacitado at\u00e9 de amarrar os cadar\u00e7os. No entanto, Jana\u00edna mantinha a calma e, pensativa, n\u00e3o tardava, encontrava a solu\u00e7\u00e3o para o problema. Ali\u00e1s, ela podia at\u00e9 n\u00e3o achar o caminho para dar cabo da pendenga, mas, n\u00e3o tenha d\u00favida, sabia dizer o que fazer, mesmo que fosse esperar at\u00e9 a poeira baixar.<\/p>\n<p>Por sua vez, Armando tinha l\u00e1 sua utilidade. Isso mesmo! O gajo era respons\u00e1vel por remexer o lodo no fundo do lago onde repousava o matrim\u00f4nio. N\u00e3o em busca de novos relacionamentos, mesmo porque se tratava de um rom\u00e2ntico inveterado, completo devoto \u00e0 esposa.<\/p>\n<p>Jana\u00edna fazia o bolo; Armando, a cobertura; Jana\u00edna comprava e embrulhava o presente; Armando dava o toque final com um la\u00e7o. E assim a vida prosseguia em quase harmonia, ainda mais porque ele dependia dela, enquanto ela apreciava o jeito do marido de olhar o mundo. Algu\u00e9m at\u00e9 poderia dizer que o casal havia sido arrancado das p\u00e1ginas do romance &#8216;O feij\u00e3o e o sonho&#8217;, do imortal Or\u00edgenes Lessa.<\/p>\n<p>A despeito da harmonia dos pombinhos, n\u00e3o faltam l\u00ednguas ferinas sem o menor escr\u00fapulo. Uma delas era Julieta, vizinha de porta, que tentava plantar disc\u00f3rdia entre o casal.<\/p>\n<p>\u2014 Jana\u00edna, n\u00e3o sei como \u00e9 que voc\u00ea aguenta esse tipo moleng\u00e3o.<\/p>\n<p>\u2014 N\u00e3o t\u00f4 te entendendo, Julieta. Que moleng\u00e3o \u00e9 esse que voc\u00ea t\u00e1 falando?<\/p>\n<p>\u2014 U\u00e9, e por acaso tem outro?<\/p>\n<p>\u2014 Diga logo o que quer dizer, mulher, e pare de rodeio!<\/p>\n<p>\u2014 Armando!<\/p>\n<p>\u2014 E o que tem o meu Armando?<\/p>\n<p>\u2014 Hum! Uma mulher forte que nem voc\u00ea tem que arrumar um homem de verdade.<\/p>\n<p>\u2014 Pois fique voc\u00ea sabendo, Julieta, que, al\u00e9m de homem de verdade, o Armando \u00e9 o o\u00e1sis na minha vida repleta de chatices.<\/p>\n<p>E pode ter certeza de que Armando tamb\u00e9m ouvia dos amigos falas nada lisonjeiras sobre Jana\u00edna.<\/p>\n<p>\u2014 Armando, meu amigo, n\u00e3o sei como voc\u00ea atura isso.<\/p>\n<p>\u2014 Atura o qu\u00ea, Humberto?<\/p>\n<p>\u2014 Tua mulher!<\/p>\n<p>\u2014 Jana\u00edna?<\/p>\n<p>\u2014 E por acaso voc\u00ea tem outra?<\/p>\n<p>\u2014 N\u00e3o tenho e nem quero! Jana\u00edna \u00e9 o amor da minha vida.<\/p>\n<p>\u2014 \u00c9 uma mandona!<\/p>\n<p>\u2014 Pois \u00e9 verdade!<\/p>\n<p>\u2014 Ent\u00e3o?<\/p>\n<p>\u2014 Ent\u00e3o o qu\u00ea, Humberto?<\/p>\n<p>\u2014 E voc\u00ea n\u00e3o acha ruim?<\/p>\n<p>\u2014 Ruim o qu\u00ea, homem?! Eu acho \u00e9 bom! A Jana\u00edna \u00e9 a minha raz\u00e3o nesta minha vida repleta de devaneios.<\/p>\n<p>N\u00e3o se sabe ao certo quem morreu primeiro, se foi Jana\u00edna ou Armando. Dizem at\u00e9 que, j\u00e1 velhinhos, os dois foram dormir juntos e, felizes, acordaram no Reino de Hades.<\/p>\n<p>&#8230;&#8230;&#8230;&#8230;&#8230;&#8230;&#8230;&#8230;&#8230;&#8230;&#8230;&#8230;&#8230;&#8230;<\/p>\n<p><strong>Eduardo Mart\u00ednez \u00e9 autor do livro 57 Contos e Cr\u00f4nicas por um Autor Muito Velho\u2019<\/strong><\/p>\n<p>Compre aqui\u00a0<span class=\"x19la9d6 x1fc57z9 x6ikm8r x10wlt62 x19co3pv x1g5zs5t xfibh0p xiy17q3 x1xsqp64 x1lkfr7t xexx8yu x4uap5 x18d9i69 xkhd6sd\"><span class=\"xrtxmta x1bhl96m\"><img decoding=\"async\" class=\"emoji\" role=\"img\" draggable=\"false\" src=\"https:\/\/s.w.org\/images\/core\/emoji\/15.0.3\/svg\/1f447-1f3ff.svg\" alt=\"&#x1f447;&#x1f3ff;\" \/><\/span><\/span><\/p>\n<p><a href=\"https:\/\/www.joanineditora.com.br\/57-contos-e-cronicas-por-um-autor-muito-velho\">https:\/\/www.joanineditora.com.br\/57-contos-e-cronicas-por-um-autor-muito-velho<\/a><\/p>\n","protected":false},"excerpt":{"rendered":"<p>Armando, sonhador irremedi\u00e1vel, foi se casar com a Jana\u00edna. Pois \u00e9, com a Jana\u00edna. Justamente a mulher mais racional do bairro. Criatura nascida j\u00e1 com os p\u00e9s chumbados ao ch\u00e3o. Antes fossem torcedores de times rivais. N\u00e3o pense voc\u00ea que tal combina\u00e7\u00e3o seja de todo mal. N\u00e3o mesmo! Para voc\u00ea ter ideia, quando o circo [&hellip;]<\/p>\n","protected":false},"author":2,"featured_media":351808,"comment_status":"closed","ping_status":"closed","sticky":false,"template":"","format":"standard","meta":{"_acf_changed":false,"footnotes":""},"categories":[161],"tags":[],"class_list":["post-351807","post","type-post","status-publish","format-standard","has-post-thumbnail","hentry","category-quadradinho-em-foco"],"acf":[],"yoast_head":"<!-- This site is optimized with the Yoast SEO plugin v27.2 - https:\/\/yoast.com\/product\/yoast-seo-wordpress\/ -->\n<title>Casal perfeito se completa em meio \u00e0s suas muitas imperfei\u00e7\u00f5es - Notibras<\/title>\n<meta name=\"robots\" content=\"index, follow, max-snippet:-1, max-image-preview:large, max-video-preview:-1\" \/>\n<link rel=\"canonical\" href=\"https:\/\/www.notibras.com\/site\/casal-perfeito-se-completa-em-meio-as-suas-muitas-imperfeicoes\/\" \/>\n<meta property=\"og:locale\" content=\"pt_BR\" \/>\n<meta property=\"og:type\" content=\"article\" \/>\n<meta property=\"og:title\" content=\"Casal perfeito se completa em meio \u00e0s suas muitas imperfei\u00e7\u00f5es - Notibras\" \/>\n<meta property=\"og:description\" content=\"Armando, sonhador irremedi\u00e1vel, foi se casar com a Jana\u00edna. Pois \u00e9, com a Jana\u00edna. Justamente a mulher mais racional do bairro. Criatura nascida j\u00e1 com os p\u00e9s chumbados ao ch\u00e3o. Antes fossem torcedores de times rivais. N\u00e3o pense voc\u00ea que tal combina\u00e7\u00e3o seja de todo mal. N\u00e3o mesmo! Para voc\u00ea ter ideia, quando o circo [&hellip;]\" \/>\n<meta property=\"og:url\" content=\"https:\/\/www.notibras.com\/site\/casal-perfeito-se-completa-em-meio-as-suas-muitas-imperfeicoes\/\" \/>\n<meta property=\"og:site_name\" content=\"Notibras\" \/>\n<meta property=\"article:publisher\" content=\"https:\/\/www.facebook.com\/notibras\/\" \/>\n<meta property=\"article:published_time\" content=\"2025-04-12T12:08:00+00:00\" \/>\n<meta property=\"og:image\" content=\"https:\/\/www.notibras.com\/site\/wp-content\/uploads\/2025\/04\/3375ff54-45f0-4bed-8414-d39d8857ea6c.jpg\" \/>\n\t<meta property=\"og:image:width\" content=\"1024\" \/>\n\t<meta property=\"og:image:height\" content=\"1024\" \/>\n\t<meta property=\"og:image:type\" content=\"image\/jpeg\" \/>\n<meta name=\"author\" content=\"Reda\u00e7\u00e3o\" \/>\n<meta name=\"twitter:card\" content=\"summary_large_image\" \/>\n<meta name=\"twitter:creator\" content=\"@Notibras\" \/>\n<meta name=\"twitter:site\" content=\"@Notibras\" \/>\n<meta name=\"twitter:label1\" content=\"Escrito por\" \/>\n\t<meta name=\"twitter:data1\" content=\"Reda\u00e7\u00e3o\" \/>\n\t<meta name=\"twitter:label2\" content=\"Est. tempo de leitura\" \/>\n\t<meta name=\"twitter:data2\" content=\"4 minutos\" \/>\n<script type=\"application\/ld+json\" class=\"yoast-schema-graph\">{\"@context\":\"https:\/\/schema.org\",\"@graph\":[{\"@type\":\"Article\",\"@id\":\"https:\/\/www.notibras.com\/site\/casal-perfeito-se-completa-em-meio-as-suas-muitas-imperfeicoes\/#article\",\"isPartOf\":{\"@id\":\"https:\/\/www.notibras.com\/site\/casal-perfeito-se-completa-em-meio-as-suas-muitas-imperfeicoes\/\"},\"author\":{\"name\":\"Reda\u00e7\u00e3o\",\"@id\":\"https:\/\/www.notibras.com\/site\/#\/schema\/person\/36ab0979449956132d3e5b517ea76ac8\"},\"headline\":\"Casal perfeito se completa em meio \u00e0s suas muitas imperfei\u00e7\u00f5es\",\"datePublished\":\"2025-04-12T12:08:00+00:00\",\"mainEntityOfPage\":{\"@id\":\"https:\/\/www.notibras.com\/site\/casal-perfeito-se-completa-em-meio-as-suas-muitas-imperfeicoes\/\"},\"wordCount\":547,\"publisher\":{\"@id\":\"https:\/\/www.notibras.com\/site\/#organization\"},\"image\":{\"@id\":\"https:\/\/www.notibras.com\/site\/casal-perfeito-se-completa-em-meio-as-suas-muitas-imperfeicoes\/#primaryimage\"},\"thumbnailUrl\":\"https:\/\/www.notibras.com\/site\/wp-content\/uploads\/2025\/04\/3375ff54-45f0-4bed-8414-d39d8857ea6c.jpg\",\"articleSection\":[\"Quadradinho em Foco\"],\"inLanguage\":\"pt-BR\"},{\"@type\":\"WebPage\",\"@id\":\"https:\/\/www.notibras.com\/site\/casal-perfeito-se-completa-em-meio-as-suas-muitas-imperfeicoes\/\",\"url\":\"https:\/\/www.notibras.com\/site\/casal-perfeito-se-completa-em-meio-as-suas-muitas-imperfeicoes\/\",\"name\":\"Casal perfeito se completa em meio \u00e0s suas muitas imperfei\u00e7\u00f5es - Notibras\",\"isPartOf\":{\"@id\":\"https:\/\/www.notibras.com\/site\/#website\"},\"primaryImageOfPage\":{\"@id\":\"https:\/\/www.notibras.com\/site\/casal-perfeito-se-completa-em-meio-as-suas-muitas-imperfeicoes\/#primaryimage\"},\"image\":{\"@id\":\"https:\/\/www.notibras.com\/site\/casal-perfeito-se-completa-em-meio-as-suas-muitas-imperfeicoes\/#primaryimage\"},\"thumbnailUrl\":\"https:\/\/www.notibras.com\/site\/wp-content\/uploads\/2025\/04\/3375ff54-45f0-4bed-8414-d39d8857ea6c.jpg\",\"datePublished\":\"2025-04-12T12:08:00+00:00\",\"breadcrumb\":{\"@id\":\"https:\/\/www.notibras.com\/site\/casal-perfeito-se-completa-em-meio-as-suas-muitas-imperfeicoes\/#breadcrumb\"},\"inLanguage\":\"pt-BR\",\"potentialAction\":[{\"@type\":\"ReadAction\",\"target\":[\"https:\/\/www.notibras.com\/site\/casal-perfeito-se-completa-em-meio-as-suas-muitas-imperfeicoes\/\"]}]},{\"@type\":\"ImageObject\",\"inLanguage\":\"pt-BR\",\"@id\":\"https:\/\/www.notibras.com\/site\/casal-perfeito-se-completa-em-meio-as-suas-muitas-imperfeicoes\/#primaryimage\",\"url\":\"https:\/\/www.notibras.com\/site\/wp-content\/uploads\/2025\/04\/3375ff54-45f0-4bed-8414-d39d8857ea6c.jpg\",\"contentUrl\":\"https:\/\/www.notibras.com\/site\/wp-content\/uploads\/2025\/04\/3375ff54-45f0-4bed-8414-d39d8857ea6c.jpg\",\"width\":1024,\"height\":1024},{\"@type\":\"BreadcrumbList\",\"@id\":\"https:\/\/www.notibras.com\/site\/casal-perfeito-se-completa-em-meio-as-suas-muitas-imperfeicoes\/#breadcrumb\",\"itemListElement\":[{\"@type\":\"ListItem\",\"position\":1,\"name\":\"In\u00edcio\",\"item\":\"https:\/\/www.notibras.com\/site\/\"},{\"@type\":\"ListItem\",\"position\":2,\"name\":\"Casal perfeito se completa em meio \u00e0s suas muitas imperfei\u00e7\u00f5es\"}]},{\"@type\":\"WebSite\",\"@id\":\"https:\/\/www.notibras.com\/site\/#website\",\"url\":\"https:\/\/www.notibras.com\/site\/\",\"name\":\"Notibras\",\"description\":\"Not\u00edcias de Bras\u00edlia, do Brasil e do Mundo\",\"publisher\":{\"@id\":\"https:\/\/www.notibras.com\/site\/#organization\"},\"potentialAction\":[{\"@type\":\"SearchAction\",\"target\":{\"@type\":\"EntryPoint\",\"urlTemplate\":\"https:\/\/www.notibras.com\/site\/?s={search_term_string}\"},\"query-input\":{\"@type\":\"PropertyValueSpecification\",\"valueRequired\":true,\"valueName\":\"search_term_string\"}}],\"inLanguage\":\"pt-BR\"},{\"@type\":\"Organization\",\"@id\":\"https:\/\/www.notibras.com\/site\/#organization\",\"name\":\"Grupo Notibras de Comunica\u00e7\u00e3o\",\"url\":\"https:\/\/www.notibras.com\/site\/\",\"logo\":{\"@type\":\"ImageObject\",\"inLanguage\":\"pt-BR\",\"@id\":\"https:\/\/www.notibras.com\/site\/#\/schema\/logo\/image\/\",\"url\":\"https:\/\/www.notibras.com\/site\/wp-content\/uploads\/2023\/01\/notibras23.png\",\"contentUrl\":\"https:\/\/www.notibras.com\/site\/wp-content\/uploads\/2023\/01\/notibras23.png\",\"width\":350,\"height\":87,\"caption\":\"Grupo Notibras de Comunica\u00e7\u00e3o\"},\"image\":{\"@id\":\"https:\/\/www.notibras.com\/site\/#\/schema\/logo\/image\/\"},\"sameAs\":[\"https:\/\/www.facebook.com\/notibras\/\",\"https:\/\/x.com\/Notibras\",\"https:\/\/www.instagram.com\/notibras\/\"]},{\"@type\":\"Person\",\"@id\":\"https:\/\/www.notibras.com\/site\/#\/schema\/person\/36ab0979449956132d3e5b517ea76ac8\",\"name\":\"Reda\u00e7\u00e3o\",\"image\":{\"@type\":\"ImageObject\",\"inLanguage\":\"pt-BR\",\"@id\":\"https:\/\/secure.gravatar.com\/avatar\/e0a867bdedb85fd243eadf09663511f96fc81e0720a4a42581f334ad4303aa6b?s=96&d=mm&r=g\",\"url\":\"https:\/\/secure.gravatar.com\/avatar\/e0a867bdedb85fd243eadf09663511f96fc81e0720a4a42581f334ad4303aa6b?s=96&d=mm&r=g\",\"contentUrl\":\"https:\/\/secure.gravatar.com\/avatar\/e0a867bdedb85fd243eadf09663511f96fc81e0720a4a42581f334ad4303aa6b?s=96&d=mm&r=g\",\"caption\":\"Reda\u00e7\u00e3o\"}}]}<\/script>\n<!-- \/ Yoast SEO plugin. -->","yoast_head_json":{"title":"Casal perfeito se completa em meio \u00e0s suas muitas imperfei\u00e7\u00f5es - Notibras","robots":{"index":"index","follow":"follow","max-snippet":"max-snippet:-1","max-image-preview":"max-image-preview:large","max-video-preview":"max-video-preview:-1"},"canonical":"https:\/\/www.notibras.com\/site\/casal-perfeito-se-completa-em-meio-as-suas-muitas-imperfeicoes\/","og_locale":"pt_BR","og_type":"article","og_title":"Casal perfeito se completa em meio \u00e0s suas muitas imperfei\u00e7\u00f5es - Notibras","og_description":"Armando, sonhador irremedi\u00e1vel, foi se casar com a Jana\u00edna. Pois \u00e9, com a Jana\u00edna. Justamente a mulher mais racional do bairro. Criatura nascida j\u00e1 com os p\u00e9s chumbados ao ch\u00e3o. Antes fossem torcedores de times rivais. N\u00e3o pense voc\u00ea que tal combina\u00e7\u00e3o seja de todo mal. N\u00e3o mesmo! Para voc\u00ea ter ideia, quando o circo [&hellip;]","og_url":"https:\/\/www.notibras.com\/site\/casal-perfeito-se-completa-em-meio-as-suas-muitas-imperfeicoes\/","og_site_name":"Notibras","article_publisher":"https:\/\/www.facebook.com\/notibras\/","article_published_time":"2025-04-12T12:08:00+00:00","og_image":[{"width":1024,"height":1024,"url":"https:\/\/www.notibras.com\/site\/wp-content\/uploads\/2025\/04\/3375ff54-45f0-4bed-8414-d39d8857ea6c.jpg","type":"image\/jpeg"}],"author":"Reda\u00e7\u00e3o","twitter_card":"summary_large_image","twitter_creator":"@Notibras","twitter_site":"@Notibras","twitter_misc":{"Escrito por":"Reda\u00e7\u00e3o","Est. tempo de leitura":"4 minutos"},"schema":{"@context":"https:\/\/schema.org","@graph":[{"@type":"Article","@id":"https:\/\/www.notibras.com\/site\/casal-perfeito-se-completa-em-meio-as-suas-muitas-imperfeicoes\/#article","isPartOf":{"@id":"https:\/\/www.notibras.com\/site\/casal-perfeito-se-completa-em-meio-as-suas-muitas-imperfeicoes\/"},"author":{"name":"Reda\u00e7\u00e3o","@id":"https:\/\/www.notibras.com\/site\/#\/schema\/person\/36ab0979449956132d3e5b517ea76ac8"},"headline":"Casal perfeito se completa em meio \u00e0s suas muitas imperfei\u00e7\u00f5es","datePublished":"2025-04-12T12:08:00+00:00","mainEntityOfPage":{"@id":"https:\/\/www.notibras.com\/site\/casal-perfeito-se-completa-em-meio-as-suas-muitas-imperfeicoes\/"},"wordCount":547,"publisher":{"@id":"https:\/\/www.notibras.com\/site\/#organization"},"image":{"@id":"https:\/\/www.notibras.com\/site\/casal-perfeito-se-completa-em-meio-as-suas-muitas-imperfeicoes\/#primaryimage"},"thumbnailUrl":"https:\/\/www.notibras.com\/site\/wp-content\/uploads\/2025\/04\/3375ff54-45f0-4bed-8414-d39d8857ea6c.jpg","articleSection":["Quadradinho em Foco"],"inLanguage":"pt-BR"},{"@type":"WebPage","@id":"https:\/\/www.notibras.com\/site\/casal-perfeito-se-completa-em-meio-as-suas-muitas-imperfeicoes\/","url":"https:\/\/www.notibras.com\/site\/casal-perfeito-se-completa-em-meio-as-suas-muitas-imperfeicoes\/","name":"Casal perfeito se completa em meio \u00e0s suas muitas imperfei\u00e7\u00f5es - Notibras","isPartOf":{"@id":"https:\/\/www.notibras.com\/site\/#website"},"primaryImageOfPage":{"@id":"https:\/\/www.notibras.com\/site\/casal-perfeito-se-completa-em-meio-as-suas-muitas-imperfeicoes\/#primaryimage"},"image":{"@id":"https:\/\/www.notibras.com\/site\/casal-perfeito-se-completa-em-meio-as-suas-muitas-imperfeicoes\/#primaryimage"},"thumbnailUrl":"https:\/\/www.notibras.com\/site\/wp-content\/uploads\/2025\/04\/3375ff54-45f0-4bed-8414-d39d8857ea6c.jpg","datePublished":"2025-04-12T12:08:00+00:00","breadcrumb":{"@id":"https:\/\/www.notibras.com\/site\/casal-perfeito-se-completa-em-meio-as-suas-muitas-imperfeicoes\/#breadcrumb"},"inLanguage":"pt-BR","potentialAction":[{"@type":"ReadAction","target":["https:\/\/www.notibras.com\/site\/casal-perfeito-se-completa-em-meio-as-suas-muitas-imperfeicoes\/"]}]},{"@type":"ImageObject","inLanguage":"pt-BR","@id":"https:\/\/www.notibras.com\/site\/casal-perfeito-se-completa-em-meio-as-suas-muitas-imperfeicoes\/#primaryimage","url":"https:\/\/www.notibras.com\/site\/wp-content\/uploads\/2025\/04\/3375ff54-45f0-4bed-8414-d39d8857ea6c.jpg","contentUrl":"https:\/\/www.notibras.com\/site\/wp-content\/uploads\/2025\/04\/3375ff54-45f0-4bed-8414-d39d8857ea6c.jpg","width":1024,"height":1024},{"@type":"BreadcrumbList","@id":"https:\/\/www.notibras.com\/site\/casal-perfeito-se-completa-em-meio-as-suas-muitas-imperfeicoes\/#breadcrumb","itemListElement":[{"@type":"ListItem","position":1,"name":"In\u00edcio","item":"https:\/\/www.notibras.com\/site\/"},{"@type":"ListItem","position":2,"name":"Casal perfeito se completa em meio \u00e0s suas muitas imperfei\u00e7\u00f5es"}]},{"@type":"WebSite","@id":"https:\/\/www.notibras.com\/site\/#website","url":"https:\/\/www.notibras.com\/site\/","name":"Notibras","description":"Not\u00edcias de Bras\u00edlia, do Brasil e do Mundo","publisher":{"@id":"https:\/\/www.notibras.com\/site\/#organization"},"potentialAction":[{"@type":"SearchAction","target":{"@type":"EntryPoint","urlTemplate":"https:\/\/www.notibras.com\/site\/?s={search_term_string}"},"query-input":{"@type":"PropertyValueSpecification","valueRequired":true,"valueName":"search_term_string"}}],"inLanguage":"pt-BR"},{"@type":"Organization","@id":"https:\/\/www.notibras.com\/site\/#organization","name":"Grupo Notibras de Comunica\u00e7\u00e3o","url":"https:\/\/www.notibras.com\/site\/","logo":{"@type":"ImageObject","inLanguage":"pt-BR","@id":"https:\/\/www.notibras.com\/site\/#\/schema\/logo\/image\/","url":"https:\/\/www.notibras.com\/site\/wp-content\/uploads\/2023\/01\/notibras23.png","contentUrl":"https:\/\/www.notibras.com\/site\/wp-content\/uploads\/2023\/01\/notibras23.png","width":350,"height":87,"caption":"Grupo Notibras de Comunica\u00e7\u00e3o"},"image":{"@id":"https:\/\/www.notibras.com\/site\/#\/schema\/logo\/image\/"},"sameAs":["https:\/\/www.facebook.com\/notibras\/","https:\/\/x.com\/Notibras","https:\/\/www.instagram.com\/notibras\/"]},{"@type":"Person","@id":"https:\/\/www.notibras.com\/site\/#\/schema\/person\/36ab0979449956132d3e5b517ea76ac8","name":"Reda\u00e7\u00e3o","image":{"@type":"ImageObject","inLanguage":"pt-BR","@id":"https:\/\/secure.gravatar.com\/avatar\/e0a867bdedb85fd243eadf09663511f96fc81e0720a4a42581f334ad4303aa6b?s=96&d=mm&r=g","url":"https:\/\/secure.gravatar.com\/avatar\/e0a867bdedb85fd243eadf09663511f96fc81e0720a4a42581f334ad4303aa6b?s=96&d=mm&r=g","contentUrl":"https:\/\/secure.gravatar.com\/avatar\/e0a867bdedb85fd243eadf09663511f96fc81e0720a4a42581f334ad4303aa6b?s=96&d=mm&r=g","caption":"Reda\u00e7\u00e3o"}}]}},"amp_enabled":true,"_links":{"self":[{"href":"https:\/\/www.notibras.com\/site\/wp-json\/wp\/v2\/posts\/351807","targetHints":{"allow":["GET"]}}],"collection":[{"href":"https:\/\/www.notibras.com\/site\/wp-json\/wp\/v2\/posts"}],"about":[{"href":"https:\/\/www.notibras.com\/site\/wp-json\/wp\/v2\/types\/post"}],"author":[{"embeddable":true,"href":"https:\/\/www.notibras.com\/site\/wp-json\/wp\/v2\/users\/2"}],"replies":[{"embeddable":true,"href":"https:\/\/www.notibras.com\/site\/wp-json\/wp\/v2\/comments?post=351807"}],"version-history":[{"count":1,"href":"https:\/\/www.notibras.com\/site\/wp-json\/wp\/v2\/posts\/351807\/revisions"}],"predecessor-version":[{"id":351809,"href":"https:\/\/www.notibras.com\/site\/wp-json\/wp\/v2\/posts\/351807\/revisions\/351809"}],"wp:featuredmedia":[{"embeddable":true,"href":"https:\/\/www.notibras.com\/site\/wp-json\/wp\/v2\/media\/351808"}],"wp:attachment":[{"href":"https:\/\/www.notibras.com\/site\/wp-json\/wp\/v2\/media?parent=351807"}],"wp:term":[{"taxonomy":"category","embeddable":true,"href":"https:\/\/www.notibras.com\/site\/wp-json\/wp\/v2\/categories?post=351807"},{"taxonomy":"post_tag","embeddable":true,"href":"https:\/\/www.notibras.com\/site\/wp-json\/wp\/v2\/tags?post=351807"}],"curies":[{"name":"wp","href":"https:\/\/api.w.org\/{rel}","templated":true}]}}