{"id":351863,"date":"2025-04-13T08:52:40","date_gmt":"2025-04-13T11:52:40","guid":{"rendered":"https:\/\/www.notibras.com\/site\/?p=351863"},"modified":"2025-04-13T09:58:01","modified_gmt":"2025-04-13T12:58:01","slug":"descubra-os-misterios-da-pedra-de-xareo-com-beleza-e-poder-mistico","status":"publish","type":"post","link":"https:\/\/www.notibras.com\/site\/descubra-os-misterios-da-pedra-de-xareo-com-beleza-e-poder-mistico\/","title":{"rendered":"Descubra os mist\u00e9rios da Pedra de Xar\u00e9o, com beleza e poder m\u00edstico"},"content":{"rendered":"<p>Escondida entre as paisagens exuberantes do litoral nordestino, a Pedra de Xar\u00e9o \u00e9 um verdadeiro convite \u00e0 aventura e \u00e0 contempla\u00e7\u00e3o. Muito mais do que um simples ponto tur\u00edstico, este monumento natural carrega s\u00e9culos de hist\u00f3rias, lendas e uma energia m\u00edstica que atrai visitantes de todos os cantos do pa\u00eds \u2014 e at\u00e9 do mundo.<\/p>\n<p>Localizada na encantadora regi\u00e3o de mesmo nome, em Cabo de Santo Agostinho, a forma\u00e7\u00e3o rochosa impressiona n\u00e3o apenas pelo tamanho e pelas formas esculpidas pelo tempo, mas tamb\u00e9m pela atmosfera quase m\u00e1gica que paira sobre o lugar. De acordo com moradores antigos, a Pedra de Xar\u00e9o seria um ponto de conex\u00e3o espiritual, onde energias da terra e do mar se encontram em perfeita harmonia.<\/p>\n<p>&#8220;Quem chega aqui sente logo a diferen\u00e7a. \u00c9 como se o vento soprasse os pensamentos ruins embora&#8221;, conta Dona Marinalva, uma das guardi\u00e3s das tradi\u00e7\u00f5es locais. Ela revela que, h\u00e1 gera\u00e7\u00f5es, a pedra \u00e9 cen\u00e1rio de rituais de purifica\u00e7\u00e3o e celebra\u00e7\u00f5es de ciclos da natureza.<\/p>\n<p>Mas n\u00e3o \u00e9 s\u00f3 o misticismo que chama aten\u00e7\u00e3o. Para os amantes da natureza e da fotografia, a Pedra de Xar\u00e9o oferece vistas deslumbrantes, especialmente durante o p\u00f4r do sol, quando os raios dourados tocam a superf\u00edcie da rocha, criando um espet\u00e1culo de luzes e sombras digno de um cen\u00e1rio cinematogr\u00e1fico.<\/p>\n<p>A fauna e a flora ao redor complementam a experi\u00eancia. Trilhas acess\u00edveis conduzem os visitantes por entre mata nativa, onde \u00e9 poss\u00edvel encontrar esp\u00e9cies t\u00edpicas da regi\u00e3o e ouvir o canto dos p\u00e1ssaros que parecem entoar uma trilha sonora especial para a jornada.<\/p>\n<p>Seja voc\u00ea um curioso em busca de novas paisagens, um aventureiro sedento por trilhas desafiadoras, ou um viajante em busca de um lugar para se reconectar consigo mesmo, a Pedra de Xar\u00e9o promete surpreender. Afinal, beleza natural e poder m\u00edstico se unem aqui, criando uma experi\u00eancia \u00fanica e inesquec\u00edvel.<\/p>\n<p><strong>Servi\u00e7o:<\/strong><br \/>\nMelhor \u00e9poca para visita\u00e7\u00e3o: Entre setembro e mar\u00e7o, para aproveitar o clima seco e as melhores vistas do p\u00f4r do sol.<\/p>\n<p>Dica extra: N\u00e3o se esque\u00e7a de levar \u00e1gua, protetor solar e, claro, uma c\u00e2mera para registrar cada momento!<\/p>\n","protected":false},"excerpt":{"rendered":"<p>Escondida entre as paisagens exuberantes do litoral nordestino, a Pedra de Xar\u00e9o \u00e9 um verdadeiro convite \u00e0 aventura e \u00e0 contempla\u00e7\u00e3o. Muito mais do que um simples ponto tur\u00edstico, este monumento natural carrega s\u00e9culos de hist\u00f3rias, lendas e uma energia m\u00edstica que atrai visitantes de todos os cantos do pa\u00eds \u2014 e at\u00e9 do mundo. [&hellip;]<\/p>\n","protected":false},"author":2,"featured_media":351864,"comment_status":"closed","ping_status":"closed","sticky":false,"template":"","format":"standard","meta":{"_acf_changed":false,"footnotes":""},"categories":[165],"tags":[],"class_list":["post-351863","post","type-post","status-publish","format-standard","has-post-thumbnail","hentry","category-nordeste"],"acf":[],"_links":{"self":[{"href":"https:\/\/www.notibras.com\/site\/wp-json\/wp\/v2\/posts\/351863","targetHints":{"allow":["GET"]}}],"collection":[{"href":"https:\/\/www.notibras.com\/site\/wp-json\/wp\/v2\/posts"}],"about":[{"href":"https:\/\/www.notibras.com\/site\/wp-json\/wp\/v2\/types\/post"}],"author":[{"embeddable":true,"href":"https:\/\/www.notibras.com\/site\/wp-json\/wp\/v2\/users\/2"}],"replies":[{"embeddable":true,"href":"https:\/\/www.notibras.com\/site\/wp-json\/wp\/v2\/comments?post=351863"}],"version-history":[{"count":2,"href":"https:\/\/www.notibras.com\/site\/wp-json\/wp\/v2\/posts\/351863\/revisions"}],"predecessor-version":[{"id":351866,"href":"https:\/\/www.notibras.com\/site\/wp-json\/wp\/v2\/posts\/351863\/revisions\/351866"}],"wp:featuredmedia":[{"embeddable":true,"href":"https:\/\/www.notibras.com\/site\/wp-json\/wp\/v2\/media\/351864"}],"wp:attachment":[{"href":"https:\/\/www.notibras.com\/site\/wp-json\/wp\/v2\/media?parent=351863"}],"wp:term":[{"taxonomy":"category","embeddable":true,"href":"https:\/\/www.notibras.com\/site\/wp-json\/wp\/v2\/categories?post=351863"},{"taxonomy":"post_tag","embeddable":true,"href":"https:\/\/www.notibras.com\/site\/wp-json\/wp\/v2\/tags?post=351863"}],"curies":[{"name":"wp","href":"https:\/\/api.w.org\/{rel}","templated":true}]}}