{"id":351874,"date":"2025-04-13T10:35:07","date_gmt":"2025-04-13T13:35:07","guid":{"rendered":"https:\/\/www.notibras.com\/site\/?p=351874"},"modified":"2025-04-13T10:41:13","modified_gmt":"2025-04-13T13:41:13","slug":"na-brasilia-que-engatinhava-geraldo-e-jose-aprontavam-todas-para-agonia-do-pai","status":"publish","type":"post","link":"https:\/\/www.notibras.com\/site\/na-brasilia-que-engatinhava-geraldo-e-jose-aprontavam-todas-para-agonia-do-pai\/","title":{"rendered":"Na Bras\u00edlia que engatinhava, Geraldo e Jos\u00e9 aprontavam todas para agonia do pai"},"content":{"rendered":"<p>O ano era 1962, mas bem que poderia ser 1963. Geraldo e Jos\u00e9, nove e seis anos, aprontavam todas quando Bras\u00edlia dava os primeiros passos. Quando tinham tempo, n\u00e3o deixavam passar oportunidade de aprontar mais outras tantas. Meninos sendo meninos, como a av\u00f3 gostava de dizer, ainda mais porque era a favor de que a fase mais divertida da vida deveria ser usufru\u00edda de modo o mais arteiro poss\u00edvel.<\/p>\n<p>O pai \u00e9 que n\u00e3o concordava muito com isso, como se tivesse sido um anjo durante a inf\u00e2ncia.<\/p>\n<p>\u2014 Deixa os garotos se divertirem, Orlando.<\/p>\n<p>\u2014 Mam\u00e3e, esses moleques aprontam demais!<\/p>\n<p>\u2014 Igualzinho a voc\u00ea nessa idade.<\/p>\n<p>\u2014 Eu?<\/p>\n<p>\u2014 E quem mais?<\/p>\n<p>\u2014 U\u00e9, o Roberto!<\/p>\n<p>\u2014 O Roberto, meu filho? Pois voc\u00ea n\u00e3o sabe que eu sei muito bem que era voc\u00ea o cabe\u00e7a das artes da rua?<\/p>\n<p>\u2014 Eu?<\/p>\n<p>\u2014 Sim! O senhor mesmo!<\/p>\n<p>A despeito do pito tomado da matriarca, Orlando n\u00e3o deixou a fama de pai severo que fazia quest\u00e3o de cultivar perante os filhos. Ah, no menor deslize da cria, o chinelo cantava que era uma beleza. E n\u00e3o \u00e9 que o homem teve a oportunidade de cumprir tal sina justamente naquele final de tarde, quando chegou aos seus ouvidos uma hist\u00f3ria que j\u00e1 se desenrolava h\u00e1 alguns dias?<\/p>\n<p>Geraldo e Jos\u00e9, n\u00e3o se sabe onde, arrumaram um par de \u00f3culos escuros e uma bengala para se fingirem de cegos e, assim, atravessarem a rua mais movimentada da cidade. Enquanto um colocava os \u00f3culos e segurava a bengala, o outro pegava no bra\u00e7o do cego de araque e paravam o tr\u00e2nsito. Mal chegavam ao outro lado da rua, trocavam de pap\u00e9is e retornavam. E assim ficavam durante um bom tempo.<\/p>\n<p>Pois naquele mesmo dia, ao chegarem ao lar, doce lar, os meninos foram recepcionados por Orlando, que segurava o chinelo, certo de que daria uma boa li\u00e7\u00e3o nos garotos. Entretanto, o pai talvez tenha se lembrado da pr\u00f3pria \u00e9poca de meninices ou, ent\u00e3o, ficou aliviado de ver os filhos chegarem s\u00e3o e salvos em casa. Mesmo assim, disse algo que, at\u00e9 hoje, \u00e9 lembrado pelos irm\u00e3os.<\/p>\n<p>\u2014 Se aparecer algu\u00e9m atropelado aqui, eu n\u00e3o dou nem um Merthiolate.<\/p>\n<p>&#8230;&#8230;&#8230;&#8230;&#8230;&#8230;&#8230;&#8230;&#8230;&#8230;.<\/p>\n<p><strong>Eduardo Mart\u00ednez \u00e9 autor do livro 57 Contos e Cr\u00f4nicas por um Autor Muito Velho\u2019<\/strong><\/p>\n<p>Compre aqui\u00a0<span class=\"x19la9d6 x1fc57z9 x6ikm8r x10wlt62 x19co3pv x1g5zs5t xfibh0p xiy17q3 x1xsqp64 x1lkfr7t xexx8yu x4uap5 x18d9i69 xkhd6sd\"><span class=\"xrtxmta x1bhl96m\"><img decoding=\"async\" class=\"emoji\" role=\"img\" draggable=\"false\" src=\"https:\/\/s.w.org\/images\/core\/emoji\/15.0.3\/svg\/1f447-1f3ff.svg\" alt=\"&#x1f447;&#x1f3ff;\" \/><\/span><\/span><\/p>\n<p><a href=\"https:\/\/www.joanineditora.com.br\/57-contos-e-cronicas-por-um-autor-muito-velho\">https:\/\/www.joanineditora.com.br\/57-contos-e-cronicas-por-um-autor-muito-velho<\/a><\/p>\n","protected":false},"excerpt":{"rendered":"<p>O ano era 1962, mas bem que poderia ser 1963. Geraldo e Jos\u00e9, nove e seis anos, aprontavam todas quando Bras\u00edlia dava os primeiros passos. Quando tinham tempo, n\u00e3o deixavam passar oportunidade de aprontar mais outras tantas. Meninos sendo meninos, como a av\u00f3 gostava de dizer, ainda mais porque era a favor de que a [&hellip;]<\/p>\n","protected":false},"author":2,"featured_media":351875,"comment_status":"closed","ping_status":"closed","sticky":false,"template":"","format":"standard","meta":{"_acf_changed":false,"footnotes":""},"categories":[161],"tags":[],"class_list":["post-351874","post","type-post","status-publish","format-standard","has-post-thumbnail","hentry","category-quadradinho-em-foco"],"acf":[],"_links":{"self":[{"href":"https:\/\/www.notibras.com\/site\/wp-json\/wp\/v2\/posts\/351874","targetHints":{"allow":["GET"]}}],"collection":[{"href":"https:\/\/www.notibras.com\/site\/wp-json\/wp\/v2\/posts"}],"about":[{"href":"https:\/\/www.notibras.com\/site\/wp-json\/wp\/v2\/types\/post"}],"author":[{"embeddable":true,"href":"https:\/\/www.notibras.com\/site\/wp-json\/wp\/v2\/users\/2"}],"replies":[{"embeddable":true,"href":"https:\/\/www.notibras.com\/site\/wp-json\/wp\/v2\/comments?post=351874"}],"version-history":[{"count":1,"href":"https:\/\/www.notibras.com\/site\/wp-json\/wp\/v2\/posts\/351874\/revisions"}],"predecessor-version":[{"id":351876,"href":"https:\/\/www.notibras.com\/site\/wp-json\/wp\/v2\/posts\/351874\/revisions\/351876"}],"wp:featuredmedia":[{"embeddable":true,"href":"https:\/\/www.notibras.com\/site\/wp-json\/wp\/v2\/media\/351875"}],"wp:attachment":[{"href":"https:\/\/www.notibras.com\/site\/wp-json\/wp\/v2\/media?parent=351874"}],"wp:term":[{"taxonomy":"category","embeddable":true,"href":"https:\/\/www.notibras.com\/site\/wp-json\/wp\/v2\/categories?post=351874"},{"taxonomy":"post_tag","embeddable":true,"href":"https:\/\/www.notibras.com\/site\/wp-json\/wp\/v2\/tags?post=351874"}],"curies":[{"name":"wp","href":"https:\/\/api.w.org\/{rel}","templated":true}]}}