{"id":351895,"date":"2025-04-14T01:55:05","date_gmt":"2025-04-14T04:55:05","guid":{"rendered":"https:\/\/www.notibras.com\/site\/?p=351895"},"modified":"2025-04-14T02:01:01","modified_gmt":"2025-04-14T05:01:01","slug":"raquel-cria-time-de-cabos-eleitorais-para-2026-com-candidatos-derrotados","status":"publish","type":"post","link":"https:\/\/www.notibras.com\/site\/raquel-cria-time-de-cabos-eleitorais-para-2026-com-candidatos-derrotados\/","title":{"rendered":"Raquel cria time de cabos eleitorais para 2026 com candidatos derrotados"},"content":{"rendered":"<p>Seguindo uma pr\u00e1tica comum \u00e0 pol\u00edtica de Pernambuco, que consiste em dar abrigo sob a prote\u00e7\u00e3o do guarda-chuva financeiro do Estado a aliados que perderam elei\u00e7\u00f5es e ficaram desempregados, a governadora Raquel Lyra (PSD) vem montando um time de cabos eleitorais para ajud\u00e1-la em seu projeto de reelei\u00e7\u00e3o, no pr\u00f3ximo ano. S\u00e3o ex-prefeitos e ex-vereadores que n\u00e3o conseguiram eleger-se no pleito municipal de 2024 que pagos pelo eleitor pernambucano v\u00e3o preenchendo cargos de assessoria na Casa Civil do Pal\u00e1cio do Campo das Princesas, sede do governo estadual.<\/p>\n<p>Esses cargos recebem o nome de Fun\u00e7\u00e3o Gratificada de Dire\u00e7\u00e3o e Assessoramento &#8211; 2 (FDA-2), que no governo de Pernambuco corresponde a um sal\u00e1rio de R$ 4.518,20, mas que podem chegar a R$ 9.223,55, nos casos de assessoria especial, segundo o Portal da Legisla\u00e7\u00e3o Estadual. Esses cargos n\u00e3o exigem concurso p\u00fablico, s\u00e3o ocupados por pessoas de confian\u00e7a do gestor e podem ser criados ou extintos &#8220;conforme as necessidades da administra\u00e7\u00e3o p\u00fablica&#8221;. Desde o final de janeiro, a governadora j\u00e1 preencheu mais de 50 desses cargos de assessoria na Casa Civil.<\/p>\n<p>Esse &#8220;trem da alegria&#8221; come\u00e7ou sua viagem ainda no final de janeiro, quando muitos ex-prefeitos e ex-vereadores deixaram de receber seus sal\u00e1rios nas Prefeituras ou nas C\u00e2maras de Vereadores onde exerciam seus cargos. Assim, no dia 28 de janeiro, 22 ex-prefeitos de diversas regi\u00f5es do Estado foram nomeados assessores de uma \u00fanica vez. No dia seguinte, a Casa Civil recebeu em seus quadros outros 15 aliados da governadora Raquel Lyra que ficaram desempregados. Em cada esta\u00e7\u00e3o que para, sobem no trem outra leva de pol\u00edticos que n\u00e3o se deram bem com as urnas em 2024.<\/p>\n<p>\u201cEles contribuem com a sua experi\u00eancia, fazendo um trabalho de aproxima\u00e7\u00e3o do Governo com a popula\u00e7\u00e3o. Todos eles t\u00eam experi\u00eancia na administra\u00e7\u00e3o p\u00fablica e podem contribuir com o povo de Pernambuco\u201d, justificou a vice-governadora Priscila Krause (PSDB), que por ocasi\u00e3o do recesso de Raquel Lyra ficou com a tarefa de assinar as nomea\u00e7\u00f5es dos aliados. \u201cEu cumpri tudo o que ficou arrumado pela governadora, nada saiu do planejamento dela\u201d, acrescentou Priscila.<\/p>\n<p>Entre os derrotados na \u00faltima elei\u00e7\u00e3o est\u00e1 o ex-prefeito do Cabo de Santo Agostinho, Keko do Armaz\u00e9m (PP), que perdeu a elei\u00e7\u00e3o para seu ex-aliado e tamb\u00e9m ex-prefeito Lula Cabral (Solidariedade), atual prefeito da cidade. Keko do Armaz\u00e9m entrou para a Casa Civil na \u00faltima leva, que contou 13 nomea\u00e7\u00f5es, em mar\u00e7o, como Clayton da Silva Marques, seu nome de batismo, para exercer o cargo de assessor especial de Rela\u00e7\u00f5es Institucionais (s\u00edmbolo DAS-2), sal\u00e1rio de R$ 4.518,20.<\/p>\n<p>Para fazer o trabalho de &#8220;aproxima\u00e7\u00e3o do Governo com a popula\u00e7\u00e3o&#8221;, nas palavras da vice-governadora Priscila Krause, o time de cabos eleitorais que est\u00e1 sendo montado para trabalhar pela perman\u00eancia da governadora Raquel Lyra no Pal\u00e1cio do Campo das Princesas depois de 2026 \u00e9 bastante ecl\u00e9tico, reunindo pol\u00edticos que atuam tanto pela esquerda quanto pela direita, num leque que vai do PT do presidente Lula ao PL do ex-presidente Bolsonaro. Da mesma forma, s\u00e3o bem distribu\u00eddos regionalmente, com atua\u00e7\u00e3o em munic\u00edpios que v\u00e3o do litoral ao sert\u00e3o.<\/p>\n<p>S\u00e3o nomes como Gyan Karlos (PRD), ex-presidente da C\u00e2mara de Vereadores de Buenos Aires; Rodrigo Gomes (PL), que foi candidato a vereador para a C\u00e2mara do Recife; Anderson Lopes, candidato a prefeito de Itapetim pelo PSDB; Alu\u00edzio Camilo (PT), ex-vereador de Paulista; Neto Cavalcanti (PSDB) ex-vice-prefeito de \u00c1gua Preta, e Tonh\u00e3o (PP), candidato derrotado \u00e0 Prefeitura de \u00c1gua Preta; o ex-prefeito de Joaquim Nabuco, Marco Barreto; o ex-prefeito de Feira Nova, Danilson Gonzaga (PSD); o ex-vereador de Feira Nova, Bruno Chaves (PSDB), que foi candidato \u00e0 Prefeitura do munic\u00edpio; o ex-vereador do Recife pelo PSD, Professor Thiago; e o ex-vice-prefeito de Palmares, Luciano J\u00fanior (PSDB).<\/p>\n<p>Integram ainda assessoria especial da Casa Civil o ex-prefeito de Camocim de S\u00e3o F\u00e9lix, Jos\u00e9 Geovane Bezerra(PSD); o ex-prefeito de Santa Maria do Cambuc\u00e1, Nelson Lima; o ex-candidato a vereador de Goiana, Renato Sandre (Agir); e o ex-candidato a vereador de Taquaritinga do Norte, Galego de Tonho (PSDB), e o ex-vice-prefeito de Paranatama, Claudeilson Oliveira (PP).<\/p>\n<p>Todo esse conjunto de assessores j\u00e1 trabalha para buscar os votos que Raquel Lyra vai precisar para enfrentar a candidatura do prefeito do Recife, Jo\u00e3o Campos (PSB), que com alguns corpos de vantagem segundo as pesquisas eleitorais se prepara para tomar para a fam\u00edlia a cadeira que j\u00e1 pertenceu ao seu pai, Eduardo Campos, e ao seu bisav\u00f4, Miguel Arraes, ambos tamb\u00e9m do PSB.<\/p>\n","protected":false},"excerpt":{"rendered":"<p>Seguindo uma pr\u00e1tica comum \u00e0 pol\u00edtica de Pernambuco, que consiste em dar abrigo sob a prote\u00e7\u00e3o do guarda-chuva financeiro do Estado a aliados que perderam elei\u00e7\u00f5es e ficaram desempregados, a governadora Raquel Lyra (PSD) vem montando um time de cabos eleitorais para ajud\u00e1-la em seu projeto de reelei\u00e7\u00e3o, no pr\u00f3ximo ano. S\u00e3o ex-prefeitos e ex-vereadores [&hellip;]<\/p>\n","protected":false},"author":2,"featured_media":336356,"comment_status":"closed","ping_status":"closed","sticky":false,"template":"","format":"standard","meta":{"_acf_changed":false,"footnotes":""},"categories":[165],"tags":[],"class_list":["post-351895","post","type-post","status-publish","format-standard","has-post-thumbnail","hentry","category-nordeste"],"acf":[],"_links":{"self":[{"href":"https:\/\/www.notibras.com\/site\/wp-json\/wp\/v2\/posts\/351895","targetHints":{"allow":["GET"]}}],"collection":[{"href":"https:\/\/www.notibras.com\/site\/wp-json\/wp\/v2\/posts"}],"about":[{"href":"https:\/\/www.notibras.com\/site\/wp-json\/wp\/v2\/types\/post"}],"author":[{"embeddable":true,"href":"https:\/\/www.notibras.com\/site\/wp-json\/wp\/v2\/users\/2"}],"replies":[{"embeddable":true,"href":"https:\/\/www.notibras.com\/site\/wp-json\/wp\/v2\/comments?post=351895"}],"version-history":[{"count":1,"href":"https:\/\/www.notibras.com\/site\/wp-json\/wp\/v2\/posts\/351895\/revisions"}],"predecessor-version":[{"id":351897,"href":"https:\/\/www.notibras.com\/site\/wp-json\/wp\/v2\/posts\/351895\/revisions\/351897"}],"wp:featuredmedia":[{"embeddable":true,"href":"https:\/\/www.notibras.com\/site\/wp-json\/wp\/v2\/media\/336356"}],"wp:attachment":[{"href":"https:\/\/www.notibras.com\/site\/wp-json\/wp\/v2\/media?parent=351895"}],"wp:term":[{"taxonomy":"category","embeddable":true,"href":"https:\/\/www.notibras.com\/site\/wp-json\/wp\/v2\/categories?post=351895"},{"taxonomy":"post_tag","embeddable":true,"href":"https:\/\/www.notibras.com\/site\/wp-json\/wp\/v2\/tags?post=351895"}],"curies":[{"name":"wp","href":"https:\/\/api.w.org\/{rel}","templated":true}]}}