{"id":351909,"date":"2025-04-14T02:09:05","date_gmt":"2025-04-14T05:09:05","guid":{"rendered":"https:\/\/www.notibras.com\/site\/?p=351909"},"modified":"2025-04-14T02:09:05","modified_gmt":"2025-04-14T05:09:05","slug":"museu-inedito-preservara-memoria-de-brasilia-e-infraestrutura-viaria","status":"publish","type":"post","link":"https:\/\/www.notibras.com\/site\/museu-inedito-preservara-memoria-de-brasilia-e-infraestrutura-viaria\/","title":{"rendered":"Museu in\u00e9dito preservar\u00e1 mem\u00f3ria de Bras\u00edlia e infraestrutura vi\u00e1ria"},"content":{"rendered":"<p>A hist\u00f3ria do Departamento de Estradas de Rodagem do Distrito Federal (DER-DF) se confunde com a de Bras\u00edlia. Criado apenas dois meses ap\u00f3s a funda\u00e7\u00e3o da nova capital, o \u00f3rg\u00e3o ajudou a pavimentar n\u00e3o s\u00f3 as primeiras vias da cidade, como tamb\u00e9m os caminhos que levaram o DF a se conectar com o restante do pa\u00eds. No ano em que a autarquia e o Quadradinho completam 65 anos, uma nova obra surge para preservar essa mem\u00f3ria: a constru\u00e7\u00e3o do Museu Hist\u00f3rico, Art\u00edstico e Cient\u00edfico do DER (MuDER).<\/p>\n<p>O MuDER ser\u00e1 implantado em tr\u00eas etapas. A primeira, chamada de \u201cMuseu a C\u00e9u Aberto\u201d, est\u00e1 conclu\u00edda. Em cada um dos departamentos do DER, equipamentos e maquin\u00e1rios hist\u00f3ricos foram expostos para homenagear os servidores da casa. \u201cA ideia era que o servidor, ao chegar para trabalhar, visse a m\u00e1quina e se lembrasse das obras das quais participou. \u00c9 um resgate voltado para dentro da institui\u00e7\u00e3o, mas aberto \u00e0 sociedade\u201d, explica o presidente da comiss\u00e3o de cria\u00e7\u00e3o do museu, Maur\u00edcio Marques.<\/p>\n<p>A segunda etapa, atualmente em execu\u00e7\u00e3o, marca a abertura do museu ao p\u00fablico em um espa\u00e7o fechado no Parque Rodovi\u00e1rio, com 168 m\u00b2 divididos em dois m\u00f3dulos. Um deles ser\u00e1 voltado para exposi\u00e7\u00f5es de longa dura\u00e7\u00e3o, com acervo composto por documentos, objetos hist\u00f3ricos e depoimentos de ex-servidores colhidos pelo Projeto Permanente de Hist\u00f3ria Oral, em funcionamento desde 2023.<\/p>\n<p>\u201cO visitante poder\u00e1 acessar exposi\u00e7\u00f5es, fotos, projetos e at\u00e9 relatos em \u00e1udio e v\u00eddeo de ex-dirigentes do DER. Como o espa\u00e7o \u00e9 limitado, estamos investindo em muita tecnologia e recursos audiovisuais para otimizar a experi\u00eancia\u201d, prossegue Maur\u00edcio.<\/p>\n<p>O museu, considerado o primeiro interativo e audiovisual entre os departamentos rodovi\u00e1rios do pa\u00eds, tem previs\u00e3o de inaugura\u00e7\u00e3o para junho, no anivers\u00e1rio do \u00f3rg\u00e3o. As obras j\u00e1 avan\u00e7am para as etapas estruturais da marquise, preparo para instala\u00e7\u00e3o de piso e fia\u00e7\u00e3o el\u00e9trica do espa\u00e7o, que promete ser um novo ponto de conex\u00e3o entre passado, presente e futuro da mobilidade no Distrito Federal.<\/p>\n<p><strong>Cuidado t\u00e9cnico<\/strong><br \/>\nTodo o processo de constru\u00e7\u00e3o do museu \u00e9 acompanhado de perto pelo muse\u00f3logo Gustavo Lopes, um dos integrantes da comiss\u00e3o de 40 pessoas respons\u00e1vel pelo projeto. O profissional destaca o cuidado t\u00e9cnico envolvido na cria\u00e7\u00e3o do museu.<\/p>\n<p>\u201cO DER teve a nobreza de contratar um muse\u00f3logo desde o in\u00edcio, o que \u00e9 raro. Trabalhamos no desenvolvimento do plano museol\u00f3gico, no processamento t\u00e9cnico dos objetos do acervo e, futuramente, na comunica\u00e7\u00e3o desses conte\u00fados ao p\u00fablico\u201d, conta. \u201cCada objeto precisa ter um contexto. Um museu n\u00e3o pode ser feito de pe\u00e7as soltas.\u201d<\/p>\n<p>Gustavo ainda explica que o MuDER atender\u00e1 aos tr\u00eas pilares exigidos por lei para um museu: acervo, pesquisa e comunica\u00e7\u00e3o: \u201cEstamos reunindo o acervo, promovendo pesquisa cient\u00edfica sobre os itens e, em breve, iniciaremos a divulga\u00e7\u00e3o por meio de exposi\u00e7\u00f5es e a\u00e7\u00f5es educativas\u201d.<\/p>\n<p>O muse\u00f3logo Gustavo Lopes \u00e9 um dos respons\u00e1veis pelo projeto do MuDER: \u201cTrabalhamos no desenvolvimento do plano museol\u00f3gico, no processamento t\u00e9cnico dos objetos do acervo e, futuramente, na comunica\u00e7\u00e3o desses conte\u00fados ao p\u00fablico\u201d<\/p>\n<p><strong>Sede definitiva<\/strong><br \/>\nJ\u00e1 a terceira etapa compreende a constru\u00e7\u00e3o da sede definitiva do museu, com assinatura do arquiteto Jorge Nazar\u00e9. Com conceito de arquitetura contempor\u00e2nea tropical, o pr\u00e9dio ser\u00e1 integrado \u00e0s pol\u00edticas educacionais do DER e contar\u00e1 com dois audit\u00f3rios, setor administrativo, dep\u00f3sitos para diferentes tipos de acervo e um \u00e1trio com p\u00e9-direito triplo para ilumina\u00e7\u00e3o zenital. Haver\u00e1 ainda um subsolo semienterrado.<\/p>\n<p>\u201cO desenho \u00e9 simples e simb\u00f3lico, como Bras\u00edlia. Um quadrado dividido ao meio, com cantos arredondados e espa\u00e7os internos articulados em tr\u00eas pavimentos. Tudo pensado para valorizar o acervo e proporcionar uma experi\u00eancia moderna ao visitante\u201d, detalha o arquiteto.<\/p>\n<p>A expectativa n\u00e3o \u00e9 descontinuar o museu audiovisual constru\u00eddo no interior do Parque Rodovi\u00e1rio, mas incorpor\u00e1-lo aos projetos educacionais do departamento, como, por exemplo, a Escola Vivencial de Tr\u00e2nsito (Transitol\u00e2ndia), cujo objetivo \u00e9 promover a conscientiza\u00e7\u00e3o sobre a seguran\u00e7a no tr\u00e2nsito.<\/p>\n","protected":false},"excerpt":{"rendered":"<p>A hist\u00f3ria do Departamento de Estradas de Rodagem do Distrito Federal (DER-DF) se confunde com a de Bras\u00edlia. Criado apenas dois meses ap\u00f3s a funda\u00e7\u00e3o da nova capital, o \u00f3rg\u00e3o ajudou a pavimentar n\u00e3o s\u00f3 as primeiras vias da cidade, como tamb\u00e9m os caminhos que levaram o DF a se conectar com o restante do [&hellip;]<\/p>\n","protected":false},"author":2,"featured_media":351910,"comment_status":"closed","ping_status":"closed","sticky":false,"template":"","format":"standard","meta":{"_acf_changed":false,"footnotes":""},"categories":[161],"tags":[],"class_list":["post-351909","post","type-post","status-publish","format-standard","has-post-thumbnail","hentry","category-quadradinho-em-foco"],"acf":[],"_links":{"self":[{"href":"https:\/\/www.notibras.com\/site\/wp-json\/wp\/v2\/posts\/351909","targetHints":{"allow":["GET"]}}],"collection":[{"href":"https:\/\/www.notibras.com\/site\/wp-json\/wp\/v2\/posts"}],"about":[{"href":"https:\/\/www.notibras.com\/site\/wp-json\/wp\/v2\/types\/post"}],"author":[{"embeddable":true,"href":"https:\/\/www.notibras.com\/site\/wp-json\/wp\/v2\/users\/2"}],"replies":[{"embeddable":true,"href":"https:\/\/www.notibras.com\/site\/wp-json\/wp\/v2\/comments?post=351909"}],"version-history":[{"count":1,"href":"https:\/\/www.notibras.com\/site\/wp-json\/wp\/v2\/posts\/351909\/revisions"}],"predecessor-version":[{"id":351911,"href":"https:\/\/www.notibras.com\/site\/wp-json\/wp\/v2\/posts\/351909\/revisions\/351911"}],"wp:featuredmedia":[{"embeddable":true,"href":"https:\/\/www.notibras.com\/site\/wp-json\/wp\/v2\/media\/351910"}],"wp:attachment":[{"href":"https:\/\/www.notibras.com\/site\/wp-json\/wp\/v2\/media?parent=351909"}],"wp:term":[{"taxonomy":"category","embeddable":true,"href":"https:\/\/www.notibras.com\/site\/wp-json\/wp\/v2\/categories?post=351909"},{"taxonomy":"post_tag","embeddable":true,"href":"https:\/\/www.notibras.com\/site\/wp-json\/wp\/v2\/tags?post=351909"}],"curies":[{"name":"wp","href":"https:\/\/api.w.org\/{rel}","templated":true}]}}