{"id":35191,"date":"2015-01-27T23:46:06","date_gmt":"2015-01-28T02:46:06","guid":{"rendered":"http:\/\/www.notibras.com\/site\/?p=35191"},"modified":"2015-01-29T10:11:04","modified_gmt":"2015-01-29T13:11:04","slug":"a-entrevista-um-besteirol-que-so-faz-rir-quem-nao-sabe-o-que-e-viver","status":"publish","type":"post","link":"https:\/\/www.notibras.com\/site\/a-entrevista-um-besteirol-que-so-faz-rir-quem-nao-sabe-o-que-e-viver\/","title":{"rendered":"A Entrevista, um besteirol que s\u00f3 faz rir quem n\u00e3o sabe viver"},"content":{"rendered":"<p>Causaria espanto se o conte\u00fado ins\u00edpido do filme A Entrevista pudesse, por si s\u00f3, de fato causar um incidente internacional grave entre a Coreia do Norte e os Estados Unidos. N\u00e3o \u00e9 surpresa que quase tenha se transformado num \u00edcone patri\u00f3tico, como amea\u00e7ou ocorrer.<\/p>\n<p>Se muito, A Entrevista entrar\u00e1 para a hist\u00f3ria como um daqueles filmes em que os fatos que o cercam s\u00e3o mais interessantes do que seus m\u00e9ritos de fato. A hist\u00f3ria dos dois jornalistas que viajam para a Coreia do Norte para entrevistar \u2015 e assassinar \u2015 o ditador King Jong-un tomou os notici\u00e1rios em junho, quando a distribuidora americana sofreu amea\u00e7as de \u201ca\u00e7\u00f5es implac\u00e1veis\u201d contra os EUA caso o filme fosse lan\u00e7ado. Decidiu, ent\u00e3o, adiar a estreia e alterar digitalmente as imagens gravadas.<\/p>\n<p>O grande desenvolvimento na hist\u00f3ria viria em novembro, quando um grupo de hackers invadiu o sistema da Sony Pictures, vazou outros longas e divulgou informa\u00e7\u00f5es confidenciais, exigindo o cancelamento do filme \u201cterrorista\u201d. Em dezembro, vieram amea\u00e7as de ataques terroristas que levaram in\u00fameros cinemas americanos a cancelar sua exibi\u00e7\u00e3o e a Sony a dizer que n\u00e3o tinha planos de lan\u00e7\u00e1-los. No Natal, por\u00e9m, o t\u00edtulo foi disponibilizado na internet e em salas dos EUA. N\u00e3o h\u00e1 data para chegar ao Brasil.<\/p>\n<p>Para especialistas, nunca apareceram provas irrefut\u00e1veis de que a Coreia do Norte estivesse de fato por tr\u00e1s dos ataques, e a despeito dos muitos especialistas que o afirmaram, o presidente Barack Obama reiterou a vers\u00e3o numa coletiva de imprensa em que prometeu \u201cretalia\u00e7\u00f5es\u201d. A possibilidade de um conflito, mesmo que iniciado por motivos triviais, foi logo agarrada na cobertura de ve\u00edculos locais que n\u00e3o raro dispensam questionar pronunciamentos oficiais da Casa Branca. Ent\u00e3o, os Estados Unidos anunciaram novas san\u00e7\u00f5es \u00e0 Coreia do Norte por conta dos ataques.<\/p>\n<blockquote><p>Por tr\u00e1s das amea\u00e7as dos hackers, estava a no\u00e7\u00e3o de que o ditador norte-coreano da vida real pudesse ter se enfurecido de tal forma com sua vers\u00e3o fict\u00edcia que estaria disposto a criar um conflito internacional para que ela nunca visse a luz do dia. Mas, de certa maneira, Kim Jong-un nunca foi retratado de fato no longa. Ao contr\u00e1rio, parece apenas emprestar o nome a alguma fantasia norte-americana do que seria um vil\u00e3o oriental.<\/p><\/blockquote>\n<p>Diante de todo o pr\u00f3logo, americanos foram \u00e0 estreia especial com bandeiras do pa\u00eds, num ato pol\u00edtico, como se A Entrevista representasse algum tipo de ato patri\u00f3tico contra o terrorismo no mundo. N\u00e3o representa. Nem sequer pode ser considerado uma s\u00e1tira como outras com\u00e9dias que se debru\u00e7aram sobre regimes pol\u00edticos de diferentes \u00e9pocas. Antes, visa um p\u00fablico-alvo que, em sua maioria, nem sequer saberia apontar a Coreia do Norte num mapa.<\/p>\n<p>Passada a onda patri\u00f3tica e as amea\u00e7as dos especialistas do telejornalismo, o filme foi destro\u00e7ado pela cr\u00edtica e \u00e9, hoje, pr\u00e9-candidato ao Framboesa de Ouro, que todos os anos premia os piores produtos da ind\u00fastria.<\/p>\n<p>S\u00e3o tantos e t\u00e3o flagrantes as concep\u00e7\u00f5es equivocadas acerca da pol\u00edtica internacional em A Entrevista que o roteiro beira o fiasco, a irrealidade. O personagem de Seth Rogen \u00e9 o produtor de um programa de entrevistas de celebridades. Ressente-se do fato de n\u00e3o ser capaz de trabalhar com jornalismo s\u00e9rio, como seus colegas de faculdade. O tempo ir\u00e1 mostrar que a verdade \u00e9 que ele n\u00e3o \u00e9 capaz de tanto.<\/p>\n<p>Seu parceiro \u00e9 o apresentador ing\u00eanuo e bem intencionado vivido por James Franco. Juntos, eles colocam no ar uma atra\u00e7\u00e3o que explora estere\u00f3tipos e humor rasteiro. \u00c9 assim que, por exemplo, o rapper Eminem justifica suas letras sempre marcadas por \u00f3dio: era gay o tempo todo.<\/p>\n<p>Visto que o ditador norte-coreano \u00e9 um improv\u00e1vel f\u00e3 do programa, a dupla cruza o mundo para encontr\u00e1-lo, que \u00e9 onde entra a CIA. A ag\u00eancia decide que os dois s\u00e3o os mais qualificados para livrar o mundo desse mal. Quando desembarcam, conhecem um Kim Jong-un que se mostra um american\u00f3filo enrustido. \u00c9 f\u00e3 da cantora Katy Perry, de basquete e de carros importados \u2015 para Hollywood, nem o inimigo pode ser comunista, ainda que na fic\u00e7\u00e3o.<\/p>\n<p>Como para o produtor m\u00e9dio do cinema americano a vida n\u00e3o se pinta com sutilezas, o humor de A Entrevista \u00e9 um apanhado de bizarrices, escatologia, desencontros \u00f3bvios e muitas, demasiadas refer\u00eancias \u00e0 regi\u00e3o anal. E s\u00f3.<\/p>\n<p>Para a Coreia do Norte fict\u00edcia, n\u00e3o h\u00e1 plano de transi\u00e7\u00e3o de governos ou qualquer tipo de coopera\u00e7\u00e3o internacional: a democracia ter\u00e1 de nascer por conta pr\u00f3pria, ao raiar de um novo dia, sob fogos de artif\u00edcio. O tipo de ilus\u00e3o que n\u00e3o pode, em momento algum, ser levada a s\u00e9rio, e que mostra um roteiro inspirado numa extensa pesquisa num feed do Twitter e nos chav\u00f5es dos coment\u00e1rios de mais baixo n\u00edvel da internet.<\/p>\n<p>N\u00e3o se pode dizer que a falta de compromisso com a realidade seja, neste caso, uma boa f\u00f3rmula para o humor. Muito menos que o filme se enquadre de fato na categoria &#8220;com\u00e9dia&#8221; \u2015 que exige gra\u00e7a. A Entrevista \u00e9 um besteirol que em nenhum momento se leva ou se presta a ser levado a s\u00e9rio. A estranheza nasce do fato de ter sido levado por tantos durante tanto tempo.<\/p>\n<p><strong>Clarice Cardoso<br \/>\n<\/strong><\/p>\n","protected":false},"excerpt":{"rendered":"<p>Causaria espanto se o conte\u00fado ins\u00edpido do filme A Entrevista pudesse, por si s\u00f3, de fato causar um incidente internacional grave entre a Coreia do Norte e os Estados Unidos. N\u00e3o \u00e9 surpresa que quase tenha se transformado num \u00edcone patri\u00f3tico, como amea\u00e7ou ocorrer. Se muito, A Entrevista entrar\u00e1 para a hist\u00f3ria como um daqueles [&hellip;]<\/p>\n","protected":false},"author":2,"featured_media":35192,"comment_status":"open","ping_status":"closed","sticky":false,"template":"","format":"standard","meta":{"_acf_changed":false,"footnotes":""},"categories":[25],"tags":[],"class_list":["post-35191","post","type-post","status-publish","format-standard","has-post-thumbnail","hentry","category-opina-ai"],"acf":[],"yoast_head":"<!-- This site is optimized with the Yoast SEO plugin v27.2 - https:\/\/yoast.com\/product\/yoast-seo-wordpress\/ -->\n<title>A Entrevista, um besteirol que s\u00f3 faz rir quem n\u00e3o sabe viver - Notibras<\/title>\n<meta name=\"robots\" content=\"index, follow, max-snippet:-1, max-image-preview:large, max-video-preview:-1\" \/>\n<link rel=\"canonical\" href=\"https:\/\/www.notibras.com\/site\/a-entrevista-um-besteirol-que-so-faz-rir-quem-nao-sabe-o-que-e-viver\/\" \/>\n<meta property=\"og:locale\" content=\"pt_BR\" \/>\n<meta property=\"og:type\" content=\"article\" \/>\n<meta property=\"og:title\" content=\"A Entrevista, um besteirol que s\u00f3 faz rir quem n\u00e3o sabe viver - Notibras\" \/>\n<meta property=\"og:description\" content=\"Causaria espanto se o conte\u00fado ins\u00edpido do filme A Entrevista pudesse, por si s\u00f3, de fato causar um incidente internacional grave entre a Coreia do Norte e os Estados Unidos. N\u00e3o \u00e9 surpresa que quase tenha se transformado num \u00edcone patri\u00f3tico, como amea\u00e7ou ocorrer. Se muito, A Entrevista entrar\u00e1 para a hist\u00f3ria como um daqueles [&hellip;]\" \/>\n<meta property=\"og:url\" content=\"https:\/\/www.notibras.com\/site\/a-entrevista-um-besteirol-que-so-faz-rir-quem-nao-sabe-o-que-e-viver\/\" \/>\n<meta property=\"og:site_name\" content=\"Notibras\" \/>\n<meta property=\"article:publisher\" content=\"https:\/\/www.facebook.com\/notibras\/\" \/>\n<meta property=\"article:published_time\" content=\"2015-01-28T02:46:06+00:00\" \/>\n<meta property=\"article:modified_time\" content=\"2015-01-29T13:11:04+00:00\" \/>\n<meta property=\"og:image\" content=\"https:\/\/www.notibras.com\/site\/wp-content\/uploads\/2015\/01\/a-entrevista.jpg\" \/>\n\t<meta property=\"og:image:width\" content=\"648\" \/>\n\t<meta property=\"og:image:height\" content=\"365\" \/>\n\t<meta property=\"og:image:type\" content=\"image\/jpeg\" \/>\n<meta name=\"author\" content=\"Reda\u00e7\u00e3o\" \/>\n<meta name=\"twitter:card\" content=\"summary_large_image\" \/>\n<meta name=\"twitter:creator\" content=\"@Notibras\" \/>\n<meta name=\"twitter:site\" content=\"@Notibras\" \/>\n<meta name=\"twitter:label1\" content=\"Escrito por\" \/>\n\t<meta name=\"twitter:data1\" content=\"Reda\u00e7\u00e3o\" \/>\n\t<meta name=\"twitter:label2\" content=\"Est. tempo de leitura\" \/>\n\t<meta name=\"twitter:data2\" content=\"5 minutos\" \/>\n<script type=\"application\/ld+json\" class=\"yoast-schema-graph\">{\"@context\":\"https:\/\/schema.org\",\"@graph\":[{\"@type\":\"Article\",\"@id\":\"https:\/\/www.notibras.com\/site\/a-entrevista-um-besteirol-que-so-faz-rir-quem-nao-sabe-o-que-e-viver\/#article\",\"isPartOf\":{\"@id\":\"https:\/\/www.notibras.com\/site\/a-entrevista-um-besteirol-que-so-faz-rir-quem-nao-sabe-o-que-e-viver\/\"},\"author\":{\"name\":\"Reda\u00e7\u00e3o\",\"@id\":\"https:\/\/www.notibras.com\/site\/#\/schema\/person\/36ab0979449956132d3e5b517ea76ac8\"},\"headline\":\"A Entrevista, um besteirol que s\u00f3 faz rir quem n\u00e3o sabe viver\",\"datePublished\":\"2015-01-28T02:46:06+00:00\",\"dateModified\":\"2015-01-29T13:11:04+00:00\",\"mainEntityOfPage\":{\"@id\":\"https:\/\/www.notibras.com\/site\/a-entrevista-um-besteirol-que-so-faz-rir-quem-nao-sabe-o-que-e-viver\/\"},\"wordCount\":939,\"commentCount\":0,\"publisher\":{\"@id\":\"https:\/\/www.notibras.com\/site\/#organization\"},\"image\":{\"@id\":\"https:\/\/www.notibras.com\/site\/a-entrevista-um-besteirol-que-so-faz-rir-quem-nao-sabe-o-que-e-viver\/#primaryimage\"},\"thumbnailUrl\":\"https:\/\/www.notibras.com\/site\/wp-content\/uploads\/2015\/01\/a-entrevista.jpg\",\"articleSection\":[\"Opina a\u00ed\"],\"inLanguage\":\"pt-BR\",\"potentialAction\":[{\"@type\":\"CommentAction\",\"name\":\"Comment\",\"target\":[\"https:\/\/www.notibras.com\/site\/a-entrevista-um-besteirol-que-so-faz-rir-quem-nao-sabe-o-que-e-viver\/#respond\"]}]},{\"@type\":\"WebPage\",\"@id\":\"https:\/\/www.notibras.com\/site\/a-entrevista-um-besteirol-que-so-faz-rir-quem-nao-sabe-o-que-e-viver\/\",\"url\":\"https:\/\/www.notibras.com\/site\/a-entrevista-um-besteirol-que-so-faz-rir-quem-nao-sabe-o-que-e-viver\/\",\"name\":\"A Entrevista, um besteirol que s\u00f3 faz rir quem n\u00e3o sabe viver - Notibras\",\"isPartOf\":{\"@id\":\"https:\/\/www.notibras.com\/site\/#website\"},\"primaryImageOfPage\":{\"@id\":\"https:\/\/www.notibras.com\/site\/a-entrevista-um-besteirol-que-so-faz-rir-quem-nao-sabe-o-que-e-viver\/#primaryimage\"},\"image\":{\"@id\":\"https:\/\/www.notibras.com\/site\/a-entrevista-um-besteirol-que-so-faz-rir-quem-nao-sabe-o-que-e-viver\/#primaryimage\"},\"thumbnailUrl\":\"https:\/\/www.notibras.com\/site\/wp-content\/uploads\/2015\/01\/a-entrevista.jpg\",\"datePublished\":\"2015-01-28T02:46:06+00:00\",\"dateModified\":\"2015-01-29T13:11:04+00:00\",\"breadcrumb\":{\"@id\":\"https:\/\/www.notibras.com\/site\/a-entrevista-um-besteirol-que-so-faz-rir-quem-nao-sabe-o-que-e-viver\/#breadcrumb\"},\"inLanguage\":\"pt-BR\",\"potentialAction\":[{\"@type\":\"ReadAction\",\"target\":[\"https:\/\/www.notibras.com\/site\/a-entrevista-um-besteirol-que-so-faz-rir-quem-nao-sabe-o-que-e-viver\/\"]}]},{\"@type\":\"ImageObject\",\"inLanguage\":\"pt-BR\",\"@id\":\"https:\/\/www.notibras.com\/site\/a-entrevista-um-besteirol-que-so-faz-rir-quem-nao-sabe-o-que-e-viver\/#primaryimage\",\"url\":\"https:\/\/www.notibras.com\/site\/wp-content\/uploads\/2015\/01\/a-entrevista.jpg\",\"contentUrl\":\"https:\/\/www.notibras.com\/site\/wp-content\/uploads\/2015\/01\/a-entrevista.jpg\",\"width\":648,\"height\":365},{\"@type\":\"BreadcrumbList\",\"@id\":\"https:\/\/www.notibras.com\/site\/a-entrevista-um-besteirol-que-so-faz-rir-quem-nao-sabe-o-que-e-viver\/#breadcrumb\",\"itemListElement\":[{\"@type\":\"ListItem\",\"position\":1,\"name\":\"In\u00edcio\",\"item\":\"https:\/\/www.notibras.com\/site\/\"},{\"@type\":\"ListItem\",\"position\":2,\"name\":\"A Entrevista, um besteirol que s\u00f3 faz rir quem n\u00e3o sabe viver\"}]},{\"@type\":\"WebSite\",\"@id\":\"https:\/\/www.notibras.com\/site\/#website\",\"url\":\"https:\/\/www.notibras.com\/site\/\",\"name\":\"Notibras\",\"description\":\"Not\u00edcias de Bras\u00edlia, do Brasil e do Mundo\",\"publisher\":{\"@id\":\"https:\/\/www.notibras.com\/site\/#organization\"},\"potentialAction\":[{\"@type\":\"SearchAction\",\"target\":{\"@type\":\"EntryPoint\",\"urlTemplate\":\"https:\/\/www.notibras.com\/site\/?s={search_term_string}\"},\"query-input\":{\"@type\":\"PropertyValueSpecification\",\"valueRequired\":true,\"valueName\":\"search_term_string\"}}],\"inLanguage\":\"pt-BR\"},{\"@type\":\"Organization\",\"@id\":\"https:\/\/www.notibras.com\/site\/#organization\",\"name\":\"Grupo Notibras de Comunica\u00e7\u00e3o\",\"url\":\"https:\/\/www.notibras.com\/site\/\",\"logo\":{\"@type\":\"ImageObject\",\"inLanguage\":\"pt-BR\",\"@id\":\"https:\/\/www.notibras.com\/site\/#\/schema\/logo\/image\/\",\"url\":\"https:\/\/www.notibras.com\/site\/wp-content\/uploads\/2023\/01\/notibras23.png\",\"contentUrl\":\"https:\/\/www.notibras.com\/site\/wp-content\/uploads\/2023\/01\/notibras23.png\",\"width\":350,\"height\":87,\"caption\":\"Grupo Notibras de Comunica\u00e7\u00e3o\"},\"image\":{\"@id\":\"https:\/\/www.notibras.com\/site\/#\/schema\/logo\/image\/\"},\"sameAs\":[\"https:\/\/www.facebook.com\/notibras\/\",\"https:\/\/x.com\/Notibras\",\"https:\/\/www.instagram.com\/notibras\/\"]},{\"@type\":\"Person\",\"@id\":\"https:\/\/www.notibras.com\/site\/#\/schema\/person\/36ab0979449956132d3e5b517ea76ac8\",\"name\":\"Reda\u00e7\u00e3o\",\"image\":{\"@type\":\"ImageObject\",\"inLanguage\":\"pt-BR\",\"@id\":\"https:\/\/secure.gravatar.com\/avatar\/e0a867bdedb85fd243eadf09663511f96fc81e0720a4a42581f334ad4303aa6b?s=96&d=mm&r=g\",\"url\":\"https:\/\/secure.gravatar.com\/avatar\/e0a867bdedb85fd243eadf09663511f96fc81e0720a4a42581f334ad4303aa6b?s=96&d=mm&r=g\",\"contentUrl\":\"https:\/\/secure.gravatar.com\/avatar\/e0a867bdedb85fd243eadf09663511f96fc81e0720a4a42581f334ad4303aa6b?s=96&d=mm&r=g\",\"caption\":\"Reda\u00e7\u00e3o\"}}]}<\/script>\n<!-- \/ Yoast SEO plugin. -->","yoast_head_json":{"title":"A Entrevista, um besteirol que s\u00f3 faz rir quem n\u00e3o sabe viver - Notibras","robots":{"index":"index","follow":"follow","max-snippet":"max-snippet:-1","max-image-preview":"max-image-preview:large","max-video-preview":"max-video-preview:-1"},"canonical":"https:\/\/www.notibras.com\/site\/a-entrevista-um-besteirol-que-so-faz-rir-quem-nao-sabe-o-que-e-viver\/","og_locale":"pt_BR","og_type":"article","og_title":"A Entrevista, um besteirol que s\u00f3 faz rir quem n\u00e3o sabe viver - Notibras","og_description":"Causaria espanto se o conte\u00fado ins\u00edpido do filme A Entrevista pudesse, por si s\u00f3, de fato causar um incidente internacional grave entre a Coreia do Norte e os Estados Unidos. N\u00e3o \u00e9 surpresa que quase tenha se transformado num \u00edcone patri\u00f3tico, como amea\u00e7ou ocorrer. Se muito, A Entrevista entrar\u00e1 para a hist\u00f3ria como um daqueles [&hellip;]","og_url":"https:\/\/www.notibras.com\/site\/a-entrevista-um-besteirol-que-so-faz-rir-quem-nao-sabe-o-que-e-viver\/","og_site_name":"Notibras","article_publisher":"https:\/\/www.facebook.com\/notibras\/","article_published_time":"2015-01-28T02:46:06+00:00","article_modified_time":"2015-01-29T13:11:04+00:00","og_image":[{"width":648,"height":365,"url":"https:\/\/www.notibras.com\/site\/wp-content\/uploads\/2015\/01\/a-entrevista.jpg","type":"image\/jpeg"}],"author":"Reda\u00e7\u00e3o","twitter_card":"summary_large_image","twitter_creator":"@Notibras","twitter_site":"@Notibras","twitter_misc":{"Escrito por":"Reda\u00e7\u00e3o","Est. tempo de leitura":"5 minutos"},"schema":{"@context":"https:\/\/schema.org","@graph":[{"@type":"Article","@id":"https:\/\/www.notibras.com\/site\/a-entrevista-um-besteirol-que-so-faz-rir-quem-nao-sabe-o-que-e-viver\/#article","isPartOf":{"@id":"https:\/\/www.notibras.com\/site\/a-entrevista-um-besteirol-que-so-faz-rir-quem-nao-sabe-o-que-e-viver\/"},"author":{"name":"Reda\u00e7\u00e3o","@id":"https:\/\/www.notibras.com\/site\/#\/schema\/person\/36ab0979449956132d3e5b517ea76ac8"},"headline":"A Entrevista, um besteirol que s\u00f3 faz rir quem n\u00e3o sabe viver","datePublished":"2015-01-28T02:46:06+00:00","dateModified":"2015-01-29T13:11:04+00:00","mainEntityOfPage":{"@id":"https:\/\/www.notibras.com\/site\/a-entrevista-um-besteirol-que-so-faz-rir-quem-nao-sabe-o-que-e-viver\/"},"wordCount":939,"commentCount":0,"publisher":{"@id":"https:\/\/www.notibras.com\/site\/#organization"},"image":{"@id":"https:\/\/www.notibras.com\/site\/a-entrevista-um-besteirol-que-so-faz-rir-quem-nao-sabe-o-que-e-viver\/#primaryimage"},"thumbnailUrl":"https:\/\/www.notibras.com\/site\/wp-content\/uploads\/2015\/01\/a-entrevista.jpg","articleSection":["Opina a\u00ed"],"inLanguage":"pt-BR","potentialAction":[{"@type":"CommentAction","name":"Comment","target":["https:\/\/www.notibras.com\/site\/a-entrevista-um-besteirol-que-so-faz-rir-quem-nao-sabe-o-que-e-viver\/#respond"]}]},{"@type":"WebPage","@id":"https:\/\/www.notibras.com\/site\/a-entrevista-um-besteirol-que-so-faz-rir-quem-nao-sabe-o-que-e-viver\/","url":"https:\/\/www.notibras.com\/site\/a-entrevista-um-besteirol-que-so-faz-rir-quem-nao-sabe-o-que-e-viver\/","name":"A Entrevista, um besteirol que s\u00f3 faz rir quem n\u00e3o sabe viver - Notibras","isPartOf":{"@id":"https:\/\/www.notibras.com\/site\/#website"},"primaryImageOfPage":{"@id":"https:\/\/www.notibras.com\/site\/a-entrevista-um-besteirol-que-so-faz-rir-quem-nao-sabe-o-que-e-viver\/#primaryimage"},"image":{"@id":"https:\/\/www.notibras.com\/site\/a-entrevista-um-besteirol-que-so-faz-rir-quem-nao-sabe-o-que-e-viver\/#primaryimage"},"thumbnailUrl":"https:\/\/www.notibras.com\/site\/wp-content\/uploads\/2015\/01\/a-entrevista.jpg","datePublished":"2015-01-28T02:46:06+00:00","dateModified":"2015-01-29T13:11:04+00:00","breadcrumb":{"@id":"https:\/\/www.notibras.com\/site\/a-entrevista-um-besteirol-que-so-faz-rir-quem-nao-sabe-o-que-e-viver\/#breadcrumb"},"inLanguage":"pt-BR","potentialAction":[{"@type":"ReadAction","target":["https:\/\/www.notibras.com\/site\/a-entrevista-um-besteirol-que-so-faz-rir-quem-nao-sabe-o-que-e-viver\/"]}]},{"@type":"ImageObject","inLanguage":"pt-BR","@id":"https:\/\/www.notibras.com\/site\/a-entrevista-um-besteirol-que-so-faz-rir-quem-nao-sabe-o-que-e-viver\/#primaryimage","url":"https:\/\/www.notibras.com\/site\/wp-content\/uploads\/2015\/01\/a-entrevista.jpg","contentUrl":"https:\/\/www.notibras.com\/site\/wp-content\/uploads\/2015\/01\/a-entrevista.jpg","width":648,"height":365},{"@type":"BreadcrumbList","@id":"https:\/\/www.notibras.com\/site\/a-entrevista-um-besteirol-que-so-faz-rir-quem-nao-sabe-o-que-e-viver\/#breadcrumb","itemListElement":[{"@type":"ListItem","position":1,"name":"In\u00edcio","item":"https:\/\/www.notibras.com\/site\/"},{"@type":"ListItem","position":2,"name":"A Entrevista, um besteirol que s\u00f3 faz rir quem n\u00e3o sabe viver"}]},{"@type":"WebSite","@id":"https:\/\/www.notibras.com\/site\/#website","url":"https:\/\/www.notibras.com\/site\/","name":"Notibras","description":"Not\u00edcias de Bras\u00edlia, do Brasil e do Mundo","publisher":{"@id":"https:\/\/www.notibras.com\/site\/#organization"},"potentialAction":[{"@type":"SearchAction","target":{"@type":"EntryPoint","urlTemplate":"https:\/\/www.notibras.com\/site\/?s={search_term_string}"},"query-input":{"@type":"PropertyValueSpecification","valueRequired":true,"valueName":"search_term_string"}}],"inLanguage":"pt-BR"},{"@type":"Organization","@id":"https:\/\/www.notibras.com\/site\/#organization","name":"Grupo Notibras de Comunica\u00e7\u00e3o","url":"https:\/\/www.notibras.com\/site\/","logo":{"@type":"ImageObject","inLanguage":"pt-BR","@id":"https:\/\/www.notibras.com\/site\/#\/schema\/logo\/image\/","url":"https:\/\/www.notibras.com\/site\/wp-content\/uploads\/2023\/01\/notibras23.png","contentUrl":"https:\/\/www.notibras.com\/site\/wp-content\/uploads\/2023\/01\/notibras23.png","width":350,"height":87,"caption":"Grupo Notibras de Comunica\u00e7\u00e3o"},"image":{"@id":"https:\/\/www.notibras.com\/site\/#\/schema\/logo\/image\/"},"sameAs":["https:\/\/www.facebook.com\/notibras\/","https:\/\/x.com\/Notibras","https:\/\/www.instagram.com\/notibras\/"]},{"@type":"Person","@id":"https:\/\/www.notibras.com\/site\/#\/schema\/person\/36ab0979449956132d3e5b517ea76ac8","name":"Reda\u00e7\u00e3o","image":{"@type":"ImageObject","inLanguage":"pt-BR","@id":"https:\/\/secure.gravatar.com\/avatar\/e0a867bdedb85fd243eadf09663511f96fc81e0720a4a42581f334ad4303aa6b?s=96&d=mm&r=g","url":"https:\/\/secure.gravatar.com\/avatar\/e0a867bdedb85fd243eadf09663511f96fc81e0720a4a42581f334ad4303aa6b?s=96&d=mm&r=g","contentUrl":"https:\/\/secure.gravatar.com\/avatar\/e0a867bdedb85fd243eadf09663511f96fc81e0720a4a42581f334ad4303aa6b?s=96&d=mm&r=g","caption":"Reda\u00e7\u00e3o"}}]}},"amp_enabled":true,"_links":{"self":[{"href":"https:\/\/www.notibras.com\/site\/wp-json\/wp\/v2\/posts\/35191","targetHints":{"allow":["GET"]}}],"collection":[{"href":"https:\/\/www.notibras.com\/site\/wp-json\/wp\/v2\/posts"}],"about":[{"href":"https:\/\/www.notibras.com\/site\/wp-json\/wp\/v2\/types\/post"}],"author":[{"embeddable":true,"href":"https:\/\/www.notibras.com\/site\/wp-json\/wp\/v2\/users\/2"}],"replies":[{"embeddable":true,"href":"https:\/\/www.notibras.com\/site\/wp-json\/wp\/v2\/comments?post=35191"}],"version-history":[{"count":0,"href":"https:\/\/www.notibras.com\/site\/wp-json\/wp\/v2\/posts\/35191\/revisions"}],"wp:featuredmedia":[{"embeddable":true,"href":"https:\/\/www.notibras.com\/site\/wp-json\/wp\/v2\/media\/35192"}],"wp:attachment":[{"href":"https:\/\/www.notibras.com\/site\/wp-json\/wp\/v2\/media?parent=35191"}],"wp:term":[{"taxonomy":"category","embeddable":true,"href":"https:\/\/www.notibras.com\/site\/wp-json\/wp\/v2\/categories?post=35191"},{"taxonomy":"post_tag","embeddable":true,"href":"https:\/\/www.notibras.com\/site\/wp-json\/wp\/v2\/tags?post=35191"}],"curies":[{"name":"wp","href":"https:\/\/api.w.org\/{rel}","templated":true}]}}