{"id":351917,"date":"2025-04-14T00:00:31","date_gmt":"2025-04-14T03:00:31","guid":{"rendered":"https:\/\/www.notibras.com\/site\/?p=351917"},"modified":"2025-04-14T06:38:19","modified_gmt":"2025-04-14T09:38:19","slug":"vereadores-entram-em-acao-para-tentar-salvar-o-rio-gramame","status":"publish","type":"post","link":"https:\/\/www.notibras.com\/site\/vereadores-entram-em-acao-para-tentar-salvar-o-rio-gramame\/","title":{"rendered":"Vereadores entram em a\u00e7\u00e3o para tentar salvar o Rio Gramame"},"content":{"rendered":"<p>Os vereadores de Jo\u00e3o Pessoa est\u00e3o dando mais aten\u00e7\u00e3o ao Rio Gramame, alvo de assoreamento constante nos \u00faltimos anos. A quest\u00e3o deve envolver n\u00e3o apenas autoridades da capital paraibana, mas de outros munic\u00edpios, conforme alerta do vereador Marcos Henriques (PT). Para se ter uma ideia, sete cidades vizinhas s\u00e3o cortadas pelo rio. &#8220;O rio est\u00e1 agonizando e precisamos salv\u00e1-lo&#8221;, afirma o vereador.<\/p>\n<p>Marcos Henriques acrescenta ainda que estudos realizados por pesquisadores da Universidade Federal da Para\u00edba apontam sugest\u00f5es de pol\u00edticas ambientais para a prote\u00e7\u00e3o dos rios. &#8220;As sugest\u00f5es passam pela cria\u00e7\u00e3o de zonas livres de agrot\u00f3xicos e fertilizantes nas bacias do Rio Gramame, Mar\u00e9s e Ibaipopocas; recupera\u00e7\u00e3o da cobertura vegetal das bacias hidrogr\u00e1ficas utilizadas no abastecimento humano; aplica\u00e7\u00e3o do regramento do c\u00f3digo florestal e demais dispositivos legais que protegem as nascentes. N\u00e3o h\u00e1 justificativa para desobedecer \u00e0s legisla\u00e7\u00f5es ambientais e ainda comprometer a sa\u00fade de mais de um milh\u00e3o de pessoas&#8221;, defende.<\/p>\n<p>O vereador tamb\u00e9m destacou a necessidade de fortalecimento da Cagepa, ampliando os recursos humanos e a capacidade t\u00e9cnica, para possibilitar a detec\u00e7\u00e3o de poluentes e a experimenta\u00e7\u00e3o de m\u00e9todos de controle e mitiga\u00e7\u00e3o deles. &#8220;Precisamos fortalecer os \u00f3rg\u00e3os ambientais para conter a polui\u00e7\u00e3o industrial e urbana que vem transformando nossos Rios em canais de esgoto&#8221;, refor\u00e7ou.<\/p>\n<p>Ivanildo Santana, educador ambiental da Escola Viva Olho do Tempo, disse que s\u00e3o muitos os pedidos em rela\u00e7\u00e3o ao Rio Gramame, entre eles solu\u00e7\u00f5es para a polui\u00e7\u00e3o difusa e a polui\u00e7\u00e3o oriunda do Distrito Industrial. &#8220;Atrav\u00e9s dessas polui\u00e7\u00f5es, outras problem\u00e1ticas aparecem. Uma vez que os afluentes n\u00e3o s\u00e3o tratados, a polui\u00e7\u00e3o vai para o Rio in natura e s\u00e3o proliferados v\u00e1rios tipos de problemas. Um deles \u00e9 o nascimento de plantas bioindicadoras de polui\u00e7\u00e3o que se alastram, fechando o Rio e atrapalhando toda uma vida que existe nos arredores do manancial, sobretudo dos ribeirinhos, quilombolas e pescadores, que s\u00e3o impactados por essa polui\u00e7\u00e3o&#8221;, acrescentou.<\/p>\n<p>Para o vereador Milanez Neto (MDB), as pessoas est\u00e3o fazendo o papel que \u00e9 do poder p\u00fablico e n\u00e3o est\u00e1 sendo feito. &#8220;N\u00e3o estarmos cobrando a efic\u00e1cia das leis que j\u00e1 existem. N\u00f3s precisamos apenas cumprir a lei, n\u00e3o precisamos criar a roda, e sim, apenas colocar a roda para rodar. N\u00e3o podemos nos curvar para os grandes e sermos fortes apenas para os pequenos. Era para ser o inverso&#8221;, explicou.<\/p>\n<p>Marcos T\u00falio, representante do Movimento &#8216;Esgotei&#8217;, defendeu a educa\u00e7\u00e3o ambiental nas escolas como de fundamental import\u00e2ncia. &#8220;O Movimento Esgotei est\u00e1 tentando dar visibilidade a essa devasta\u00e7\u00e3o. Eu tenho muito respeito a essa comunidade Gramame, que tenta mostrar pra gente que o Rio est\u00e1 l\u00e1, se acabando, e onde n\u00f3s estamos?&#8221;, indagou.<\/p>\n<p>&#8220;\u00c9 preciso saber o papel de cada \u00f3rg\u00e3o. A Semam faz o licenciamento ambiental compartilhado com a Sudema. No licenciamento cada empreendimento \u00e9 obrigado a comprovar o acesso \u00e0 \u00e1gua e o lan\u00e7amento do efluente. \u00c9 verdade que em muitos casos acontece o extravasamento da solu\u00e7\u00e3o de efluentes e esse extravasamento acaba nas galerias, que vai acabar no Rio e no mar, fazendo com que a qualidade dos nossos rios e dos nossos mares fique comprometida. \u00c9 preciso que a gente estenda as a\u00e7\u00f5es realizadas para o Rio Jaguaribe tamb\u00e9m para os demais rios, como o Gramame, o Rio Cabelo, o Rio Laranjeiras, para todos eles, porque n\u00f3s temos ocupa\u00e7\u00f5es ao longo de todos. Essa \u00e9 uma pol\u00edtica que envolve o Governo Federal, Estadual e Municipal&#8221;, pontuou Welison Silveira, secret\u00e1rio de Meio Ambiente de Jo\u00e3o Pessoa.<\/p>\n","protected":false},"excerpt":{"rendered":"<p>Os vereadores de Jo\u00e3o Pessoa est\u00e3o dando mais aten\u00e7\u00e3o ao Rio Gramame, alvo de assoreamento constante nos \u00faltimos anos. A quest\u00e3o deve envolver n\u00e3o apenas autoridades da capital paraibana, mas de outros munic\u00edpios, conforme alerta do vereador Marcos Henriques (PT). Para se ter uma ideia, sete cidades vizinhas s\u00e3o cortadas pelo rio. &#8220;O rio est\u00e1 [&hellip;]<\/p>\n","protected":false},"author":2,"featured_media":351918,"comment_status":"closed","ping_status":"closed","sticky":false,"template":"","format":"standard","meta":{"_acf_changed":false,"footnotes":""},"categories":[165],"tags":[],"class_list":["post-351917","post","type-post","status-publish","format-standard","has-post-thumbnail","hentry","category-nordeste"],"acf":[],"_links":{"self":[{"href":"https:\/\/www.notibras.com\/site\/wp-json\/wp\/v2\/posts\/351917","targetHints":{"allow":["GET"]}}],"collection":[{"href":"https:\/\/www.notibras.com\/site\/wp-json\/wp\/v2\/posts"}],"about":[{"href":"https:\/\/www.notibras.com\/site\/wp-json\/wp\/v2\/types\/post"}],"author":[{"embeddable":true,"href":"https:\/\/www.notibras.com\/site\/wp-json\/wp\/v2\/users\/2"}],"replies":[{"embeddable":true,"href":"https:\/\/www.notibras.com\/site\/wp-json\/wp\/v2\/comments?post=351917"}],"version-history":[{"count":1,"href":"https:\/\/www.notibras.com\/site\/wp-json\/wp\/v2\/posts\/351917\/revisions"}],"predecessor-version":[{"id":351919,"href":"https:\/\/www.notibras.com\/site\/wp-json\/wp\/v2\/posts\/351917\/revisions\/351919"}],"wp:featuredmedia":[{"embeddable":true,"href":"https:\/\/www.notibras.com\/site\/wp-json\/wp\/v2\/media\/351918"}],"wp:attachment":[{"href":"https:\/\/www.notibras.com\/site\/wp-json\/wp\/v2\/media?parent=351917"}],"wp:term":[{"taxonomy":"category","embeddable":true,"href":"https:\/\/www.notibras.com\/site\/wp-json\/wp\/v2\/categories?post=351917"},{"taxonomy":"post_tag","embeddable":true,"href":"https:\/\/www.notibras.com\/site\/wp-json\/wp\/v2\/tags?post=351917"}],"curies":[{"name":"wp","href":"https:\/\/api.w.org\/{rel}","templated":true}]}}