{"id":351921,"date":"2025-04-14T00:01:16","date_gmt":"2025-04-14T03:01:16","guid":{"rendered":"https:\/\/www.notibras.com\/site\/?p=351921"},"modified":"2025-04-14T06:56:55","modified_gmt":"2025-04-14T09:56:55","slug":"estudante-de-19-anos-morre-apos-ser-atingida-por-bala-perdida","status":"publish","type":"post","link":"https:\/\/www.notibras.com\/site\/estudante-de-19-anos-morre-apos-ser-atingida-por-bala-perdida\/","title":{"rendered":"Estudante de 19 anos morre ap\u00f3s ser atingida por bala perdida"},"content":{"rendered":"<p>Uma jovem de 19 anos morreu na tarde deste domingo (13), ap\u00f3s ser atingida por uma bala perdida durante um tiroteio entre policiais militares e suspeitos no bairro da Engomadeira, em Salvador.<\/p>\n<p>De acordo com a Pol\u00edcia Militar, o confronto come\u00e7ou quando agentes realizavam rondas na regi\u00e3o do final de linha do bairro e teriam sido recebidos a tiros por homens armados ao se aproximarem em uma viatura. Houve revide, e durante a persegui\u00e7\u00e3o, a estudante foi encontrada ferida em um beco. Ela chegou a ser socorrida pelos pr\u00f3prios policiais e encaminhada ao Hospital Geral Roberto Santos (HGRS), mas n\u00e3o resistiu aos ferimentos.<\/p>\n<p>Ap\u00f3s a trag\u00e9dia, moradores organizaram um protesto na Estrada das Barreiras, via que d\u00e1 acesso \u00e0 Engomadeira. Em ato de revolta, manifestantes incendiaram objetos na pista e interceptaram dois \u00f4nibus do transporte coletivo, esvaziando os ve\u00edculos e atravessando-os na via. Os coletivos faziam as linhas 1249 (Jardim Santo In\u00e1cio x Iguatemi) e 1211 (Tancredo Neves \/ Terminal Acesso Norte x Barra). N\u00e3o houve registro de feridos na a\u00e7\u00e3o.<\/p>\n<p>Policiais e bombeiros foram acionados para conter as chamas e liberar a via, o que s\u00f3 ocorreu no in\u00edcio da noite. Por medida de seguran\u00e7a, os \u00f4nibus deixaram de circular na regi\u00e3o temporariamente.<\/p>\n<p>Pouco depois, um novo protesto voltou a provocar tens\u00e3o. Desta vez, a Pol\u00edcia Militar interveio com escudos, bombas de efeito moral e balas de borracha. Imagens que circularam nas redes sociais mostram manifestantes correndo ap\u00f3s a a\u00e7\u00e3o da pol\u00edcia.\u200b<\/p>\n","protected":false},"excerpt":{"rendered":"<p>Uma jovem de 19 anos morreu na tarde deste domingo (13), ap\u00f3s ser atingida por uma bala perdida durante um tiroteio entre policiais militares e suspeitos no bairro da Engomadeira, em Salvador. De acordo com a Pol\u00edcia Militar, o confronto come\u00e7ou quando agentes realizavam rondas na regi\u00e3o do final de linha do bairro e teriam [&hellip;]<\/p>\n","protected":false},"author":2,"featured_media":351922,"comment_status":"closed","ping_status":"closed","sticky":false,"template":"","format":"standard","meta":{"_acf_changed":false,"footnotes":""},"categories":[165],"tags":[],"class_list":["post-351921","post","type-post","status-publish","format-standard","has-post-thumbnail","hentry","category-nordeste"],"acf":[],"_links":{"self":[{"href":"https:\/\/www.notibras.com\/site\/wp-json\/wp\/v2\/posts\/351921","targetHints":{"allow":["GET"]}}],"collection":[{"href":"https:\/\/www.notibras.com\/site\/wp-json\/wp\/v2\/posts"}],"about":[{"href":"https:\/\/www.notibras.com\/site\/wp-json\/wp\/v2\/types\/post"}],"author":[{"embeddable":true,"href":"https:\/\/www.notibras.com\/site\/wp-json\/wp\/v2\/users\/2"}],"replies":[{"embeddable":true,"href":"https:\/\/www.notibras.com\/site\/wp-json\/wp\/v2\/comments?post=351921"}],"version-history":[{"count":1,"href":"https:\/\/www.notibras.com\/site\/wp-json\/wp\/v2\/posts\/351921\/revisions"}],"predecessor-version":[{"id":351923,"href":"https:\/\/www.notibras.com\/site\/wp-json\/wp\/v2\/posts\/351921\/revisions\/351923"}],"wp:featuredmedia":[{"embeddable":true,"href":"https:\/\/www.notibras.com\/site\/wp-json\/wp\/v2\/media\/351922"}],"wp:attachment":[{"href":"https:\/\/www.notibras.com\/site\/wp-json\/wp\/v2\/media?parent=351921"}],"wp:term":[{"taxonomy":"category","embeddable":true,"href":"https:\/\/www.notibras.com\/site\/wp-json\/wp\/v2\/categories?post=351921"},{"taxonomy":"post_tag","embeddable":true,"href":"https:\/\/www.notibras.com\/site\/wp-json\/wp\/v2\/tags?post=351921"}],"curies":[{"name":"wp","href":"https:\/\/api.w.org\/{rel}","templated":true}]}}