{"id":351924,"date":"2025-04-14T00:02:07","date_gmt":"2025-04-14T03:02:07","guid":{"rendered":"https:\/\/www.notibras.com\/site\/?p=351924"},"modified":"2025-04-14T07:06:18","modified_gmt":"2025-04-14T10:06:18","slug":"menina-de-8-anos-morre-ao-inalar-desodorante-em-desafio-da-internet","status":"publish","type":"post","link":"https:\/\/www.notibras.com\/site\/menina-de-8-anos-morre-ao-inalar-desodorante-em-desafio-da-internet\/","title":{"rendered":"Menina de 8 anos morre ao inalar desodorante em desafio da internet"},"content":{"rendered":"<p>Sarah Raissa Pereira de Castro, uma menina de 8 anos, faleceu ap\u00f3s inalar desodorante aerossol no Distrito Federal. O \u00f3bito foi oficialmente declarado neste domingo (13), no Hospital Regional de Ceil\u00e2ndia (HRC).<\/p>\n<p>De acordo com a Pol\u00edcia Civil do Distrito Federal (PCDF), a crian\u00e7a deu entrada na unidade de sa\u00fade no dia 10 de abril, ap\u00f3s sofrer uma parada cardiorrespirat\u00f3ria.<\/p>\n<p>Sarah chegou a ser reanimada por cerca de 60 minutos, mas n\u00e3o apresentou reflexos. A morte cerebral foi constatada ainda no mesmo dia. Ap\u00f3s a realiza\u00e7\u00e3o de exames complementares, a morte foi confirmada neste domingo.<\/p>\n<p>O caso est\u00e1 sendo investigado pela 15\u00aa Delegacia de Pol\u00edcia. O delegado respons\u00e1vel, Ataliba Neto, informou que foi instaurado um inqu\u00e9rito para apurar as circunst\u00e2ncias da trag\u00e9dia e identificar os respons\u00e1veis pela divulga\u00e7\u00e3o do chamado \u201cdesafio do desodorante\u201d nas redes sociais.<\/p>\n<p>Segundo relato de uma tia da v\u00edtima, Sarah teria participado desse desafio virtual, que incentiva crian\u00e7as e adolescentes a inalar o conte\u00fado de desodorantes em spray pelo maior tempo poss\u00edvel \u2014 muitas vezes enquanto gravam v\u00eddeos que s\u00e3o compartilhados e acumulam milhares de visualiza\u00e7\u00f5es online.<\/p>\n<p>As autoridades alertam para os riscos desse tipo de conte\u00fado, que circula amplamente na internet, e refor\u00e7am a import\u00e2ncia da supervis\u00e3o e orienta\u00e7\u00e3o por parte de pais e respons\u00e1veis.<\/p>\n","protected":false},"excerpt":{"rendered":"<p>Sarah Raissa Pereira de Castro, uma menina de 8 anos, faleceu ap\u00f3s inalar desodorante aerossol no Distrito Federal. O \u00f3bito foi oficialmente declarado neste domingo (13), no Hospital Regional de Ceil\u00e2ndia (HRC). De acordo com a Pol\u00edcia Civil do Distrito Federal (PCDF), a crian\u00e7a deu entrada na unidade de sa\u00fade no dia 10 de abril, [&hellip;]<\/p>\n","protected":false},"author":2,"featured_media":351925,"comment_status":"closed","ping_status":"closed","sticky":false,"template":"","format":"standard","meta":{"_acf_changed":false,"footnotes":""},"categories":[161],"tags":[],"class_list":["post-351924","post","type-post","status-publish","format-standard","has-post-thumbnail","hentry","category-quadradinho-em-foco"],"acf":[],"_links":{"self":[{"href":"https:\/\/www.notibras.com\/site\/wp-json\/wp\/v2\/posts\/351924","targetHints":{"allow":["GET"]}}],"collection":[{"href":"https:\/\/www.notibras.com\/site\/wp-json\/wp\/v2\/posts"}],"about":[{"href":"https:\/\/www.notibras.com\/site\/wp-json\/wp\/v2\/types\/post"}],"author":[{"embeddable":true,"href":"https:\/\/www.notibras.com\/site\/wp-json\/wp\/v2\/users\/2"}],"replies":[{"embeddable":true,"href":"https:\/\/www.notibras.com\/site\/wp-json\/wp\/v2\/comments?post=351924"}],"version-history":[{"count":1,"href":"https:\/\/www.notibras.com\/site\/wp-json\/wp\/v2\/posts\/351924\/revisions"}],"predecessor-version":[{"id":351926,"href":"https:\/\/www.notibras.com\/site\/wp-json\/wp\/v2\/posts\/351924\/revisions\/351926"}],"wp:featuredmedia":[{"embeddable":true,"href":"https:\/\/www.notibras.com\/site\/wp-json\/wp\/v2\/media\/351925"}],"wp:attachment":[{"href":"https:\/\/www.notibras.com\/site\/wp-json\/wp\/v2\/media?parent=351924"}],"wp:term":[{"taxonomy":"category","embeddable":true,"href":"https:\/\/www.notibras.com\/site\/wp-json\/wp\/v2\/categories?post=351924"},{"taxonomy":"post_tag","embeddable":true,"href":"https:\/\/www.notibras.com\/site\/wp-json\/wp\/v2\/tags?post=351924"}],"curies":[{"name":"wp","href":"https:\/\/api.w.org\/{rel}","templated":true}]}}