{"id":351927,"date":"2025-04-14T00:00:46","date_gmt":"2025-04-14T03:00:46","guid":{"rendered":"https:\/\/www.notibras.com\/site\/?p=351927"},"modified":"2025-04-14T07:14:37","modified_gmt":"2025-04-14T10:14:37","slug":"agencias-do-trabalhador-comecam-semana-com-900-vagas-de-emprego","status":"publish","type":"post","link":"https:\/\/www.notibras.com\/site\/agencias-do-trabalhador-comecam-semana-com-900-vagas-de-emprego\/","title":{"rendered":"Ag\u00eancias do trabalhador come\u00e7am semana com 900 vagas de emprego"},"content":{"rendered":"<p>As ag\u00eancias do trabalhador do Distrito Federal oferecem, nesta segunda-feira (14), 964 vagas para quem procura um emprego. H\u00e1 posi\u00e7\u00f5es para candidatos de diferentes n\u00edveis de escolaridade, com e sem experi\u00eancia. Os sal\u00e1rios chegam a R$ 3,8 mil.<\/p>\n<p>Do total de vagas, 17 s\u00e3o destinadas a Pessoas com Defici\u00eancia (PcDs), para os cargos de auxiliar de cozinha e de estoquista. As oportunidades est\u00e3o distribu\u00eddas nas regi\u00f5es da Zona Industrial Guar\u00e1, Asa Norte, Vicente Pires e \u00c1guas Claras, com sal\u00e1rio m\u00e9dio de R$ 1,6 mil.<\/p>\n<p>Para Jovem Aprendiz s\u00e3o ofertadas 10 vagas no cargo de auxiliar administrativo, com um sal\u00e1rio de R$ 800, al\u00e9m de benef\u00edcios. A oportunidade requer ensino m\u00e9dio completo, sem exig\u00eancia de experi\u00eancia na \u00e1rea.<\/p>\n<p>O cargo com mais oportunidades abertas \u00e9 o de servente de obras, em S\u00e3o Sebasti\u00e3o. S\u00e3o 121 vagas, com sal\u00e1rio de R$ 1.518. Os candidatos precisam ter ensino fundamental completo, mas n\u00e3o \u00e9 cobrada experi\u00eancia.<\/p>\n<p>Para participar dos processos seletivos, basta cadastrar o curr\u00edculo no aplicativo da Carteira de Trabalho Digital (CTPS) ou ir a uma das 14 ag\u00eancias do trabalhador, das 8h \u00e0s 17h, durante a semana. Mesmo que nenhuma das oportunidades do dia seja atraente ao candidato, o cadastro vale para oportunidades futuras, j\u00e1 que o sistema cruza dados dos concorrentes com o perfil que as empresas procuram.<\/p>\n<p>Empregadores e empreendedores que desejem ofertar vagas ou utilizar o espa\u00e7o das Ag\u00eancias do Trabalhador para as entrevistas podem se cadastrar pessoalmente nas unidades ou pelo e-mail gcv@sedet.df.gov.br. Pode ser utilizado, ainda, o Canal do Empregador, no site da Secretaria de Desenvolvimento Econ\u00f4mico, Trabalho e Renda (Sedet).<\/p>\n","protected":false},"excerpt":{"rendered":"<p>As ag\u00eancias do trabalhador do Distrito Federal oferecem, nesta segunda-feira (14), 964 vagas para quem procura um emprego. H\u00e1 posi\u00e7\u00f5es para candidatos de diferentes n\u00edveis de escolaridade, com e sem experi\u00eancia. Os sal\u00e1rios chegam a R$ 3,8 mil. Do total de vagas, 17 s\u00e3o destinadas a Pessoas com Defici\u00eancia (PcDs), para os cargos de auxiliar [&hellip;]<\/p>\n","protected":false},"author":2,"featured_media":325588,"comment_status":"closed","ping_status":"closed","sticky":false,"template":"","format":"standard","meta":{"_acf_changed":false,"footnotes":""},"categories":[161],"tags":[],"class_list":["post-351927","post","type-post","status-publish","format-standard","has-post-thumbnail","hentry","category-quadradinho-em-foco"],"acf":[],"_links":{"self":[{"href":"https:\/\/www.notibras.com\/site\/wp-json\/wp\/v2\/posts\/351927","targetHints":{"allow":["GET"]}}],"collection":[{"href":"https:\/\/www.notibras.com\/site\/wp-json\/wp\/v2\/posts"}],"about":[{"href":"https:\/\/www.notibras.com\/site\/wp-json\/wp\/v2\/types\/post"}],"author":[{"embeddable":true,"href":"https:\/\/www.notibras.com\/site\/wp-json\/wp\/v2\/users\/2"}],"replies":[{"embeddable":true,"href":"https:\/\/www.notibras.com\/site\/wp-json\/wp\/v2\/comments?post=351927"}],"version-history":[{"count":1,"href":"https:\/\/www.notibras.com\/site\/wp-json\/wp\/v2\/posts\/351927\/revisions"}],"predecessor-version":[{"id":351928,"href":"https:\/\/www.notibras.com\/site\/wp-json\/wp\/v2\/posts\/351927\/revisions\/351928"}],"wp:featuredmedia":[{"embeddable":true,"href":"https:\/\/www.notibras.com\/site\/wp-json\/wp\/v2\/media\/325588"}],"wp:attachment":[{"href":"https:\/\/www.notibras.com\/site\/wp-json\/wp\/v2\/media?parent=351927"}],"wp:term":[{"taxonomy":"category","embeddable":true,"href":"https:\/\/www.notibras.com\/site\/wp-json\/wp\/v2\/categories?post=351927"},{"taxonomy":"post_tag","embeddable":true,"href":"https:\/\/www.notibras.com\/site\/wp-json\/wp\/v2\/tags?post=351927"}],"curies":[{"name":"wp","href":"https:\/\/api.w.org\/{rel}","templated":true}]}}