{"id":351929,"date":"2025-04-14T00:19:59","date_gmt":"2025-04-14T03:19:59","guid":{"rendered":"https:\/\/www.notibras.com\/site\/?p=351929"},"modified":"2025-04-14T07:21:58","modified_gmt":"2025-04-14T10:21:58","slug":"comeca-prazo-para-pedir-isencao-da-taxa-de-inscricao-no-enem","status":"publish","type":"post","link":"https:\/\/www.notibras.com\/site\/comeca-prazo-para-pedir-isencao-da-taxa-de-inscricao-no-enem\/","title":{"rendered":"Come\u00e7a prazo para pedir isen\u00e7\u00e3o da taxa de inscri\u00e7\u00e3o no Enem"},"content":{"rendered":"<p>O per\u00edodo para solicitar a isen\u00e7\u00e3o da taxa de inscri\u00e7\u00e3o no Exame Nacional do Ensino M\u00e9dio (Enem) de 2025 ser\u00e1 entre 14 e 25 de abril.<\/p>\n<p>A isen\u00e7\u00e3o da taxa de inscri\u00e7\u00e3o deve ser solicitada exclusivamente pela P\u00e1gina do Participante, com o login \u00fanico do portal de servi\u00e7os do governo federal, o Gov.br.<\/p>\n<p>Para solicitar a isen\u00e7\u00e3o de pagamento da taxa de inscri\u00e7\u00e3o para o Enem 2025, o participante deve informar o n\u00famero de seu Cadastro de Pessoa F\u00edsica (CPF) e a data de nascimento. Os dados pessoais devem ser iguais aos cadastrados na Receita Federal.<\/p>\n<p><strong>Quem pode pedir a isen\u00e7\u00e3o<\/strong><br \/>\nO Instituto Nacional de Estudos e Pesquisas Educacionais An\u00edsio Teixeira (Inep) prev\u00ea a gratuidade para:<\/p>\n<p>Matriculados no 3\u00ba ano do ensino m\u00e9dio em escola p\u00fablica (em 2025), em qualquer modalidade de ensino (regular ou educa\u00e7\u00e3o de jovens e adultos &#8211; EJA);<\/p>\n<p>Estudantes que cursaram todo o ensino m\u00e9dio em escola p\u00fablica ou como bolsista integral em escola privada;<\/p>\n<p>Estudantes com renda mensal igual ou inferior a um sal\u00e1rio m\u00ednimo e meio (R$ 2.277, em 2025);<\/p>\n<p>Pessoas em situa\u00e7\u00e3o de vulnerabilidade socioecon\u00f4mica com registro ativo no Cadastro \u00danico para Programas Sociais (Cad\u00danico) do governo federal.<\/p>\n<p>Participantes do programa P\u00e9-de-Meia, do Minist\u00e9rio da Educa\u00e7\u00e3o (MEC).<\/p>\n<p>Baseado nesta lista, os candidatos dever\u00e3o comprovar o cumprimento dos requisitos para conseguir a isen\u00e7\u00e3o da taxa de inscri\u00e7\u00e3o no Enem.<\/p>\n<p>Os documentos aceitos para a solicita\u00e7\u00e3o da gratuidade est\u00e3o descritos no Anexo II do edital. Entre eles, a declara\u00e7\u00e3o escolar que comprove estar cursando a \u00faltima s\u00e9rie do ensino m\u00e9dio em 2025, na rede p\u00fablica; e comprovante da renda declarada.<\/p>\n<p><strong>Justificativa de aus\u00eancia<\/strong><br \/>\nO candidato que teve a gratuidade da taxa de inscri\u00e7\u00e3o do Enem do ano passado, mas n\u00e3o compareceu a um ou dois dias de provas, na edi\u00e7\u00e3o de 2024, e ainda quer participar da edi\u00e7\u00e3o de 2025 gratuitamente ter\u00e1 que justificar a aus\u00eancia.<\/p>\n<p>De acordo com o edital, o prazo para fazer a justificativa ser\u00e1 o mesmo do pedido de isen\u00e7\u00e3o da taxa de inscri\u00e7\u00e3o: de 14 at\u00e9 as 23h59 de 25 de abril.<\/p>\n<p>A justificativa de aus\u00eancia no Enem 2024 \u00e9 realizada no mesmo sistema de solicita\u00e7\u00e3o de isen\u00e7\u00e3o da taxa de inscri\u00e7\u00e3o, a P\u00e1gina do Participante.<\/p>\n<p>O Inep avisa que n\u00e3o ser\u00e3o aceitos documentos autodeclarat\u00f3rios ou emitidos por pais ou respons\u00e1veis do candidato.<\/p>\n<p><strong>Cronograma<\/strong><br \/>\nEm 12 de maio, o Inep ir\u00e1 divulgar os resultados das solicita\u00e7\u00f5es de isen\u00e7\u00e3o da taxa e, tamb\u00e9m, se foram aceitas as justificativas de aus\u00eancia em 2024 para nova gratuidade.<\/p>\n<p>O per\u00edodo de recursos ser\u00e1 entre 12 a 16 de maio. O resultado dos recursos sair\u00e1 em 22 de maio.<\/p>\n<p>Somente ap\u00f3s este cronograma, o MEC abrir\u00e1 o per\u00edodo oficial de inscri\u00e7\u00f5es na edi\u00e7\u00e3o deste ano do Enem. Ainda ser\u00e1 publicado um edital espec\u00edfico com as datas e regras.<\/p>\n<p><strong>Enem<\/strong><br \/>\nInstitu\u00eddo em 1998, o Exame Nacional do Ensino M\u00e9dio avalia anualmente o desempenho escolar dos estudantes ao t\u00e9rmino do ensino m\u00e9dio. Os participantes que ainda n\u00e3o conclu\u00edram o ensino m\u00e9dio podem participar como treineiros, e os resultados obtidos no exame servem somente para autoavalia\u00e7\u00e3o de conhecimentos.<\/p>\n<p>As notas do Enem podem ser usadas em processos seletivos coordenados pelo Minist\u00e9rio da Educa\u00e7\u00e3o, como Sistema de Sele\u00e7\u00e3o Unificada (Sisu), o Programa Universidade para Todos (ProUni) e o Fundo de Financiamento ao Estudante do Ensino Superior (Fies) do governo federal.<\/p>\n<p>O desempenho no Enem tamb\u00e9m \u00e9 considerado para ingresso em institui\u00e7\u00f5es de educa\u00e7\u00e3o superior de Portugal que t\u00eam acordo com o Inep. Os acordos garantem acesso facilitado \u00e0s notas dos estudantes brasileiros interessados em cursar a educa\u00e7\u00e3o superior naquele pa\u00eds.<\/p>\n<p>O exame tamb\u00e9m \u00e9 aplicado a pessoas privadas de liberdade ou sob medidas socioeducativas, em datas diferentes do Enem regular.<\/p>\n","protected":false},"excerpt":{"rendered":"<p>O per\u00edodo para solicitar a isen\u00e7\u00e3o da taxa de inscri\u00e7\u00e3o no Exame Nacional do Ensino M\u00e9dio (Enem) de 2025 ser\u00e1 entre 14 e 25 de abril. A isen\u00e7\u00e3o da taxa de inscri\u00e7\u00e3o deve ser solicitada exclusivamente pela P\u00e1gina do Participante, com o login \u00fanico do portal de servi\u00e7os do governo federal, o Gov.br. Para solicitar [&hellip;]<\/p>\n","protected":false},"author":2,"featured_media":351930,"comment_status":"closed","ping_status":"closed","sticky":false,"template":"","format":"standard","meta":{"_acf_changed":false,"footnotes":""},"categories":[161],"tags":[],"class_list":["post-351929","post","type-post","status-publish","format-standard","has-post-thumbnail","hentry","category-quadradinho-em-foco"],"acf":[],"_links":{"self":[{"href":"https:\/\/www.notibras.com\/site\/wp-json\/wp\/v2\/posts\/351929","targetHints":{"allow":["GET"]}}],"collection":[{"href":"https:\/\/www.notibras.com\/site\/wp-json\/wp\/v2\/posts"}],"about":[{"href":"https:\/\/www.notibras.com\/site\/wp-json\/wp\/v2\/types\/post"}],"author":[{"embeddable":true,"href":"https:\/\/www.notibras.com\/site\/wp-json\/wp\/v2\/users\/2"}],"replies":[{"embeddable":true,"href":"https:\/\/www.notibras.com\/site\/wp-json\/wp\/v2\/comments?post=351929"}],"version-history":[{"count":1,"href":"https:\/\/www.notibras.com\/site\/wp-json\/wp\/v2\/posts\/351929\/revisions"}],"predecessor-version":[{"id":351931,"href":"https:\/\/www.notibras.com\/site\/wp-json\/wp\/v2\/posts\/351929\/revisions\/351931"}],"wp:featuredmedia":[{"embeddable":true,"href":"https:\/\/www.notibras.com\/site\/wp-json\/wp\/v2\/media\/351930"}],"wp:attachment":[{"href":"https:\/\/www.notibras.com\/site\/wp-json\/wp\/v2\/media?parent=351929"}],"wp:term":[{"taxonomy":"category","embeddable":true,"href":"https:\/\/www.notibras.com\/site\/wp-json\/wp\/v2\/categories?post=351929"},{"taxonomy":"post_tag","embeddable":true,"href":"https:\/\/www.notibras.com\/site\/wp-json\/wp\/v2\/tags?post=351929"}],"curies":[{"name":"wp","href":"https:\/\/api.w.org\/{rel}","templated":true}]}}