{"id":352028,"date":"2025-04-15T00:19:35","date_gmt":"2025-04-15T03:19:35","guid":{"rendered":"https:\/\/www.notibras.com\/site\/?p=352028"},"modified":"2025-04-15T07:22:23","modified_gmt":"2025-04-15T10:22:23","slug":"homem-e-executado-a-tiros-e-crime-e-registrado-por-camera","status":"publish","type":"post","link":"https:\/\/www.notibras.com\/site\/homem-e-executado-a-tiros-e-crime-e-registrado-por-camera\/","title":{"rendered":"Homem \u00e9 executado a tiros e crime \u00e9 registrado por c\u00e2mera"},"content":{"rendered":"<p>Um homem foi morto a tiros no bairro de Cruz das Almas, em Macei\u00f3. O homic\u00eddio, que chocou moradores da regi\u00e3o, foi registrado por uma c\u00e2mera de seguran\u00e7a e mostra o momento exato em que a v\u00edtima \u00e9 surpreendida por um atirador encapuzado e usando capacete.<\/p>\n<p>Nas imagens, a v\u00edtima caminha tranquilamente pela rua quando percebe a aproxima\u00e7\u00e3o do agressor. Em um tom de incredulidade, ele ainda questiona: \u201cVai me matar \u00e9?\u201d, segundos antes de ser alvejado. Os disparos s\u00e3o fatais, e o homem cai imediatamente no ch\u00e3o, aparentemente j\u00e1 sem vida.<\/p>\n<p>Logo ap\u00f3s os tiros, duas mulheres correm desesperadas em dire\u00e7\u00e3o ao corpo e entram em p\u00e2nico ao constatarem a gravidade da situa\u00e7\u00e3o. O suspeito fugiu do local logo ap\u00f3s o crime e, at\u00e9 o momento, n\u00e3o foi localizado.<\/p>\n<p>A identidade da v\u00edtima ainda n\u00e3o foi confirmada oficialmente pelas autoridades. No entanto, informa\u00e7\u00f5es preliminares indicam que ele j\u00e1 teria passagens pelo sistema prisional.<\/p>\n<p>A Delegacia de Homic\u00eddios e Prote\u00e7\u00e3o \u00e0 Pessoa (DHPP) j\u00e1 iniciou as investiga\u00e7\u00f5es. O v\u00eddeo que flagrou o assassinato ser\u00e1 analisado pelas equipes como parte do inqu\u00e9rito policial. A principal linha de apura\u00e7\u00e3o, no momento, busca identificar o autor dos disparos e esclarecer a motiva\u00e7\u00e3o do crime.<\/p>\n<p>\u201cO trabalho de campo j\u00e1 est\u00e1 em andamento, com nossas equipes coletando informa\u00e7\u00f5es sobre os poss\u00edveis autores e a causa do homic\u00eddio. Refor\u00e7amos a import\u00e2ncia da colabora\u00e7\u00e3o da popula\u00e7\u00e3o, que pode repassar qualquer dado, de forma an\u00f4nima, pelo Disque Den\u00fancia. Todas as informa\u00e7\u00f5es s\u00e3o tratadas com sigilo absoluto\u201d, afirmou o delegado Eduardo Guerra, respons\u00e1vel pela investiga\u00e7\u00e3o.<\/p>\n<p>A Pol\u00edcia Civil segue empenhada na elucida\u00e7\u00e3o do caso.<\/p>\n","protected":false},"excerpt":{"rendered":"<p>Um homem foi morto a tiros no bairro de Cruz das Almas, em Macei\u00f3. O homic\u00eddio, que chocou moradores da regi\u00e3o, foi registrado por uma c\u00e2mera de seguran\u00e7a e mostra o momento exato em que a v\u00edtima \u00e9 surpreendida por um atirador encapuzado e usando capacete. Nas imagens, a v\u00edtima caminha tranquilamente pela rua quando [&hellip;]<\/p>\n","protected":false},"author":2,"featured_media":352029,"comment_status":"closed","ping_status":"closed","sticky":false,"template":"","format":"standard","meta":{"_acf_changed":false,"footnotes":""},"categories":[165],"tags":[],"class_list":["post-352028","post","type-post","status-publish","format-standard","has-post-thumbnail","hentry","category-nordeste"],"acf":[],"_links":{"self":[{"href":"https:\/\/www.notibras.com\/site\/wp-json\/wp\/v2\/posts\/352028","targetHints":{"allow":["GET"]}}],"collection":[{"href":"https:\/\/www.notibras.com\/site\/wp-json\/wp\/v2\/posts"}],"about":[{"href":"https:\/\/www.notibras.com\/site\/wp-json\/wp\/v2\/types\/post"}],"author":[{"embeddable":true,"href":"https:\/\/www.notibras.com\/site\/wp-json\/wp\/v2\/users\/2"}],"replies":[{"embeddable":true,"href":"https:\/\/www.notibras.com\/site\/wp-json\/wp\/v2\/comments?post=352028"}],"version-history":[{"count":1,"href":"https:\/\/www.notibras.com\/site\/wp-json\/wp\/v2\/posts\/352028\/revisions"}],"predecessor-version":[{"id":352030,"href":"https:\/\/www.notibras.com\/site\/wp-json\/wp\/v2\/posts\/352028\/revisions\/352030"}],"wp:featuredmedia":[{"embeddable":true,"href":"https:\/\/www.notibras.com\/site\/wp-json\/wp\/v2\/media\/352029"}],"wp:attachment":[{"href":"https:\/\/www.notibras.com\/site\/wp-json\/wp\/v2\/media?parent=352028"}],"wp:term":[{"taxonomy":"category","embeddable":true,"href":"https:\/\/www.notibras.com\/site\/wp-json\/wp\/v2\/categories?post=352028"},{"taxonomy":"post_tag","embeddable":true,"href":"https:\/\/www.notibras.com\/site\/wp-json\/wp\/v2\/tags?post=352028"}],"curies":[{"name":"wp","href":"https:\/\/api.w.org\/{rel}","templated":true}]}}