{"id":352031,"date":"2025-04-15T00:00:16","date_gmt":"2025-04-15T03:00:16","guid":{"rendered":"https:\/\/www.notibras.com\/site\/?p=352031"},"modified":"2025-04-15T07:29:27","modified_gmt":"2025-04-15T10:29:27","slug":"policia-prende-suspeito-de-integrar-esquema-de-piramide-financeira","status":"publish","type":"post","link":"https:\/\/www.notibras.com\/site\/policia-prende-suspeito-de-integrar-esquema-de-piramide-financeira\/","title":{"rendered":"Pol\u00edcia prende suspeito de integrar esquema de pir\u00e2mide financeira"},"content":{"rendered":"<p>Um homem de 42 anos, natural de Parauapebas (PA), foi preso na tarde desta segunda-feira (14) no bairro Promorar, na Zona Sul de Teresina. A pris\u00e3o foi resultado da segunda fase da Opera\u00e7\u00e3o Pir\u00e2mide de Areia, deflagrada pela Pol\u00edcia Civil do Par\u00e1 com apoio da Pol\u00edcia Civil do Piau\u00ed.<\/p>\n<p>De acordo com o diretor da Diretoria de Opera\u00e7\u00f5es de Tr\u00e2nsito (DOT), Fernando Arag\u00e3o, contra o suspeito havia um mandado de pris\u00e3o preventiva em aberto. Ele foi localizado escondido na casa de um tio-av\u00f4.<\/p>\n<p>A investiga\u00e7\u00e3o apura o funcionamento de um suposto esquema de pir\u00e2mide financeira, que atra\u00eda v\u00edtimas com promessas de retorno financeiro dobrado. \u201cEles diziam que o dinheiro investido seria multiplicado, mas boa parte das v\u00edtimas nunca viu esse retorno. Em Parauapebas e cidades vizinhas, mais de 5 mil pessoas j\u00e1 registraram boletins de ocorr\u00eancia\u201d, informou o delegado.<\/p>\n<p>Segundo as autoridades, o preso atuava como atendente do grupo, sendo respons\u00e1vel por cooptar novos investidores. Algumas pessoas chegaram a receber valores em dobro, o que alimentava a falsa sensa\u00e7\u00e3o de seguran\u00e7a no esquema.<\/p>\n<p>Al\u00e9m dele, outros oito mandados de pris\u00e3o preventiva foram expedidos pela Justi\u00e7a do Par\u00e1 contra suspeitos de envolvimento no golpe. O grupo poder\u00e1 responder por crimes contra a economia popular, lavagem de dinheiro e associa\u00e7\u00e3o criminosa.<\/p>\n<p>O homem preso segue \u00e0 disposi\u00e7\u00e3o da Justi\u00e7a e deve ser transferido para o Par\u00e1 nos pr\u00f3ximos dias.<\/p>\n","protected":false},"excerpt":{"rendered":"<p>Um homem de 42 anos, natural de Parauapebas (PA), foi preso na tarde desta segunda-feira (14) no bairro Promorar, na Zona Sul de Teresina. A pris\u00e3o foi resultado da segunda fase da Opera\u00e7\u00e3o Pir\u00e2mide de Areia, deflagrada pela Pol\u00edcia Civil do Par\u00e1 com apoio da Pol\u00edcia Civil do Piau\u00ed. De acordo com o diretor da [&hellip;]<\/p>\n","protected":false},"author":2,"featured_media":352032,"comment_status":"closed","ping_status":"closed","sticky":false,"template":"","format":"standard","meta":{"_acf_changed":false,"footnotes":""},"categories":[165],"tags":[],"class_list":["post-352031","post","type-post","status-publish","format-standard","has-post-thumbnail","hentry","category-nordeste"],"acf":[],"_links":{"self":[{"href":"https:\/\/www.notibras.com\/site\/wp-json\/wp\/v2\/posts\/352031","targetHints":{"allow":["GET"]}}],"collection":[{"href":"https:\/\/www.notibras.com\/site\/wp-json\/wp\/v2\/posts"}],"about":[{"href":"https:\/\/www.notibras.com\/site\/wp-json\/wp\/v2\/types\/post"}],"author":[{"embeddable":true,"href":"https:\/\/www.notibras.com\/site\/wp-json\/wp\/v2\/users\/2"}],"replies":[{"embeddable":true,"href":"https:\/\/www.notibras.com\/site\/wp-json\/wp\/v2\/comments?post=352031"}],"version-history":[{"count":1,"href":"https:\/\/www.notibras.com\/site\/wp-json\/wp\/v2\/posts\/352031\/revisions"}],"predecessor-version":[{"id":352033,"href":"https:\/\/www.notibras.com\/site\/wp-json\/wp\/v2\/posts\/352031\/revisions\/352033"}],"wp:featuredmedia":[{"embeddable":true,"href":"https:\/\/www.notibras.com\/site\/wp-json\/wp\/v2\/media\/352032"}],"wp:attachment":[{"href":"https:\/\/www.notibras.com\/site\/wp-json\/wp\/v2\/media?parent=352031"}],"wp:term":[{"taxonomy":"category","embeddable":true,"href":"https:\/\/www.notibras.com\/site\/wp-json\/wp\/v2\/categories?post=352031"},{"taxonomy":"post_tag","embeddable":true,"href":"https:\/\/www.notibras.com\/site\/wp-json\/wp\/v2\/tags?post=352031"}],"curies":[{"name":"wp","href":"https:\/\/api.w.org\/{rel}","templated":true}]}}