{"id":352041,"date":"2025-04-15T07:12:26","date_gmt":"2025-04-15T10:12:26","guid":{"rendered":"https:\/\/www.notibras.com\/site\/?p=352041"},"modified":"2025-04-15T08:13:50","modified_gmt":"2025-04-15T11:13:50","slug":"condominio-jardins-do-lago-da-mais-um-passo-rumo-a-regularizacao","status":"publish","type":"post","link":"https:\/\/www.notibras.com\/site\/condominio-jardins-do-lago-da-mais-um-passo-rumo-a-regularizacao\/","title":{"rendered":"Condom\u00ednio Jardins do Lago d\u00e1 mais um passo rumo \u00e0 regulariza\u00e7\u00e3o"},"content":{"rendered":"<p>O Condom\u00ednio Jardins do Lago, no Jardim Bot\u00e2nico, recebeu a Licen\u00e7a de Opera\u00e7\u00e3o na noite desta segunda-feira (14). O documento, concedido pelo Bras\u00edlia Ambiental, foi assinado pela governadora em exerc\u00edcio Celina Le\u00e3o e representa um importante passo para a regulariza\u00e7\u00e3o do condom\u00ednio. Na pr\u00e1tica, a licen\u00e7a atesta que as exig\u00eancias ambientais foram todas cumpridas. No total, s\u00e3o 160 lotes.<\/p>\n<p>O condom\u00ednio est\u00e1 na Macrozona Urbana do Distrito Federal, de acordo com o Plano Diretor de Ordenamento Territorial do DF (Pdot). A \u00e1rea se encontra dentro da Zona Urbana de Uso Controlado II, que busca equilibrar o desenvolvimento urbano com a preserva\u00e7\u00e3o ambiental, considerando a proximidade com unidades de conserva\u00e7\u00e3o e fontes de abastecimento de \u00e1gua.<\/p>\n<p>A governadora em exerc\u00edcio observa que as exig\u00eancias ambientais s\u00e3o de extrema import\u00e2ncia para a conserva\u00e7\u00e3o, especialmente, de \u00e1reas ambientais sens\u00edveis, caso da regi\u00e3o onde \u00e9 o condom\u00ednio. \u201cA licen\u00e7a ambiental \u00e9 a mais delicada dentro do processo de regulariza\u00e7\u00e3o. Todos os requisitos do Bras\u00edlia Ambiental foram cumpridos e, hoje, damos esse importante passo com muita responsabilidade para a t\u00e3o sonhada regulariza\u00e7\u00e3o\u201d, afirmou Celina.<\/p>\n<p>O presidente do Bras\u00edlia Ambiental, R\u00f4ney Nemer, explica que o condom\u00ednio cumpriu todas as exig\u00eancias que incluem tratamento do esgoto, drenagem pluvial e permeabilidade do solo, entre outros. \u201cEles precisam ter o cuidado da preserva\u00e7\u00e3o, como n\u00e3o adensar ou parcelar os lotes. O acompanhamento \u00e9 constante. O pr\u00f3prio condom\u00ednio demonstrou total interesse na preserva\u00e7\u00e3o ambiental que representa tamb\u00e9m qualidade de vida para os moradores\u201d, disse.<\/p>\n<p>Jos\u00e9 de Souza Braga, presidente da Associa\u00e7\u00e3o de Moradores do Condom\u00ednio Jardins do Lago Quadra 2, afirma que \u00e9 um al\u00edvio para as fam\u00edlias que h\u00e1 d\u00e9cadas lutam para conseguir regularizar suas casas. \u201cSe n\u00e3o est\u00e1 regularizado, a gente n\u00e3o consegue nem fazer financiamento. Seguran\u00e7a jur\u00eddica \u00e9 o que a gente procura e buscamos estar atualizados com as normas\u201d, ressalta.<\/p>\n<p>A licen\u00e7a assegura que as a\u00e7\u00f5es corretivas e preventivas indicadas nos estudos ambientais sejam efetivamente aplicadas, contribuindo para a preserva\u00e7\u00e3o dos recursos naturais, o controle da polui\u00e7\u00e3o e o cumprimento da legisla\u00e7\u00e3o. O documento tamb\u00e9m evita san\u00e7\u00f5es e penalidades, e promove o desenvolvimento sustent\u00e1vel da regi\u00e3o.<\/p>\n","protected":false},"excerpt":{"rendered":"<p>O Condom\u00ednio Jardins do Lago, no Jardim Bot\u00e2nico, recebeu a Licen\u00e7a de Opera\u00e7\u00e3o na noite desta segunda-feira (14). O documento, concedido pelo Bras\u00edlia Ambiental, foi assinado pela governadora em exerc\u00edcio Celina Le\u00e3o e representa um importante passo para a regulariza\u00e7\u00e3o do condom\u00ednio. Na pr\u00e1tica, a licen\u00e7a atesta que as exig\u00eancias ambientais foram todas cumpridas. No [&hellip;]<\/p>\n","protected":false},"author":2,"featured_media":352042,"comment_status":"closed","ping_status":"closed","sticky":false,"template":"","format":"standard","meta":{"_acf_changed":false,"footnotes":""},"categories":[161],"tags":[],"class_list":["post-352041","post","type-post","status-publish","format-standard","has-post-thumbnail","hentry","category-quadradinho-em-foco"],"acf":[],"_links":{"self":[{"href":"https:\/\/www.notibras.com\/site\/wp-json\/wp\/v2\/posts\/352041","targetHints":{"allow":["GET"]}}],"collection":[{"href":"https:\/\/www.notibras.com\/site\/wp-json\/wp\/v2\/posts"}],"about":[{"href":"https:\/\/www.notibras.com\/site\/wp-json\/wp\/v2\/types\/post"}],"author":[{"embeddable":true,"href":"https:\/\/www.notibras.com\/site\/wp-json\/wp\/v2\/users\/2"}],"replies":[{"embeddable":true,"href":"https:\/\/www.notibras.com\/site\/wp-json\/wp\/v2\/comments?post=352041"}],"version-history":[{"count":1,"href":"https:\/\/www.notibras.com\/site\/wp-json\/wp\/v2\/posts\/352041\/revisions"}],"predecessor-version":[{"id":352043,"href":"https:\/\/www.notibras.com\/site\/wp-json\/wp\/v2\/posts\/352041\/revisions\/352043"}],"wp:featuredmedia":[{"embeddable":true,"href":"https:\/\/www.notibras.com\/site\/wp-json\/wp\/v2\/media\/352042"}],"wp:attachment":[{"href":"https:\/\/www.notibras.com\/site\/wp-json\/wp\/v2\/media?parent=352041"}],"wp:term":[{"taxonomy":"category","embeddable":true,"href":"https:\/\/www.notibras.com\/site\/wp-json\/wp\/v2\/categories?post=352041"},{"taxonomy":"post_tag","embeddable":true,"href":"https:\/\/www.notibras.com\/site\/wp-json\/wp\/v2\/tags?post=352041"}],"curies":[{"name":"wp","href":"https:\/\/api.w.org\/{rel}","templated":true}]}}