{"id":352044,"date":"2025-04-15T00:24:14","date_gmt":"2025-04-15T03:24:14","guid":{"rendered":"https:\/\/www.notibras.com\/site\/?p=352044"},"modified":"2025-04-15T08:26:33","modified_gmt":"2025-04-15T11:26:33","slug":"troca-da-bandeira-fara-parte-das-festividades-do-aniversario","status":"publish","type":"post","link":"https:\/\/www.notibras.com\/site\/troca-da-bandeira-fara-parte-das-festividades-do-aniversario\/","title":{"rendered":"Troca da Bandeira far\u00e1 parte das festividades do anivers\u00e1rio"},"content":{"rendered":"<p>No pr\u00f3ximo domingo (20), haver\u00e1 a tradicional solenidade da Troca da Bandeira, a partir das 9h30, na Pra\u00e7a dos Tr\u00eas Poderes. Conhecida como Bandeir\u00e3o, a cerim\u00f4nia ocorre tradicionalmente no primeiro domingo de cada m\u00eas, mas foi excepcionalmente transferida para 20 de abril para compor as celebra\u00e7\u00f5es do anivers\u00e1rio de 65 de Bras\u00edlia.<\/p>\n<p>Coordenada pela Casa Militar do Distrito Federal, a solenidade ser\u00e1 executada pela Pol\u00edcia Militar e pelo Corpo de Bombeiros. Ao longo do ano, as for\u00e7as de seguran\u00e7a do Distrito Federal e as For\u00e7as Armadas se revezam na organiza\u00e7\u00e3o da solenidade.<\/p>\n<p>A Bandeira Nacional, hasteada em um mastro de 110 metros de altura, \u00e9 substitu\u00edda mensalmente devido ao desgaste causado pelo sol e pelo vento. Institu\u00edda pela Lei Federal n\u00ba 5.700, de 1\u00ba de setembro de 1971, a Troca da Bandeira \u00e9 um momento c\u00edvico de grande import\u00e2ncia.<\/p>\n<p>A popula\u00e7\u00e3o est\u00e1 convidada a prestigiar o evento e celebrar o simbolismo da Bandeira Nacional em um dos locais mais emblem\u00e1ticos de Bras\u00edlia.<\/p>\n","protected":false},"excerpt":{"rendered":"<p>No pr\u00f3ximo domingo (20), haver\u00e1 a tradicional solenidade da Troca da Bandeira, a partir das 9h30, na Pra\u00e7a dos Tr\u00eas Poderes. Conhecida como Bandeir\u00e3o, a cerim\u00f4nia ocorre tradicionalmente no primeiro domingo de cada m\u00eas, mas foi excepcionalmente transferida para 20 de abril para compor as celebra\u00e7\u00f5es do anivers\u00e1rio de 65 de Bras\u00edlia. Coordenada pela Casa [&hellip;]<\/p>\n","protected":false},"author":2,"featured_media":352045,"comment_status":"closed","ping_status":"closed","sticky":false,"template":"","format":"standard","meta":{"_acf_changed":false,"footnotes":""},"categories":[161],"tags":[],"class_list":["post-352044","post","type-post","status-publish","format-standard","has-post-thumbnail","hentry","category-quadradinho-em-foco"],"acf":[],"_links":{"self":[{"href":"https:\/\/www.notibras.com\/site\/wp-json\/wp\/v2\/posts\/352044","targetHints":{"allow":["GET"]}}],"collection":[{"href":"https:\/\/www.notibras.com\/site\/wp-json\/wp\/v2\/posts"}],"about":[{"href":"https:\/\/www.notibras.com\/site\/wp-json\/wp\/v2\/types\/post"}],"author":[{"embeddable":true,"href":"https:\/\/www.notibras.com\/site\/wp-json\/wp\/v2\/users\/2"}],"replies":[{"embeddable":true,"href":"https:\/\/www.notibras.com\/site\/wp-json\/wp\/v2\/comments?post=352044"}],"version-history":[{"count":1,"href":"https:\/\/www.notibras.com\/site\/wp-json\/wp\/v2\/posts\/352044\/revisions"}],"predecessor-version":[{"id":352046,"href":"https:\/\/www.notibras.com\/site\/wp-json\/wp\/v2\/posts\/352044\/revisions\/352046"}],"wp:featuredmedia":[{"embeddable":true,"href":"https:\/\/www.notibras.com\/site\/wp-json\/wp\/v2\/media\/352045"}],"wp:attachment":[{"href":"https:\/\/www.notibras.com\/site\/wp-json\/wp\/v2\/media?parent=352044"}],"wp:term":[{"taxonomy":"category","embeddable":true,"href":"https:\/\/www.notibras.com\/site\/wp-json\/wp\/v2\/categories?post=352044"},{"taxonomy":"post_tag","embeddable":true,"href":"https:\/\/www.notibras.com\/site\/wp-json\/wp\/v2\/tags?post=352044"}],"curies":[{"name":"wp","href":"https:\/\/api.w.org\/{rel}","templated":true}]}}