{"id":352057,"date":"2025-04-16T07:05:57","date_gmt":"2025-04-16T10:05:57","guid":{"rendered":"https:\/\/www.notibras.com\/site\/?p=352057"},"modified":"2025-04-16T07:05:57","modified_gmt":"2025-04-16T10:05:57","slug":"veranico-cria-nova-alta-estacao-no-nordeste-em-plena-semana-santa","status":"publish","type":"post","link":"https:\/\/www.notibras.com\/site\/veranico-cria-nova-alta-estacao-no-nordeste-em-plena-semana-santa\/","title":{"rendered":"Veranico cria nova alta esta\u00e7\u00e3o no Nordeste em plena semana santa"},"content":{"rendered":"<p>N\u00e3o era para ser assim. Abril no litoral nordestino costuma vir tingido de nuvens, com um c\u00e9u cinza-chumbo que despeja chuvas persistentes, daquelas que parecem querer lavar at\u00e9 a alma dos moradores. As previs\u00f5es meteorol\u00f3gicas alertavam: o fen\u00f4meno El Ni\u00f1o poderia tornar o per\u00edodo ainda mais chuvoso do que o normal. Mas neste ano, contrariando mapas, sat\u00e9lites e hist\u00f3ricos climatol\u00f3gicos, o c\u00e9u resolveu dar uma tr\u00e9gua. Como se atendesse a um pedido silencioso feito entre um trov\u00e3o e outro, ele abriu um sorriso azul, desfez as nuvens e deixou o sol reinar de novo.<\/p>\n<p>Com a pausa inesperada das chuvas, o litoral vestiu-se de ver\u00e3o fora de \u00e9poca. A areia voltou a esquentar os p\u00e9s, os guarda-s\u00f3is floresceram nas praias como flores de cores vivas, e o mar, agora mais calmo, convida a mergulhos demorados. \u00c9 como se uma segunda alta temporada tivesse sido inaugurada \u00e0s pressas, uma edi\u00e7\u00e3o extraordin\u00e1ria do ver\u00e3o, com direito a c\u00e9u limpo, brisa morna e p\u00f4r do sol dourado.<\/p>\n<p>Coincid\u00eancia \u2014 ou presente bem calculado \u2014 foi isso acontecer justo na Semana Santa. A combina\u00e7\u00e3o entre o feriad\u00e3o prolongado e o tempo bom fez os hot\u00e9is lotarem, os quiosques renascerem das calmarias e o com\u00e9rcio local respirar aliviado. Turistas chegam de toda parte: fam\u00edlias de carro pela BR, mochileiros com celulares em modo selfie e casais fugindo do concreto das cidades grandes. As praias de Pernambuco, Alagoas, Para\u00edba e Rio Grande do Norte ganharam vida \u2014 uma vida cheia de cor, de movimento e de cheiro de protetor solar.<\/p>\n<p>Comerciantes sorriem com o movimento, crian\u00e7as correm entre castelos de areia, vendedores ambulantes voltaram a cantar seus preg\u00f5es e o vento, mesmo fora de \u00e9poca, parece soprar promessas de renova\u00e7\u00e3o. Restaurantes estendem seus hor\u00e1rios, barracas de tapioca e \u00e1gua de coco n\u00e3o d\u00e3o conta da demanda. \u00c9 como se o litoral nordestino tivesse sido rebatizado, por alguns dias, de &#8220;novo ver\u00e3o&#8221;.<\/p>\n<p>As chuvas, sempre donas da agenda nesta \u00e9poca, foram colocadas em espera. Em troca, ganhamos esse breve intervalo de luz. Uma pausa que trouxe calor, gente na rua, lembran\u00e7as sendo feitas e um clima de recome\u00e7o. Talvez seja s\u00f3 sorte clim\u00e1tica. Talvez um aviso de que at\u00e9 o tempo sabe surpreender. Mas, no fim das contas, h\u00e1 mais do que um feriado de sol. \u00c9\u00a0 um respiro para o corpo, para a economia e para a alma.<\/p>\n","protected":false},"excerpt":{"rendered":"<p>N\u00e3o era para ser assim. Abril no litoral nordestino costuma vir tingido de nuvens, com um c\u00e9u cinza-chumbo que despeja chuvas persistentes, daquelas que parecem querer lavar at\u00e9 a alma dos moradores. As previs\u00f5es meteorol\u00f3gicas alertavam: o fen\u00f4meno El Ni\u00f1o poderia tornar o per\u00edodo ainda mais chuvoso do que o normal. Mas neste ano, contrariando [&hellip;]<\/p>\n","protected":false},"author":2,"featured_media":352058,"comment_status":"closed","ping_status":"closed","sticky":false,"template":"","format":"standard","meta":{"_acf_changed":false,"footnotes":""},"categories":[165],"tags":[95],"class_list":["post-352057","post","type-post","status-publish","format-standard","has-post-thumbnail","hentry","category-nordeste","tag-capa"],"acf":[],"_links":{"self":[{"href":"https:\/\/www.notibras.com\/site\/wp-json\/wp\/v2\/posts\/352057","targetHints":{"allow":["GET"]}}],"collection":[{"href":"https:\/\/www.notibras.com\/site\/wp-json\/wp\/v2\/posts"}],"about":[{"href":"https:\/\/www.notibras.com\/site\/wp-json\/wp\/v2\/types\/post"}],"author":[{"embeddable":true,"href":"https:\/\/www.notibras.com\/site\/wp-json\/wp\/v2\/users\/2"}],"replies":[{"embeddable":true,"href":"https:\/\/www.notibras.com\/site\/wp-json\/wp\/v2\/comments?post=352057"}],"version-history":[{"count":1,"href":"https:\/\/www.notibras.com\/site\/wp-json\/wp\/v2\/posts\/352057\/revisions"}],"predecessor-version":[{"id":352059,"href":"https:\/\/www.notibras.com\/site\/wp-json\/wp\/v2\/posts\/352057\/revisions\/352059"}],"wp:featuredmedia":[{"embeddable":true,"href":"https:\/\/www.notibras.com\/site\/wp-json\/wp\/v2\/media\/352058"}],"wp:attachment":[{"href":"https:\/\/www.notibras.com\/site\/wp-json\/wp\/v2\/media?parent=352057"}],"wp:term":[{"taxonomy":"category","embeddable":true,"href":"https:\/\/www.notibras.com\/site\/wp-json\/wp\/v2\/categories?post=352057"},{"taxonomy":"post_tag","embeddable":true,"href":"https:\/\/www.notibras.com\/site\/wp-json\/wp\/v2\/tags?post=352057"}],"curies":[{"name":"wp","href":"https:\/\/api.w.org\/{rel}","templated":true}]}}